{"id":98530,"date":"2026-04-07T22:40:32","date_gmt":"2026-04-08T01:40:32","guid":{"rendered":"https:\/\/vocesparalelas.com.ar\/sitio\/?p=98530"},"modified":"2026-04-07T22:40:32","modified_gmt":"2026-04-08T01:40:32","slug":"feria-agroproductiva-en-san-juan-17","status":"publish","type":"post","link":"https:\/\/vocesparalelas.com.ar\/sitio\/feria-agroproductiva-en-san-juan-17\/","title":{"rendered":"Feria Agroproductiva en San Juan"},"content":{"rendered":"<p>El Mi\u00e9rcoles, 8 de Abril, de 9:30 a 13:30 horas, la Feria Agroproductiva de San Juan desarrolla una nueva edici\u00f3n en la Plaza Seca del Centro C\u00edvico.<\/p>\n<p>Durante la jornada, los visitantes pueden acceder a una amplia variedad de productos de excelente calidad, elaborados directamente por sus propios productores. Esta modalidad garantiza frescura, identidad local y un importante valor agregado, fortaleciendo la producci\u00f3n regional.<\/p>\n<p>Asimismo, la feria ofrece un ambiente especialmente preparado para la ocasi\u00f3n, con propuestas ideales para compartir y disfrutar en comunidad. Este espacio no solo promueve el consumo de productos locales, sino que tambi\u00e9n fortalece el v\u00ednculo directo entre productores y consumidores.<\/p>\n<p>La Feria Agroproductiva contin\u00faa consolid\u00e1ndose como un punto de encuentro clave para el desarrollo de la econom\u00eda local, impulsando el trabajo de emprendedores y productores sanjuaninos.<\/p>\n<p>&nbsp;<\/p>\n<p><img loading=\"lazy\" decoding=\"async\" class=\"alignnone size-full wp-image-65642\" src=\"https:\/\/vocesparalelas.com.ar\/sitio\/wp-content\/uploads\/2023\/11\/GOBIERNO-SAN-JUAN.jpg\" alt=\"\" width=\"800\" height=\"600\" srcset=\"https:\/\/vocesparalelas.com.ar\/sitio\/wp-content\/uploads\/2023\/11\/GOBIERNO-SAN-JUAN.jpg 800w, https:\/\/vocesparalelas.com.ar\/sitio\/wp-content\/uploads\/2023\/11\/GOBIERNO-SAN-JUAN-300x225.jpg 300w, https:\/\/vocesparalelas.com.ar\/sitio\/wp-content\/uploads\/2023\/11\/GOBIERNO-SAN-JUAN-768x576.jpg 768w\" sizes=\"auto, (max-width: 800px) 100vw, 800px\" \/><\/p>\n","protected":false},"excerpt":{"rendered":"<p>El Mi\u00e9rcoles, 8 de Abril, de 9:30 a 13:30 horas, la Feria Agroproductiva de San Juan desarrolla una nueva edici\u00f3n<\/p>\n","protected":false},"author":3,"featured_media":89625,"comment_status":"closed","ping_status":"closed","sticky":false,"template":"","format":"standard","meta":{"_acf_changed":false,"_seopress_robots_primary_cat":"none","_seopress_titles_title":"","_seopress_titles_desc":"","_seopress_robots_index":"","colormag_page_container_layout":"default_layout","colormag_page_sidebar_layout":"default_layout","footnotes":""},"categories":[1],"tags":[],"class_list":["post-98530","post","type-post","status-publish","format-standard","has-post-thumbnail","hentry","category-destacadas"],"acf":[],"_links":{"self":[{"href":"https:\/\/vocesparalelas.com.ar\/sitio\/wp-json\/wp\/v2\/posts\/98530","targetHints":{"allow":["GET"]}}],"collection":[{"href":"https:\/\/vocesparalelas.com.ar\/sitio\/wp-json\/wp\/v2\/posts"}],"about":[{"href":"https:\/\/vocesparalelas.com.ar\/sitio\/wp-json\/wp\/v2\/types\/post"}],"author":[{"embeddable":true,"href":"https:\/\/vocesparalelas.com.ar\/sitio\/wp-json\/wp\/v2\/users\/3"}],"replies":[{"embeddable":true,"href":"https:\/\/vocesparalelas.com.ar\/sitio\/wp-json\/wp\/v2\/comments?post=98530"}],"version-history":[{"count":1,"href":"https:\/\/vocesparalelas.com.ar\/sitio\/wp-json\/wp\/v2\/posts\/98530\/revisions"}],"predecessor-version":[{"id":98533,"href":"https:\/\/vocesparalelas.com.ar\/sitio\/wp-json\/wp\/v2\/posts\/98530\/revisions\/98533"}],"wp:featuredmedia":[{"embeddable":true,"href":"https:\/\/vocesparalelas.com.ar\/sitio\/wp-json\/wp\/v2\/media\/89625"}],"wp:attachment":[{"href":"https:\/\/vocesparalelas.com.ar\/sitio\/wp-json\/wp\/v2\/media?parent=98530"}],"wp:term":[{"taxonomy":"category","embeddable":true,"href":"https:\/\/vocesparalelas.com.ar\/sitio\/wp-json\/wp\/v2\/categories?post=98530"},{"taxonomy":"post_tag","embeddable":true,"href":"https:\/\/vocesparalelas.com.ar\/sitio\/wp-json\/wp\/v2\/tags?post=98530"}],"curies":[{"name":"wp","href":"https:\/\/api.w.org\/{rel}","templated":true}]}}