{"id":98526,"date":"2026-04-07T23:08:34","date_gmt":"2026-04-08T02:08:34","guid":{"rendered":"https:\/\/vocesparalelas.com.ar\/sitio\/?p=98526"},"modified":"2026-04-08T23:14:27","modified_gmt":"2026-04-09T02:14:27","slug":"programacion-abril-2026-del-teatro-sarmiento-de-san-juan","status":"publish","type":"post","link":"https:\/\/vocesparalelas.com.ar\/sitio\/programacion-abril-2026-del-teatro-sarmiento-de-san-juan\/","title":{"rendered":"Programaci\u00f3n \u00abAbril 2026\u00bb del Teatro Sarmiento de San Juan"},"content":{"rendered":"<p>El\u00a0<span class=\"whitespace-normal\">Teatro Sarmiento<\/span> del Ministerio de Turismo, Cultura y Deporte\u00a0del Gobierno de San Juan informa la\u00a0 con una variada propuesta que incluye recitales, danza, espect\u00e1culos infantiles y homenajes a grandes figuras de la m\u00fasica. La grilla re\u00fane artistas consagrados y propuestas innovadoras que prometen convocar a distintos p\u00fablicos.<\/p>\n<p data-start=\"431\" data-end=\"756\"><strong><span style=\"color: #ff6600;\">Cronograma<\/span><\/strong><\/p>\n<ul>\n<li data-start=\"431\" data-end=\"756\">Jueves, 9 de Abril, a las 22 hs., con la presentaci\u00f3n de <span class=\"whitespace-normal\">Zoe Gotusso<\/span>, quien llega con su nuevo \u00e1lbum\u00a0<em data-start=\"555\" data-end=\"567\">\u201cDetalles\u201d<\/em>. El show, previsto para las 22, recorrer\u00e1 distintas etapas de su carrera y marcar\u00e1 una nueva fase art\u00edstica de la cantante, considerada una de las voces m\u00e1s destacadas de la escena actual.<\/li>\n<li data-start=\"758\" data-end=\"990\">S\u00e1bado, 11 de Abril, a las hs.,ser\u00e1 el turno de \u201cAmor a Mores\u201d, un espect\u00e1culo dedicado a la obra de\u00a0<span class=\"whitespace-normal\">Mariano Mores<\/span>, que revive cl\u00e1sicos del tango como\u00a0<em data-start=\"915\" data-end=\"920\">Uno<\/em>\u00a0y\u00a0<em data-start=\"923\" data-end=\"940\">Taquito Militar<\/em>\u00a0en una puesta que combina m\u00fasica en vivo y danza.<\/li>\n<li data-start=\"992\" data-end=\"1234\">Domingo 12 de Abril, el bailar\u00edn <span class=\"whitespace-normal\">Hern\u00e1n Piqu\u00edn<\/span>\u00a0presentar\u00e1 una propuesta inspirada en la m\u00fasica de\u00a0<span class=\"whitespace-normal\">Soda Stereo<\/span>, fusionando danza, narrativa y emoci\u00f3n en una historia de amor atravesada por la m\u00fasica.<\/li>\n<li data-start=\"992\" data-end=\"1234\">Jueves, 16 de Abril,\u00a0 llega \u201cExperiencia Queen\u201d, un recorrido por los grandes \u00e9xitos de\u00a0<span class=\"whitespace-normal\">Queen<\/span><\/li>\n<li data-start=\"992\" data-end=\"1234\">Viernes, 17 de Abril,\u00a0 se presenta <span class=\"whitespace-normal\">Mart\u00edn Masiello<\/span> con un show de nivel internacional.<\/li>\n<li data-start=\"992\" data-end=\"1234\">S\u00e1bado, 18 de Abril, el humor y la m\u00fasica se combinan en \u201cMil Vidas\u201d, el unipersonal de <span class=\"whitespace-normal\">Ale Segovia<\/span>.<\/li>\n<li data-start=\"992\" data-end=\"1234\">Martes. 21 de Abril, con <span class=\"whitespace-normal\">Los Abuelos de la Nada<\/span>, que repasar\u00e1 cl\u00e1sicos del rock nacional<\/li>\n<li data-start=\"992\" data-end=\"1234\">Mi\u00e9rcoles, 22 de Abril, con el ballet \u201cEl Lago de los Cisnes\u201d, interpretado por el <span class=\"whitespace-normal\">Moscow State Ballet<\/span>.<\/li>\n<li data-start=\"992\" data-end=\"1234\">La trilog\u00eda de funciones de \u201cMujeres Audaces\u201d, el 24; 25 y 26 de Abril, una obra de danza-teatro con m\u00e1s de 30 artistas en escena que propone una mirada intensa sobre el rol de la mujer en la historia. Entradas disponibles por Boleter\u00eda del Teatro o al 2644755994<\/li>\n<li data-start=\"992\" data-end=\"1234\">Lunes 27 de Abril, se presenta \u201cSobredosis de Soda\u201d, homenaje a <span class=\"whitespace-normal\">Soda Stereo<\/span><\/li>\n<li data-start=\"992\" data-end=\"1234\">Mi\u00e9rcoles, 29de Abril, <span class=\"whitespace-normal\">Le\u00f3n Gieco<\/span>\u00a0con un show cargado de compromiso social<\/li>\n<li data-start=\"992\" data-end=\"1234\">Jueves, 30 de Abril, el d\u00fao conformado por <span class=\"whitespace-normal\">Kevin Johansen<\/span>\u00a0y\u00a0<span class=\"whitespace-normal\">Liniers<\/span>, quienes combinan m\u00fasica e ilustraci\u00f3n en vivo.<\/li>\n<\/ul>\n<p data-start=\"2640\" data-end=\"2816\">Las entradas para los distintos espect\u00e1culos ya se encuentran disponibles a trav\u00e9s de plataformas digitales <a href=\"http:\/\/entradaweb.com\">http:\/\/entradaweb.com<\/a>, salvo para Experiencia Queen y El Lago de los Cisnes, que se encuentran en tuentrada.com. Tambi\u00e9n se pueden conseguir en la boleter\u00eda del Teatro o v\u00eda web a trav\u00e9s del siguiente link<\/p>\n<p data-start=\"2640\" data-end=\"2816\"><a href=\"https:\/\/linktr.ee\/teatrosarmiento?utm_source=ig&amp;utm_medium=social&amp;utm_content=link_in_bio&amp;fbclid=PAZXh0bgNhZW0CMTEAc3J0YwZhcHBfaWQMMjU2MjgxMDQwNTU4AAGn-IzmTtbRBSUd_zXJ8O9ok6nzmVnqQR7ewMTOCYfa-Dk0c8aSNbejoqU6id4_aem_VfauYlVCChs1t_Q_dgkxGQ\">https:\/\/linktr.ee\/teatrosarmiento?utm_source=ig&amp;utm_medium=social&amp;utm_content=link_in_bio&amp;fbclid=PAZXh0bgNhZW0CMTEAc3J0YwZhcHBfaWQMMjU2MjgxMDQwNTU4AAGn-IzmTtbRBSUd_zXJ8O9ok6nzmVnqQR7ewMTOCYfa-Dk0c8aSNbejoqU6id4_aem_VfauYlVCChs1t_Q_dgkxGQ<\/a><\/p>\n<p data-start=\"2818\" data-end=\"3035\" data-is-last-node=\"\" data-is-only-node=\"\">De esta manera, con una programaci\u00f3n diversa y de alto nivel art\u00edstico, el Teatro Sarmiento se consolida como uno de los principales espacios culturales de la provincia, ofreciendo propuestas para todos los gustos a lo largo del mes.<\/p>\n<p>Para seguir todas las actividades del Teatro Sarmiento, los interesados pueden seguir el\u00a0canal de WhatsApp.<\/p>\n<p><a href=\"https:\/\/whatsapp.com\/channel\/0029Vacktd3KbYMN03tL260i\">https:\/\/whatsapp.com\/channel\/0029Vacktd3KbYMN03tL260i<\/a><\/p>\n<p>&nbsp;<\/p>\n<p><img loading=\"lazy\" decoding=\"async\" class=\"alignnone size-full wp-image-86394\" src=\"https:\/\/vocesparalelas.com.ar\/sitio\/wp-content\/uploads\/2025\/05\/TEATRO-SARMIENTO-SIMBOLO.jpg\" alt=\"\" width=\"800\" height=\"455\" srcset=\"https:\/\/vocesparalelas.com.ar\/sitio\/wp-content\/uploads\/2025\/05\/TEATRO-SARMIENTO-SIMBOLO.jpg 800w, https:\/\/vocesparalelas.com.ar\/sitio\/wp-content\/uploads\/2025\/05\/TEATRO-SARMIENTO-SIMBOLO-300x171.jpg 300w, https:\/\/vocesparalelas.com.ar\/sitio\/wp-content\/uploads\/2025\/05\/TEATRO-SARMIENTO-SIMBOLO-768x437.jpg 768w\" sizes=\"auto, (max-width: 800px) 100vw, 800px\" \/><\/p>\n","protected":false},"excerpt":{"rendered":"<p>El\u00a0Teatro Sarmiento del Ministerio de Turismo, Cultura y Deporte\u00a0del Gobierno de San Juan informa la\u00a0 con una variada propuesta que<\/p>\n","protected":false},"author":3,"featured_media":86392,"comment_status":"closed","ping_status":"closed","sticky":false,"template":"","format":"standard","meta":{"_acf_changed":false,"_seopress_robots_primary_cat":"none","_seopress_titles_title":"","_seopress_titles_desc":"","_seopress_robots_index":"","colormag_page_container_layout":"default_layout","colormag_page_sidebar_layout":"default_layout","footnotes":""},"categories":[6],"tags":[],"class_list":["post-98526","post","type-post","status-publish","format-standard","has-post-thumbnail","hentry","category-eventos"],"acf":[],"_links":{"self":[{"href":"https:\/\/vocesparalelas.com.ar\/sitio\/wp-json\/wp\/v2\/posts\/98526","targetHints":{"allow":["GET"]}}],"collection":[{"href":"https:\/\/vocesparalelas.com.ar\/sitio\/wp-json\/wp\/v2\/posts"}],"about":[{"href":"https:\/\/vocesparalelas.com.ar\/sitio\/wp-json\/wp\/v2\/types\/post"}],"author":[{"embeddable":true,"href":"https:\/\/vocesparalelas.com.ar\/sitio\/wp-json\/wp\/v2\/users\/3"}],"replies":[{"embeddable":true,"href":"https:\/\/vocesparalelas.com.ar\/sitio\/wp-json\/wp\/v2\/comments?post=98526"}],"version-history":[{"count":1,"href":"https:\/\/vocesparalelas.com.ar\/sitio\/wp-json\/wp\/v2\/posts\/98526\/revisions"}],"predecessor-version":[{"id":98534,"href":"https:\/\/vocesparalelas.com.ar\/sitio\/wp-json\/wp\/v2\/posts\/98526\/revisions\/98534"}],"wp:featuredmedia":[{"embeddable":true,"href":"https:\/\/vocesparalelas.com.ar\/sitio\/wp-json\/wp\/v2\/media\/86392"}],"wp:attachment":[{"href":"https:\/\/vocesparalelas.com.ar\/sitio\/wp-json\/wp\/v2\/media?parent=98526"}],"wp:term":[{"taxonomy":"category","embeddable":true,"href":"https:\/\/vocesparalelas.com.ar\/sitio\/wp-json\/wp\/v2\/categories?post=98526"},{"taxonomy":"post_tag","embeddable":true,"href":"https:\/\/vocesparalelas.com.ar\/sitio\/wp-json\/wp\/v2\/tags?post=98526"}],"curies":[{"name":"wp","href":"https:\/\/api.w.org\/{rel}","templated":true}]}}