{"id":98489,"date":"2026-04-06T23:16:03","date_gmt":"2026-04-07T02:16:03","guid":{"rendered":"https:\/\/vocesparalelas.com.ar\/sitio\/?p=98489"},"modified":"2026-04-06T23:17:07","modified_gmt":"2026-04-07T02:17:07","slug":"ascenso-a-sierras-azules-para-esperar-la-misa-de-pascua-en-san-juan","status":"publish","type":"post","link":"https:\/\/vocesparalelas.com.ar\/sitio\/ascenso-a-sierras-azules-para-esperar-la-misa-de-pascua-en-san-juan\/","title":{"rendered":"Ascenso a Sierras Azules para esperar la Misa de Pascua en San Juan"},"content":{"rendered":"<p>El vicegobernador de San Juan, Dr. Fabi\u00e1n Mart\u00edn particip\u00f3, junto a cientos de fieles, del tradicional ascenso a Sierras Azules y de la celebraci\u00f3n de la Misa de Pascua, desarrollados durante la noche del S\u00e1bado y las primeras horas del Domingo, 5 de Abril.<\/p>\n<p>Desde temprano, una gran cantidad de personas se concentr\u00f3 en la zona para iniciar el ascenso en un entorno natural caracter\u00edstico. La propuesta, ya consolidada como una manifestaci\u00f3n de fe en la comunidad, volvi\u00f3 a convocar a familias, grupos de amigos y peregrinos que compartieron esta experiencia con profundo sentido espiritual.<\/p>\n<p>El recorrido se llev\u00f3 a cabo durante la noche del S\u00e1bado, acompa\u00f1ado por cantos y espacios de reflexi\u00f3n, hasta arribar a la cima, donde se celebr\u00f3 la misa central en las primeras horas del Domingo de Pascua. El momento estuvo marcado por el recogimiento, la espiritualidad y el encuentro entre los presentes.<\/p>\n<p>Durante la actividad, los peregrinos contaron con el acompa\u00f1amiento de distintos organismos, entre ellos efectivos de la Polic\u00eda de San Juan, Gendarmer\u00eda Nacional, Cruz Roja, Defensa Civil y equipos de las \u00e1reas de salud y ambiente, quienes brindaron asistencia, hidrataci\u00f3n y controles para garantizar el normal desarrollo de la jornada.<\/p>\n<p><img loading=\"lazy\" decoding=\"async\" class=\"alignnone size-full wp-image-85053\" src=\"https:\/\/vocesparalelas.com.ar\/sitio\/wp-content\/uploads\/2025\/04\/SIERRA-AZULES.jpg\" alt=\"\" width=\"800\" height=\"450\" srcset=\"https:\/\/vocesparalelas.com.ar\/sitio\/wp-content\/uploads\/2025\/04\/SIERRA-AZULES.jpg 800w, https:\/\/vocesparalelas.com.ar\/sitio\/wp-content\/uploads\/2025\/04\/SIERRA-AZULES-300x169.jpg 300w, https:\/\/vocesparalelas.com.ar\/sitio\/wp-content\/uploads\/2025\/04\/SIERRA-AZULES-768x432.jpg 768w\" sizes=\"auto, (max-width: 800px) 100vw, 800px\" \/><\/p>\n","protected":false},"excerpt":{"rendered":"<p>El vicegobernador de San Juan, Dr. Fabi\u00e1n Mart\u00edn particip\u00f3, junto a cientos de fieles, del tradicional ascenso a Sierras Azules<\/p>\n","protected":false},"author":3,"featured_media":98492,"comment_status":"closed","ping_status":"closed","sticky":false,"template":"","format":"standard","meta":{"_acf_changed":false,"_seopress_robots_primary_cat":"none","_seopress_titles_title":"","_seopress_titles_desc":"","_seopress_robots_index":"","colormag_page_container_layout":"default_layout","colormag_page_sidebar_layout":"default_layout","footnotes":""},"categories":[1],"tags":[],"class_list":["post-98489","post","type-post","status-publish","format-standard","has-post-thumbnail","hentry","category-destacadas"],"acf":[],"_links":{"self":[{"href":"https:\/\/vocesparalelas.com.ar\/sitio\/wp-json\/wp\/v2\/posts\/98489","targetHints":{"allow":["GET"]}}],"collection":[{"href":"https:\/\/vocesparalelas.com.ar\/sitio\/wp-json\/wp\/v2\/posts"}],"about":[{"href":"https:\/\/vocesparalelas.com.ar\/sitio\/wp-json\/wp\/v2\/types\/post"}],"author":[{"embeddable":true,"href":"https:\/\/vocesparalelas.com.ar\/sitio\/wp-json\/wp\/v2\/users\/3"}],"replies":[{"embeddable":true,"href":"https:\/\/vocesparalelas.com.ar\/sitio\/wp-json\/wp\/v2\/comments?post=98489"}],"version-history":[{"count":1,"href":"https:\/\/vocesparalelas.com.ar\/sitio\/wp-json\/wp\/v2\/posts\/98489\/revisions"}],"predecessor-version":[{"id":98493,"href":"https:\/\/vocesparalelas.com.ar\/sitio\/wp-json\/wp\/v2\/posts\/98489\/revisions\/98493"}],"wp:featuredmedia":[{"embeddable":true,"href":"https:\/\/vocesparalelas.com.ar\/sitio\/wp-json\/wp\/v2\/media\/98492"}],"wp:attachment":[{"href":"https:\/\/vocesparalelas.com.ar\/sitio\/wp-json\/wp\/v2\/media?parent=98489"}],"wp:term":[{"taxonomy":"category","embeddable":true,"href":"https:\/\/vocesparalelas.com.ar\/sitio\/wp-json\/wp\/v2\/categories?post=98489"},{"taxonomy":"post_tag","embeddable":true,"href":"https:\/\/vocesparalelas.com.ar\/sitio\/wp-json\/wp\/v2\/tags?post=98489"}],"curies":[{"name":"wp","href":"https:\/\/api.w.org\/{rel}","templated":true}]}}