{"id":98465,"date":"2026-04-06T21:49:07","date_gmt":"2026-04-07T00:49:07","guid":{"rendered":"https:\/\/vocesparalelas.com.ar\/sitio\/?p=98465"},"modified":"2026-04-07T22:04:08","modified_gmt":"2026-04-08T01:04:08","slug":"inicio-de-acciones-civiles-por-danos-y-perjuicios-al-periodista-tomas-mendez-contra-el-gobernador-de-san-juan-dr-marcelo-orrego","status":"publish","type":"post","link":"https:\/\/vocesparalelas.com.ar\/sitio\/inicio-de-acciones-civiles-por-danos-y-perjuicios-al-periodista-tomas-mendez-contra-el-gobernador-de-san-juan-dr-marcelo-orrego\/","title":{"rendered":"Inicio de acciones civiles por da\u00f1os y perjuicios al Periodista Tom\u00e1s M\u00e9ndez contra el gobernador de San Juan, Dr. Marcelo Orrego"},"content":{"rendered":"<p>El gobernador de San Juan, Dr. Marcelo Orrego, inicia acciones civiles por da\u00f1os y perjuicios a ra\u00edz de acusaciones difundidas en el programa \u201cTelenueve Denuncia\u201d, Provincia de Buenos Aires, que considera falsas, injuriantes y sin sustento verificable.<\/p>\n<figure id=\"attachment_98468\" aria-describedby=\"caption-attachment-98468\" style=\"width: 800px\" class=\"wp-caption alignnone\"><img loading=\"lazy\" decoding=\"async\" class=\"size-full wp-image-98468\" src=\"https:\/\/vocesparalelas.com.ar\/sitio\/wp-content\/uploads\/2026\/04\/periodista-Tomas-Mendez.jpg\" alt=\"\" width=\"800\" height=\"467\" srcset=\"https:\/\/vocesparalelas.com.ar\/sitio\/wp-content\/uploads\/2026\/04\/periodista-Tomas-Mendez.jpg 800w, https:\/\/vocesparalelas.com.ar\/sitio\/wp-content\/uploads\/2026\/04\/periodista-Tomas-Mendez-300x175.jpg 300w, https:\/\/vocesparalelas.com.ar\/sitio\/wp-content\/uploads\/2026\/04\/periodista-Tomas-Mendez-768x448.jpg 768w\" sizes=\"auto, (max-width: 800px) 100vw, 800px\" \/><figcaption id=\"caption-attachment-98468\" class=\"wp-caption-text\">Periodista Tom\u00e1s M\u00e9ndez<\/figcaption><\/figure>\n<p>En ese marco, envi\u00f3 cartas documento al periodista Tom\u00e1s M\u00e9ndez, a la productora Telearte y al Grupo Octubre, intim\u00e1ndolos a rectificarse p\u00fablicamente o ratificar con pruebas las afirmaciones realizadas en un plazo de 24 horas.<\/p>\n<p>En la presentaci\u00f3n, el gobernador de San Juan, Dr. Marcelo Orrego advierte que se le atribuyeron \u201chechos il\u00edcitos de extrema gravedad\u201d mediante expresiones \u201cmanifiestamente inexactas, injuriantes y carentes de sustento f\u00e1ctico\u201d, presentadas como hechos ciertos, lo que \u2014seg\u00fan se\u00f1ala\u2014 excede los l\u00edmites de la libertad de expresi\u00f3n y afecta su honor y buen nombre.<\/p>\n<p>En caso de incumplimiento, el gobernador de San Juan, Dr. Marcelo Orrego avanza con una demanda civil y con las correspondientes acciones por calumnias e injurias.<\/p>\n<p>El caso se da en un contexto en el que ya son varios los gobernadores que avanzaron con acciones legales contra el periodista Tom\u00e1s M\u00e9ndez, entre ellos Ra\u00fal Jalil (Catamarca) y Gustavo S\u00e1enz (Salta), a los que ahora se suma Rogelio Frigerio (Entre R\u00edos).<\/p>\n<p>Asimismo, otros mandatarios como Alfredo Cornejo (Mendoza), Leandro Zdero (Chaco) y Claudio Poggi (San Luis) analizan avanzar en el mismo sentido ante situaciones similares.<\/p>\n<p>Desde el Gobierno de San Juan se\u00f1alaron que la imputaci\u00f3n p\u00fablica de delitos sin pruebas constituye una conducta ileg\u00edtima que afecta la institucionalidad y no puede ser tolerada.<\/p>\n<p>Es importante aclarar que la presentaci\u00f3n del gobernador de San Juan, Dr. Marcelo Orrego es a trav\u00e9s de la Asesor\u00eda Letrada del gobierno de San Juan.<\/p>\n<p><img loading=\"lazy\" decoding=\"async\" class=\"alignnone size-full wp-image-65642\" src=\"https:\/\/vocesparalelas.com.ar\/sitio\/wp-content\/uploads\/2023\/11\/GOBIERNO-SAN-JUAN.jpg\" alt=\"\" width=\"800\" height=\"600\" srcset=\"https:\/\/vocesparalelas.com.ar\/sitio\/wp-content\/uploads\/2023\/11\/GOBIERNO-SAN-JUAN.jpg 800w, https:\/\/vocesparalelas.com.ar\/sitio\/wp-content\/uploads\/2023\/11\/GOBIERNO-SAN-JUAN-300x225.jpg 300w, https:\/\/vocesparalelas.com.ar\/sitio\/wp-content\/uploads\/2023\/11\/GOBIERNO-SAN-JUAN-768x576.jpg 768w\" sizes=\"auto, (max-width: 800px) 100vw, 800px\" \/><\/p>\n<p>&nbsp;<\/p>\n<p>&nbsp;<\/p>\n","protected":false},"excerpt":{"rendered":"<p>El gobernador de San Juan, Dr. Marcelo Orrego, inicia acciones civiles por da\u00f1os y perjuicios a ra\u00edz de acusaciones difundidas<\/p>\n","protected":false},"author":3,"featured_media":84567,"comment_status":"closed","ping_status":"closed","sticky":false,"template":"","format":"standard","meta":{"_acf_changed":false,"_seopress_robots_primary_cat":"none","_seopress_titles_title":"","_seopress_titles_desc":"","_seopress_robots_index":"","colormag_page_container_layout":"default_layout","colormag_page_sidebar_layout":"default_layout","footnotes":""},"categories":[10],"tags":[],"class_list":["post-98465","post","type-post","status-publish","format-standard","has-post-thumbnail","hentry","category-opiniones"],"acf":[],"_links":{"self":[{"href":"https:\/\/vocesparalelas.com.ar\/sitio\/wp-json\/wp\/v2\/posts\/98465","targetHints":{"allow":["GET"]}}],"collection":[{"href":"https:\/\/vocesparalelas.com.ar\/sitio\/wp-json\/wp\/v2\/posts"}],"about":[{"href":"https:\/\/vocesparalelas.com.ar\/sitio\/wp-json\/wp\/v2\/types\/post"}],"author":[{"embeddable":true,"href":"https:\/\/vocesparalelas.com.ar\/sitio\/wp-json\/wp\/v2\/users\/3"}],"replies":[{"embeddable":true,"href":"https:\/\/vocesparalelas.com.ar\/sitio\/wp-json\/wp\/v2\/comments?post=98465"}],"version-history":[{"count":2,"href":"https:\/\/vocesparalelas.com.ar\/sitio\/wp-json\/wp\/v2\/posts\/98465\/revisions"}],"predecessor-version":[{"id":98470,"href":"https:\/\/vocesparalelas.com.ar\/sitio\/wp-json\/wp\/v2\/posts\/98465\/revisions\/98470"}],"wp:featuredmedia":[{"embeddable":true,"href":"https:\/\/vocesparalelas.com.ar\/sitio\/wp-json\/wp\/v2\/media\/84567"}],"wp:attachment":[{"href":"https:\/\/vocesparalelas.com.ar\/sitio\/wp-json\/wp\/v2\/media?parent=98465"}],"wp:term":[{"taxonomy":"category","embeddable":true,"href":"https:\/\/vocesparalelas.com.ar\/sitio\/wp-json\/wp\/v2\/categories?post=98465"},{"taxonomy":"post_tag","embeddable":true,"href":"https:\/\/vocesparalelas.com.ar\/sitio\/wp-json\/wp\/v2\/tags?post=98465"}],"curies":[{"name":"wp","href":"https:\/\/api.w.org\/{rel}","templated":true}]}}