{"id":98455,"date":"2026-04-10T14:00:56","date_gmt":"2026-04-10T17:00:56","guid":{"rendered":"https:\/\/vocesparalelas.com.ar\/sitio\/?p=98455"},"modified":"2026-04-10T21:58:10","modified_gmt":"2026-04-11T00:58:10","slug":"ciclo-iran-estados-unidos-e-israel-antecedentes-historicos-y-tensiones-actuales-en-medio-oriente-en-la-ffha-de-la-unsj","status":"publish","type":"post","link":"https:\/\/vocesparalelas.com.ar\/sitio\/ciclo-iran-estados-unidos-e-israel-antecedentes-historicos-y-tensiones-actuales-en-medio-oriente-en-la-ffha-de-la-unsj\/","title":{"rendered":"Ciclo \u201cIr\u00e1n, Estados Unidos e Israel: antecedentes hist\u00f3ricos y tensiones actuales en Medio Oriente\u201d en la FFHA de la UNSJ"},"content":{"rendered":"<p style=\"font-weight: 500;\">En un escenario internacional marcado por la incertidumbre y la complejidad de las relaciones diplom\u00e1ticas, la Facultad de Filosof\u00eda, Humanidades y Artes, perteneciente a la Universidad Nacional de San Juan abre sus puertas al pensamiento cr\u00edtico. A trav\u00e9s de la \u201cc\u00e1tedra libre Oriente y Occidente\u201d, se desarrolla el Ciclo \u201cIr\u00e1n, Estados Unidos e Israel: antecedentes hist\u00f3ricos y tensiones actuales en Medio Oriente\u201d.<\/p>\n<p style=\"font-weight: 500;\">La propuesta busca brindar herramientas conceptuales para comprender los conflictos vigentes desde una mirada hist\u00f3rica, alej\u00e1ndose de las simplificaciones medi\u00e1ticas. Se trata de un espacio pensado para reflexionar y debatir sobre las ra\u00edces de las disputas que reconfiguran el orden mundial contempor\u00e1neo.<\/p>\n<p><span style=\"color: #ff6600;\"><strong>Cronograma<\/strong><\/span><\/p>\n<p style=\"font-weight: 500;\">Las jornadas se desarrollan en encuentros presenciales:<\/p>\n<ul>\n<li style=\"font-weight: 500;\"><span style=\"color: #ff6600;\"><b><strong>Fechas:<\/strong><\/b>\u00a0<\/span>Viernes 10 y 24 de Abril.<\/li>\n<li style=\"font-weight: 500;\"><span style=\"color: #ff6600;\"><b><strong>Hora:<\/strong><\/b>\u00a0<\/span>18.30<\/li>\n<li style=\"font-weight: 500;\"><span style=\"color: #ff6600;\"><b><strong>Lugar:<\/strong><\/b><\/span>\u00a0Aula 8 de la Facultad de Filosof\u00eda, Humanidades y Artes (FFHA).<\/li>\n<\/ul>\n<p style=\"font-weight: 500;\">El evento cuenta con el respaldo de diversas \u00e1reas de investigaci\u00f3n de la FFHA, garantizando un abordaje multidisciplinar:<\/p>\n<ul>\n<li style=\"font-weight: 500;\">Gabinete de Estudios e Investigaciones de Oriente (GEIDO).<\/li>\n<li style=\"font-weight: 500;\">Programa Universitario de Historia de Asia y \u00c1frica: voces, memorias y horizontes de otredad.<\/li>\n<li style=\"font-weight: 500;\">Instituto de Filosof\u00eda.<\/li>\n<li style=\"font-weight: 500;\">Departamento de Historia.<\/li>\n<\/ul>\n<p style=\"font-weight: 500;\">Desde la organizaci\u00f3n destacaron que la actividad es libre y gratuita, destinada tanto a estudiantes, docentes e investigadores como a toda la comunidad sanjuanina interesada en la pol\u00edtica internacional y la historia global<\/p>\n<p style=\"font-weight: 500;\">No se requiere inscripci\u00f3n previa para asistir a este espacio que promete ser un punto de inflexi\u00f3n para el an\u00e1lisis cr\u00edtico en la provincia.<\/p>\n<p>&nbsp;<\/p>\n<p><img loading=\"lazy\" decoding=\"async\" class=\"alignnone size-large wp-image-43889\" src=\"https:\/\/vocesparalelas.com.ar\/sitio\/wp-content\/uploads\/2021\/11\/FFHA-FRENTE-1-800x600.jpg\" alt=\"\" width=\"800\" height=\"600\" srcset=\"https:\/\/vocesparalelas.com.ar\/sitio\/wp-content\/uploads\/2021\/11\/FFHA-FRENTE-1-800x600.jpg 800w, https:\/\/vocesparalelas.com.ar\/sitio\/wp-content\/uploads\/2021\/11\/FFHA-FRENTE-1-300x225.jpg 300w, https:\/\/vocesparalelas.com.ar\/sitio\/wp-content\/uploads\/2021\/11\/FFHA-FRENTE-1-768x576.jpg 768w, https:\/\/vocesparalelas.com.ar\/sitio\/wp-content\/uploads\/2021\/11\/FFHA-FRENTE-1.jpg 1024w\" sizes=\"auto, (max-width: 800px) 100vw, 800px\" \/><\/p>\n","protected":false},"excerpt":{"rendered":"<p>En un escenario internacional marcado por la incertidumbre y la complejidad de las relaciones diplom\u00e1ticas, la Facultad de Filosof\u00eda, Humanidades<\/p>\n","protected":false},"author":3,"featured_media":98459,"comment_status":"closed","ping_status":"closed","sticky":false,"template":"","format":"standard","meta":{"_acf_changed":false,"_seopress_robots_primary_cat":"none","_seopress_titles_title":"","_seopress_titles_desc":"","_seopress_robots_index":"","colormag_page_container_layout":"default_layout","colormag_page_sidebar_layout":"default_layout","footnotes":""},"categories":[9],"tags":[],"class_list":["post-98455","post","type-post","status-publish","format-standard","has-post-thumbnail","hentry","category-cursos"],"acf":[],"_links":{"self":[{"href":"https:\/\/vocesparalelas.com.ar\/sitio\/wp-json\/wp\/v2\/posts\/98455","targetHints":{"allow":["GET"]}}],"collection":[{"href":"https:\/\/vocesparalelas.com.ar\/sitio\/wp-json\/wp\/v2\/posts"}],"about":[{"href":"https:\/\/vocesparalelas.com.ar\/sitio\/wp-json\/wp\/v2\/types\/post"}],"author":[{"embeddable":true,"href":"https:\/\/vocesparalelas.com.ar\/sitio\/wp-json\/wp\/v2\/users\/3"}],"replies":[{"embeddable":true,"href":"https:\/\/vocesparalelas.com.ar\/sitio\/wp-json\/wp\/v2\/comments?post=98455"}],"version-history":[{"count":1,"href":"https:\/\/vocesparalelas.com.ar\/sitio\/wp-json\/wp\/v2\/posts\/98455\/revisions"}],"predecessor-version":[{"id":98460,"href":"https:\/\/vocesparalelas.com.ar\/sitio\/wp-json\/wp\/v2\/posts\/98455\/revisions\/98460"}],"wp:featuredmedia":[{"embeddable":true,"href":"https:\/\/vocesparalelas.com.ar\/sitio\/wp-json\/wp\/v2\/media\/98459"}],"wp:attachment":[{"href":"https:\/\/vocesparalelas.com.ar\/sitio\/wp-json\/wp\/v2\/media?parent=98455"}],"wp:term":[{"taxonomy":"category","embeddable":true,"href":"https:\/\/vocesparalelas.com.ar\/sitio\/wp-json\/wp\/v2\/categories?post=98455"},{"taxonomy":"post_tag","embeddable":true,"href":"https:\/\/vocesparalelas.com.ar\/sitio\/wp-json\/wp\/v2\/tags?post=98455"}],"curies":[{"name":"wp","href":"https:\/\/api.w.org\/{rel}","templated":true}]}}