{"id":98447,"date":"2026-04-04T21:04:16","date_gmt":"2026-04-05T00:04:16","guid":{"rendered":"https:\/\/vocesparalelas.com.ar\/sitio\/?p=98447"},"modified":"2026-04-07T23:19:32","modified_gmt":"2026-04-08T02:19:32","slug":"nuevo-horario-de-funcionamiento-en-el-paso-internacional-de-agua-negra","status":"publish","type":"post","link":"https:\/\/vocesparalelas.com.ar\/sitio\/nuevo-horario-de-funcionamiento-en-el-paso-internacional-de-agua-negra\/","title":{"rendered":"Nuevo horario de funcionamiento en el Paso Internacional de Agua Negra"},"content":{"rendered":"<div>El Ministerio de Gobierno de San Juan informa a la comunidad que, a partir del Domingo, 5 de Abril de 2026, se implementa un nuevo horario de funcionamiento en el Paso Internacional de Agua Negra.<\/div>\n<div><\/div>\n<div><span style=\"color: #ff6600;\"><strong>Los horarios establecidos<\/strong><\/span><\/div>\n<ul>\n<li>Salida de Argentina: de 09:00 a 17:00 horas<\/li>\n<li>Ingreso a Argentina: de 09:00 a 20:00 horas<\/li>\n<\/ul>\n<div>Esta actualizaci\u00f3n responde a la planificaci\u00f3n operativa del paso fronterizo y busca optimizar la circulaci\u00f3n y el control en el corredor internacional.<\/div>\n<div><\/div>\n<div>Se recomienda a quienes tengan previsto viajar organizar su recorrido con antelaci\u00f3n, respetando los horarios establecidos para garantizar un tr\u00e1nsito ordenado y seguro.<\/div>\n<div><\/div>\n<div>Para m\u00e1s informaci\u00f3n, se recomienda visitar la p\u00e1gina web oficial<\/div>\n<div><\/div>\n<div><a href=\"http:\/\/aguanegra.sanjuan.gob.ar\">http:\/\/aguanegra.sanjuan.gob.ar<\/a><\/div>\n<div><\/div>\n<div><img loading=\"lazy\" decoding=\"async\" class=\"alignnone size-full wp-image-95873\" src=\"https:\/\/vocesparalelas.com.ar\/sitio\/wp-content\/uploads\/2026\/01\/PASO-AGUA-NEGRA-WEB.png\" alt=\"\" width=\"800\" height=\"430\" srcset=\"https:\/\/vocesparalelas.com.ar\/sitio\/wp-content\/uploads\/2026\/01\/PASO-AGUA-NEGRA-WEB.png 800w, https:\/\/vocesparalelas.com.ar\/sitio\/wp-content\/uploads\/2026\/01\/PASO-AGUA-NEGRA-WEB-300x161.png 300w, https:\/\/vocesparalelas.com.ar\/sitio\/wp-content\/uploads\/2026\/01\/PASO-AGUA-NEGRA-WEB-768x413.png 768w\" sizes=\"auto, (max-width: 800px) 100vw, 800px\" \/><\/div>\n<div><\/div>\n","protected":false},"excerpt":{"rendered":"<p>El Ministerio de Gobierno de San Juan informa a la comunidad que, a partir del Domingo, 5 de Abril de<\/p>\n","protected":false},"author":3,"featured_media":55101,"comment_status":"closed","ping_status":"closed","sticky":false,"template":"","format":"standard","meta":{"_acf_changed":false,"_seopress_robots_primary_cat":"none","_seopress_titles_title":"","_seopress_titles_desc":"","_seopress_robots_index":"","colormag_page_container_layout":"default_layout","colormag_page_sidebar_layout":"default_layout","footnotes":""},"categories":[6],"tags":[],"class_list":["post-98447","post","type-post","status-publish","format-standard","has-post-thumbnail","hentry","category-eventos"],"acf":[],"_links":{"self":[{"href":"https:\/\/vocesparalelas.com.ar\/sitio\/wp-json\/wp\/v2\/posts\/98447","targetHints":{"allow":["GET"]}}],"collection":[{"href":"https:\/\/vocesparalelas.com.ar\/sitio\/wp-json\/wp\/v2\/posts"}],"about":[{"href":"https:\/\/vocesparalelas.com.ar\/sitio\/wp-json\/wp\/v2\/types\/post"}],"author":[{"embeddable":true,"href":"https:\/\/vocesparalelas.com.ar\/sitio\/wp-json\/wp\/v2\/users\/3"}],"replies":[{"embeddable":true,"href":"https:\/\/vocesparalelas.com.ar\/sitio\/wp-json\/wp\/v2\/comments?post=98447"}],"version-history":[{"count":1,"href":"https:\/\/vocesparalelas.com.ar\/sitio\/wp-json\/wp\/v2\/posts\/98447\/revisions"}],"predecessor-version":[{"id":98450,"href":"https:\/\/vocesparalelas.com.ar\/sitio\/wp-json\/wp\/v2\/posts\/98447\/revisions\/98450"}],"wp:featuredmedia":[{"embeddable":true,"href":"https:\/\/vocesparalelas.com.ar\/sitio\/wp-json\/wp\/v2\/media\/55101"}],"wp:attachment":[{"href":"https:\/\/vocesparalelas.com.ar\/sitio\/wp-json\/wp\/v2\/media?parent=98447"}],"wp:term":[{"taxonomy":"category","embeddable":true,"href":"https:\/\/vocesparalelas.com.ar\/sitio\/wp-json\/wp\/v2\/categories?post=98447"},{"taxonomy":"post_tag","embeddable":true,"href":"https:\/\/vocesparalelas.com.ar\/sitio\/wp-json\/wp\/v2\/tags?post=98447"}],"curies":[{"name":"wp","href":"https:\/\/api.w.org\/{rel}","templated":true}]}}