{"id":98420,"date":"2026-04-02T21:41:55","date_gmt":"2026-04-03T00:41:55","guid":{"rendered":"https:\/\/vocesparalelas.com.ar\/sitio\/?p=98420"},"modified":"2026-04-06T23:22:39","modified_gmt":"2026-04-07T02:22:39","slug":"los-sentires-de-san-juan-a-44-anos-de-la-gesta-de-malvinas-argentinas","status":"publish","type":"post","link":"https:\/\/vocesparalelas.com.ar\/sitio\/los-sentires-de-san-juan-a-44-anos-de-la-gesta-de-malvinas-argentinas\/","title":{"rendered":"Los sentires de San Juan a 44 a\u00f1os de la Gesta de Malvinas Argentinas"},"content":{"rendered":"<p>En el marco del 44\u00b0 aniversario del D\u00eda del Veterano y de los Ca\u00eddos en la Guerra de Malvinas Argentinas, el Gobierno de San Juan desarroll\u00f3 el 2 de abril el emotivo acto central que reuni\u00f3 a autoridades provinciales, fuerzas armadas y de seguridad, excombatientes, Familiares y vecinos.<\/p>\n<p>La ceremonia comenz\u00f3 con la recepci\u00f3n de autoridades, presidida por el vicegobernador de Sam Juan, Dr. Fabi\u00e1n Mart\u00edn; la ministra de Gobierno, Dra. Laura Palma, la intendenta de la Municipalidad de la Capital, Dra. Susana Laciar; y autoridades militares, entre ellas el jefe del RIM 22, coronel Pablo Jos\u00e9 Molina, junto a representantes de agrupaciones de veteranos y familiares de ca\u00eddos.<\/p>\n<p>Tras el arribo del vicegobernador, se realiz\u00f3 la presentaci\u00f3n de tropas y el saludo protocolar a los efectivos formados. Luego tuvo lugar el izamiento del Pabell\u00f3n Nacional y la entonaci\u00f3n del Himno Nacional Argentino, interpretado por la banda de m\u00fasica del RIM 22.<\/p>\n<p><iframe loading=\"lazy\" title=\"SAN JUAN MALVINAS HIMNO NACIONAL ARGENTINO \" width=\"800\" height=\"450\" src=\"https:\/\/www.youtube.com\/embed\/OztUzhx6GkI?feature=oembed\" frameborder=\"0\" allow=\"accelerometer; autoplay; clipboard-write; encrypted-media; gyroscope; picture-in-picture; web-share\" referrerpolicy=\"strict-origin-when-cross-origin\" allowfullscreen><\/iframe><\/p>\n<p>Durante el acto se llev\u00f3 a cabo la lectura de una declaraci\u00f3n de la C\u00e1mara de Diputados de San Juan y la colocaci\u00f3n de ofrendas florales en homenaje a los ca\u00eddos, en un momento de profundo respeto y recogimiento\u00a0 con lanzar flores de los familiares frente a la fuente de los ca\u00eddos en el mar y un minuto de silencio en memoria de quienes dieron su vida por la Patria.<\/p>\n<p><iframe loading=\"lazy\" title=\"SAN JUAN MALVINAS SILENCIO\" width=\"800\" height=\"450\" src=\"https:\/\/www.youtube.com\/embed\/vA9HcPeUdXU?feature=oembed\" frameborder=\"0\" allow=\"accelerometer; autoplay; clipboard-write; encrypted-media; gyroscope; picture-in-picture; web-share\" referrerpolicy=\"strict-origin-when-cross-origin\" allowfullscreen><\/iframe><\/p>\n<p>La bendici\u00f3n de las almas de los h\u00e9roes de Malvinas Argentinas por el Sacerdote Adolfo Calivar de un color de los sentires de San Juan.<\/p>\n<p><iframe loading=\"lazy\" title=\"SAN JUAN MALVINAS BENDICI\u00d3N SACERDOTE ADOLFO CALIVAR\" width=\"800\" height=\"450\" src=\"https:\/\/www.youtube.com\/embed\/xTPMeYDh0SY?feature=oembed\" frameborder=\"0\" allow=\"accelerometer; autoplay; clipboard-write; encrypted-media; gyroscope; picture-in-picture; web-share\" referrerpolicy=\"strict-origin-when-cross-origin\" allowfullscreen><\/iframe><\/p>\n<p>Posteriormente, llegaron los discursos que resaltaron el momento memorioso de la Guerra de Malvinas Argentinas en 1982 &#8211; 2026 a 44\u00b0 a\u00f1os del D\u00eda del Veterano y de los Ca\u00eddos por el reclamo de Argentinas.<\/p>\n<p>&nbsp;<\/p>\n<p>&nbsp;<\/p>\n<p>Comenz\u00f3 el veterano de guerra, Andr\u00e9s Gasso en representaci\u00f3n de la Agrupaci\u00f3n 2 de Abril, quien resalt\u00f3 la importancia de no olvidar que las Islas Malvinas son Argentinas.<\/p>\n<p><iframe loading=\"lazy\" title=\"SAN JUAN  MALVINAS \" width=\"800\" height=\"450\" src=\"https:\/\/www.youtube.com\/embed\/NOyNgV9hbOE?feature=oembed\" frameborder=\"0\" allow=\"accelerometer; autoplay; clipboard-write; encrypted-media; gyroscope; picture-in-picture; web-share\" referrerpolicy=\"strict-origin-when-cross-origin\" allowfullscreen><\/iframe><\/p>\n<p>Seguidamente, la ministra de Gobierno, Dra. Laura Palma, destac\u00f3 que \u00abel trabajo articulado que se viene desarrollando con los excombatientes. Es muy importante el trabajo que junto con el Ministerio de Gobierno, con el permiso del Ministerio de Educaci\u00f3n, les permite a los excombatientes visitar escuelas desde hace m\u00e1s de un a\u00f1o, y darle la posibilidad a los chicos de conocer de primera mano esta historia que es m\u00e1s importante para nuestro pa\u00eds. Honro a todos esos h\u00e9roes que murieron por la Patria, saludo con afecto a sus familiares\u201d.<\/p>\n<p><iframe loading=\"lazy\" title=\"SAN JUAN MALVINAS DRA LAURA PALMA\" width=\"800\" height=\"450\" src=\"https:\/\/www.youtube.com\/embed\/m-VyHAnhkqg?feature=oembed\" frameborder=\"0\" allow=\"accelerometer; autoplay; clipboard-write; encrypted-media; gyroscope; picture-in-picture; web-share\" referrerpolicy=\"strict-origin-when-cross-origin\" allowfullscreen><\/iframe><\/p>\n<p>Por \u00faltimo, el vicegobernador Dr. Fabi\u00e1n Mart\u00edn remarc\u00f3 el valor del compromiso ciudadano y la memoria colectiva: \u201cSon h\u00e9roes que dieron la vida por nuestro pueblo, porque todos somos Patria. Las Islas Malvinas fueron, son y ser\u00e1n Argentinas. Tenemos que rendir homenaje con nuestro accionar todos los d\u00edas. Tenemos la obligaci\u00f3n de ser buenos patriotas y buenos ciudadanos. Gracias a los excombatientes por lo que hicieron, por el camino recorrido\u201d.<\/p>\n<p><iframe loading=\"lazy\" title=\"SAN JUAN MALVINAS VICEGOBERNADOR DR FABI\u00c1N MART\u00cdN \" width=\"800\" height=\"450\" src=\"https:\/\/www.youtube.com\/embed\/e_12HLd_688?feature=oembed\" frameborder=\"0\" allow=\"accelerometer; autoplay; clipboard-write; encrypted-media; gyroscope; picture-in-picture; web-share\" referrerpolicy=\"strict-origin-when-cross-origin\" allowfullscreen><\/iframe><\/p>\n<p>Como cierre del acto, se enton\u00f3 la Marcha de Malvinas, dando paso a uno de los momentos m\u00e1s significativos de la jornada: el desfile c\u00edvico-militar.<\/p>\n<p><iframe loading=\"lazy\" title=\"SAN JUAN MALVINAS MARCHA MALVINAS ARGENTINA \" width=\"800\" height=\"450\" src=\"https:\/\/www.youtube.com\/embed\/2evAIn4fcDs?feature=oembed\" frameborder=\"0\" allow=\"accelerometer; autoplay; clipboard-write; encrypted-media; gyroscope; picture-in-picture; web-share\" referrerpolicy=\"strict-origin-when-cross-origin\" allowfullscreen><\/iframe><\/p>\n<p>Sobre San Luis, entre Las Heras y Espa\u00f1a se desarroll\u00f3 un sentido patrio con el desfile de efectivos de las Fuerzas Armadas y de Seguridad, excombatientes, y distintas instituciones. Entre ellos, se destacaron delegaciones del Ej\u00e9rcito Argentino, Gendarmer\u00eda Nacional, Polic\u00eda Federal, Servicio Penitenciario, as\u00ed como alumnos de la Tecnicatura en Seguridad Ciudadana.<\/p>\n<p><iframe loading=\"lazy\" title=\"SAN JUAN MALVINAS DESFILE\" width=\"800\" height=\"450\" src=\"https:\/\/www.youtube.com\/embed\/Qv0RIrV1wUI?feature=oembed\" frameborder=\"0\" allow=\"accelerometer; autoplay; clipboard-write; encrypted-media; gyroscope; picture-in-picture; web-share\" referrerpolicy=\"strict-origin-when-cross-origin\" allowfullscreen><\/iframe><\/p>\n<p>El desfile rindi\u00f3 homenaje a la memoria de los h\u00e9roes de Malvinas y reafirm\u00f3 el compromiso con los valores de servicio, entrega y amor por la patria, en una jornada que convoc\u00f3 a una importante cantidad de p\u00fablico y se vivi\u00f3 con profundo sentimiento patri\u00f3tico.<\/p>\n<p><iframe loading=\"lazy\" title=\"SAN JUAN MALVINAS DESFILE \" width=\"800\" height=\"450\" src=\"https:\/\/www.youtube.com\/embed\/R0eFSnARQSg?feature=oembed\" frameborder=\"0\" allow=\"accelerometer; autoplay; clipboard-write; encrypted-media; gyroscope; picture-in-picture; web-share\" referrerpolicy=\"strict-origin-when-cross-origin\" allowfullscreen><\/iframe><\/p>\n<p>&nbsp;<\/p>\n<p>&nbsp;<\/p>\n<p>&nbsp;<\/p>\n","protected":false},"excerpt":{"rendered":"<p>En el marco del 44\u00b0 aniversario del D\u00eda del Veterano y de los Ca\u00eddos en la Guerra de Malvinas Argentinas,<\/p>\n","protected":false},"author":3,"featured_media":98423,"comment_status":"closed","ping_status":"closed","sticky":false,"template":"","format":"standard","meta":{"_acf_changed":false,"_seopress_robots_primary_cat":"none","_seopress_titles_title":"","_seopress_titles_desc":"","_seopress_robots_index":"","colormag_page_container_layout":"default_layout","colormag_page_sidebar_layout":"default_layout","footnotes":""},"categories":[10,7],"tags":[],"class_list":["post-98420","post","type-post","status-publish","format-standard","has-post-thumbnail","hentry","category-opiniones","category-videos"],"acf":[],"_links":{"self":[{"href":"https:\/\/vocesparalelas.com.ar\/sitio\/wp-json\/wp\/v2\/posts\/98420","targetHints":{"allow":["GET"]}}],"collection":[{"href":"https:\/\/vocesparalelas.com.ar\/sitio\/wp-json\/wp\/v2\/posts"}],"about":[{"href":"https:\/\/vocesparalelas.com.ar\/sitio\/wp-json\/wp\/v2\/types\/post"}],"author":[{"embeddable":true,"href":"https:\/\/vocesparalelas.com.ar\/sitio\/wp-json\/wp\/v2\/users\/3"}],"replies":[{"embeddable":true,"href":"https:\/\/vocesparalelas.com.ar\/sitio\/wp-json\/wp\/v2\/comments?post=98420"}],"version-history":[{"count":1,"href":"https:\/\/vocesparalelas.com.ar\/sitio\/wp-json\/wp\/v2\/posts\/98420\/revisions"}],"predecessor-version":[{"id":98424,"href":"https:\/\/vocesparalelas.com.ar\/sitio\/wp-json\/wp\/v2\/posts\/98420\/revisions\/98424"}],"wp:featuredmedia":[{"embeddable":true,"href":"https:\/\/vocesparalelas.com.ar\/sitio\/wp-json\/wp\/v2\/media\/98423"}],"wp:attachment":[{"href":"https:\/\/vocesparalelas.com.ar\/sitio\/wp-json\/wp\/v2\/media?parent=98420"}],"wp:term":[{"taxonomy":"category","embeddable":true,"href":"https:\/\/vocesparalelas.com.ar\/sitio\/wp-json\/wp\/v2\/categories?post=98420"},{"taxonomy":"post_tag","embeddable":true,"href":"https:\/\/vocesparalelas.com.ar\/sitio\/wp-json\/wp\/v2\/tags?post=98420"}],"curies":[{"name":"wp","href":"https:\/\/api.w.org\/{rel}","templated":true}]}}