{"id":98383,"date":"2026-03-30T22:21:50","date_gmt":"2026-03-31T01:21:50","guid":{"rendered":"https:\/\/vocesparalelas.com.ar\/sitio\/?p=98383"},"modified":"2026-04-01T19:32:53","modified_gmt":"2026-04-01T22:32:53","slug":"apertura-del-periodo-ordinario-de-sesiones-2026-con-el-mensaje-anual-del-gobernador-de-san-juan-dr-marcelo-orrego","status":"publish","type":"post","link":"https:\/\/vocesparalelas.com.ar\/sitio\/apertura-del-periodo-ordinario-de-sesiones-2026-con-el-mensaje-anual-del-gobernador-de-san-juan-dr-marcelo-orrego\/","title":{"rendered":"Apertura del Per\u00edodo Ordinario de Sesiones 2026 con el mensaje anual del gobernador de San Juan, Dr. Marcelo Orrego"},"content":{"rendered":"<p>La C\u00e1mara de Diputados de San Juan lleva a cabo la apertura oficial del per\u00edodo ordinario de sesiones 2026, en cuyo transcurso el vicegobernador Dr. Fabi\u00e1n Mart\u00edn recibe al gobernador Dr. Marcelo Orrego, quien pronuncia su mensaje anual ante la comunidad de San Juan.<\/p>\n<p>La cita es para el Mi\u00e9rcoles, 1 de Abril, a las 9.30 horas. Se puede seguir la transmisi\u00f3n en vivo a trav\u00e9s del sitio informativo oficial\u00a0<a href=\"http:\/\/www.diputadossanjuan.gob.ar\">http:\/\/www.diputadossanjuan.gob.ar<\/a> o por el canal de YouTube de la Legislatura<\/p>\n<p>&nbsp;<\/p>\n<p><iframe loading=\"lazy\" title=\"Apertura de Sesiones Ordinarias 2026 - Discurso Anual del Sr. Gobernador Dr. Marcelo Orrego\" width=\"800\" height=\"450\" src=\"https:\/\/www.youtube.com\/embed\/EQxxjzUDCXU?feature=oembed\" frameborder=\"0\" allow=\"accelerometer; autoplay; clipboard-write; encrypted-media; gyroscope; picture-in-picture; web-share\" referrerpolicy=\"strict-origin-when-cross-origin\" allowfullscreen><\/iframe><\/p>\n<figure id=\"attachment_37951\" aria-describedby=\"caption-attachment-37951\" style=\"width: 800px\" class=\"wp-caption alignnone\"><img loading=\"lazy\" decoding=\"async\" class=\"size-full wp-image-37951\" src=\"https:\/\/vocesparalelas.com.ar\/sitio\/wp-content\/uploads\/2021\/05\/CAMARA-EDIFICIO.jpg\" alt=\"\" width=\"800\" height=\"515\" srcset=\"https:\/\/vocesparalelas.com.ar\/sitio\/wp-content\/uploads\/2021\/05\/CAMARA-EDIFICIO.jpg 800w, https:\/\/vocesparalelas.com.ar\/sitio\/wp-content\/uploads\/2021\/05\/CAMARA-EDIFICIO-300x193.jpg 300w, https:\/\/vocesparalelas.com.ar\/sitio\/wp-content\/uploads\/2021\/05\/CAMARA-EDIFICIO-768x494.jpg 768w\" sizes=\"auto, (max-width: 800px) 100vw, 800px\" \/><figcaption id=\"caption-attachment-37951\" class=\"wp-caption-text\">Legislatura Provincial de San Juan, Rep\u00fablica Argentina<\/figcaption><\/figure>\n","protected":false},"excerpt":{"rendered":"<p>La C\u00e1mara de Diputados de San Juan lleva a cabo la apertura oficial del per\u00edodo ordinario de sesiones 2026, en<\/p>\n","protected":false},"author":3,"featured_media":66814,"comment_status":"closed","ping_status":"closed","sticky":false,"template":"","format":"standard","meta":{"_acf_changed":false,"_seopress_robots_primary_cat":"none","_seopress_titles_title":"","_seopress_titles_desc":"","_seopress_robots_index":"","colormag_page_container_layout":"default_layout","colormag_page_sidebar_layout":"default_layout","footnotes":""},"categories":[1,7],"tags":[],"class_list":["post-98383","post","type-post","status-publish","format-standard","has-post-thumbnail","hentry","category-destacadas","category-videos"],"acf":[],"_links":{"self":[{"href":"https:\/\/vocesparalelas.com.ar\/sitio\/wp-json\/wp\/v2\/posts\/98383","targetHints":{"allow":["GET"]}}],"collection":[{"href":"https:\/\/vocesparalelas.com.ar\/sitio\/wp-json\/wp\/v2\/posts"}],"about":[{"href":"https:\/\/vocesparalelas.com.ar\/sitio\/wp-json\/wp\/v2\/types\/post"}],"author":[{"embeddable":true,"href":"https:\/\/vocesparalelas.com.ar\/sitio\/wp-json\/wp\/v2\/users\/3"}],"replies":[{"embeddable":true,"href":"https:\/\/vocesparalelas.com.ar\/sitio\/wp-json\/wp\/v2\/comments?post=98383"}],"version-history":[{"count":1,"href":"https:\/\/vocesparalelas.com.ar\/sitio\/wp-json\/wp\/v2\/posts\/98383\/revisions"}],"predecessor-version":[{"id":98386,"href":"https:\/\/vocesparalelas.com.ar\/sitio\/wp-json\/wp\/v2\/posts\/98383\/revisions\/98386"}],"wp:featuredmedia":[{"embeddable":true,"href":"https:\/\/vocesparalelas.com.ar\/sitio\/wp-json\/wp\/v2\/media\/66814"}],"wp:attachment":[{"href":"https:\/\/vocesparalelas.com.ar\/sitio\/wp-json\/wp\/v2\/media?parent=98383"}],"wp:term":[{"taxonomy":"category","embeddable":true,"href":"https:\/\/vocesparalelas.com.ar\/sitio\/wp-json\/wp\/v2\/categories?post=98383"},{"taxonomy":"post_tag","embeddable":true,"href":"https:\/\/vocesparalelas.com.ar\/sitio\/wp-json\/wp\/v2\/tags?post=98383"}],"curies":[{"name":"wp","href":"https:\/\/api.w.org\/{rel}","templated":true}]}}