{"id":98339,"date":"2026-03-31T13:00:32","date_gmt":"2026-03-31T16:00:32","guid":{"rendered":"https:\/\/vocesparalelas.com.ar\/sitio\/?p=98339"},"modified":"2026-04-01T22:08:24","modified_gmt":"2026-04-02T01:08:24","slug":"cuesta-del-viento-big-air-2026-en-el-departamento-iglesia-de-san-juan","status":"publish","type":"post","link":"https:\/\/vocesparalelas.com.ar\/sitio\/cuesta-del-viento-big-air-2026-en-el-departamento-iglesia-de-san-juan\/","title":{"rendered":"Cuesta del Viento Big Air 2026 en el Departamento Iglesia de San Juan"},"content":{"rendered":"<p>La Provincia de San Juan recibe en Cuesta del Viento Big Air 2026, que se extiende hasta el Domingo, 5 de Abril, en la Localidad Rodeo, Departamento Iglesia, donde participan 30 riders de distintos pa\u00edses de Am\u00e9rica, como Brasil, Chile, M\u00e9xico, Venezuela y Colombia, en un lugar imponente por su geograf\u00eda y caracter\u00edsticas naturales.<\/p>\n<p>Coincide con Semana Santa, por lo que se espera una gran afluencia de turismo en este campeonato que atrae p\u00fablico de Argentina y de pa\u00edses vecinos. Tiene organizaci\u00f3n local y cuenta con el apoyo total del Gobierno de San Juan, a trav\u00e9s del Ministerio de Turismo, Cultura y Deporte.<\/p>\n<p>Cuesta del Viento Big Air 2026, es uno de los campeonatos m\u00e1s importantes de kitesurf del continente, con deportistas que logran saltos de gran altura, maniobras t\u00e9cnicas y ejecuciones de alta potencia, que convierten a la competencia en un show a\u00e9reo.<\/p>\n<p>La edici\u00f3n 2026 se desarrolla bajo un formato de llaves eliminatorias, donde cada heat pone a prueba la estrategia, la lectura del viento y la precisi\u00f3n de los competidores.<\/p>\n<p>Adem\u00e1s, el Big tiene un incentivo especial: el ganador de la Copa obtiene un pasaje a\u00e9reo para competir en el destino internacional que elija, con la posibilidad de proyectar su nivel en escenarios de primer orden mundial como Sud\u00e1frica o Europa.<\/p>\n<p>El evento no solo tiene acci\u00f3n en el agua. Cada jornada culmina con after beach, m\u00fasica en vivo y espacios de encuentro frente a la playa, generando una experiencia integral tanto para deportistas como para turistas y p\u00fablico en general. No solo es una cita deportiva, sino tur\u00edstica y cultural.<\/p>\n<p>Con una convocatoria creciente a\u00f1o tras a\u00f1o, el Cuesta del Viento Big Air reafirma a San Juan como un polo de referencia en el kitesurf internacional. M\u00e1s que una competencia, el evento representa un punto de encuentro para la comunidad del Big Air latinoamericano, en un entorno donde el viento, la monta\u00f1a y la adrenalina se combinan para ofrecer un espect\u00e1culo \u00fanico.<\/p>\n<p><span style=\"color: #ff6600;\"><strong>Cronograma y entrada del Cuesta del Viento Big Air 2026<\/strong><\/span><\/p>\n<ul>\n<li>Comienza el Martes, 31 de Marzo y Mi\u00e9rcoles, 1 de Abril con charlas informativas y reconocimiento del circuito. Desde el Mi\u00e9rcoles hasta el S\u00e1bado se disputan las distintas etapas de competencia entre las 12 y las 18:30 hs, siempre sujetas a las condiciones clim\u00e1ticas. El cierre es el S\u00e1bado, 4 de Abril con la gran final y premiaci\u00f3n.<\/li>\n<li>Por su parte, el After Beach tiene lugar el Jueves, Viernes y S\u00e1bado desde las 19 hs, a orillas del dique, consolid\u00e1ndose como uno de los grandes atractivos del evento.<\/li>\n<li>Con entrada libre y gratuita para la competencia, el Cuesta del Viento Big Air 2026 no solo posiciona a San Juan en el calendario internacional del kitesurf, sino que tambi\u00e9n se consolida como un motor clave para el turismo y la econom\u00eda regional, generando una importante ocupaci\u00f3n hotelera en Iglesia y zonas aleda\u00f1as.<\/li>\n<li>La organizaci\u00f3n del evento es 100% local y cuenta con el apoyo del Ministerio de Turismo, Cultura y Deporte, a trav\u00e9s de la Secretar\u00eda de Deporte, junto al acompa\u00f1amiento de empresas como Veladero y la marca deportiva HARDWIND.<\/li>\n<\/ul>\n<p><img loading=\"lazy\" decoding=\"async\" class=\"alignnone size-full wp-image-70378\" src=\"https:\/\/vocesparalelas.com.ar\/sitio\/wp-content\/uploads\/2024\/03\/CUESTA-DEL-VIENTO-CARTEL.jpg\" alt=\"\" width=\"800\" height=\"365\" srcset=\"https:\/\/vocesparalelas.com.ar\/sitio\/wp-content\/uploads\/2024\/03\/CUESTA-DEL-VIENTO-CARTEL.jpg 800w, https:\/\/vocesparalelas.com.ar\/sitio\/wp-content\/uploads\/2024\/03\/CUESTA-DEL-VIENTO-CARTEL-300x137.jpg 300w, https:\/\/vocesparalelas.com.ar\/sitio\/wp-content\/uploads\/2024\/03\/CUESTA-DEL-VIENTO-CARTEL-768x350.jpg 768w\" sizes=\"auto, (max-width: 800px) 100vw, 800px\" \/><\/p>\n","protected":false},"excerpt":{"rendered":"<p>La Provincia de San Juan recibe en Cuesta del Viento Big Air 2026, que se extiende hasta el Domingo, 5<\/p>\n","protected":false},"author":3,"featured_media":98342,"comment_status":"closed","ping_status":"closed","sticky":false,"template":"","format":"standard","meta":{"_acf_changed":false,"_seopress_robots_primary_cat":"none","_seopress_titles_title":"","_seopress_titles_desc":"","_seopress_robots_index":"","colormag_page_container_layout":"default_layout","colormag_page_sidebar_layout":"default_layout","footnotes":""},"categories":[20],"tags":[],"class_list":["post-98339","post","type-post","status-publish","format-standard","has-post-thumbnail","hentry","category-cartelera"],"acf":[],"_links":{"self":[{"href":"https:\/\/vocesparalelas.com.ar\/sitio\/wp-json\/wp\/v2\/posts\/98339","targetHints":{"allow":["GET"]}}],"collection":[{"href":"https:\/\/vocesparalelas.com.ar\/sitio\/wp-json\/wp\/v2\/posts"}],"about":[{"href":"https:\/\/vocesparalelas.com.ar\/sitio\/wp-json\/wp\/v2\/types\/post"}],"author":[{"embeddable":true,"href":"https:\/\/vocesparalelas.com.ar\/sitio\/wp-json\/wp\/v2\/users\/3"}],"replies":[{"embeddable":true,"href":"https:\/\/vocesparalelas.com.ar\/sitio\/wp-json\/wp\/v2\/comments?post=98339"}],"version-history":[{"count":1,"href":"https:\/\/vocesparalelas.com.ar\/sitio\/wp-json\/wp\/v2\/posts\/98339\/revisions"}],"predecessor-version":[{"id":98343,"href":"https:\/\/vocesparalelas.com.ar\/sitio\/wp-json\/wp\/v2\/posts\/98339\/revisions\/98343"}],"wp:featuredmedia":[{"embeddable":true,"href":"https:\/\/vocesparalelas.com.ar\/sitio\/wp-json\/wp\/v2\/media\/98342"}],"wp:attachment":[{"href":"https:\/\/vocesparalelas.com.ar\/sitio\/wp-json\/wp\/v2\/media?parent=98339"}],"wp:term":[{"taxonomy":"category","embeddable":true,"href":"https:\/\/vocesparalelas.com.ar\/sitio\/wp-json\/wp\/v2\/categories?post=98339"},{"taxonomy":"post_tag","embeddable":true,"href":"https:\/\/vocesparalelas.com.ar\/sitio\/wp-json\/wp\/v2\/tags?post=98339"}],"curies":[{"name":"wp","href":"https:\/\/api.w.org\/{rel}","templated":true}]}}