{"id":98327,"date":"2026-03-30T21:09:43","date_gmt":"2026-03-31T00:09:43","guid":{"rendered":"https:\/\/vocesparalelas.com.ar\/sitio\/?p=98327"},"modified":"2026-03-31T22:32:51","modified_gmt":"2026-04-01T01:32:51","slug":"1-convocatoria-2026-de-las-becas-progresar-2026-de-la-republica-argentina","status":"publish","type":"post","link":"https:\/\/vocesparalelas.com.ar\/sitio\/1-convocatoria-2026-de-las-becas-progresar-2026-de-la-republica-argentina\/","title":{"rendered":"1\u00b0 Convocatoria 2026 de las Becas Progresar 2026 de la Rep\u00fablica Argentina"},"content":{"rendered":"<p>El Ministerio de Educaci\u00f3n del Gobierno de San Juan informa que el Ministerio de Capital Humano de la Naci\u00f3n Argentina, a trav\u00e9s de la Secretar\u00eda de Educaci\u00f3n de la Naci\u00f3n, abre la Primera Convocatoria 2026 de las Becas Progresar.<\/p>\n<p><strong><span style=\"color: #ff6600;\">Inscripci\u00f3n<\/span><\/strong><\/p>\n<ul>\n<li>L\u00ednea Finalizaci\u00f3n de la Educaci\u00f3n Obligatoria est\u00e1 habilitada desde el 27 de Marzo al 24 de Abril, y se realiza de manera online a trav\u00e9s de la plataforma Progresar, disponible luego del mediod\u00eda de la fecha de inicio.<\/li>\n<li>L\u00edneas Fomento de la Educaci\u00f3n Superior y Progresar Enfermer\u00eda tienen inscripci\u00f3n habilitada desde el 6 al 30 de abril.<\/li>\n<li>L\u00ednea Formaci\u00f3n Profesional (Trabajo) est\u00e1 disponible desde el 27 de Abril hasta el 27 de Noviembre.<\/li>\n<\/ul>\n<p>Para completar el tr\u00e1mite, los aspirantes deben contar con usuario en la aplicaci\u00f3n Mi Argentina y disponer de un CBU (cuenta bancaria) o CVU (billetera virtual) a nombre del solicitante de la beca, requisito indispensable para percibir el beneficio.<\/p>\n<p>El Ministerio de Educaci\u00f3n recuerda que se mantienen los requisitos vigentes de edad, ingresos del grupo familiar, asistencia a clases y avance acad\u00e9mico, condiciones necesarias para acceder y sostener la beca.<\/p>\n<p><span style=\"color: #ff6600;\"><strong>Acompa\u00f1amiento y asesoramiento<\/strong><\/span><\/p>\n<p>Con el objetivo de facilitar el acceso a este derecho, el Ministerio de Educaci\u00f3n pone a disposici\u00f3n personal capacitado para brindar orientaci\u00f3n sobre los requisitos de inscripci\u00f3n y asesor\u00eda sobre c\u00f3mo debe realizarse el registro. El interesado debe tener un dispositivo personal para este fin.<\/p>\n<p>El Ministerio de Educaci\u00f3n recuerda que el tr\u00e1mite es gratuito y que no se habilita a ning\u00fan particular para el cobro de esta gesti\u00f3n.<\/p>\n<p><strong><span style=\"color: #ff6600;\">La atenci\u00f3n se brinda de Lunes a Viernes en los siguientes puntos:<\/span><\/strong><\/p>\n<ul>\n<li><strong><span style=\"color: #ff6600;\">Centro C\u00edvico &#8211; Isla Norte (planta baja)<\/span><\/strong><\/li>\n<\/ul>\n<p>Turno ma\u00f1ana, de 8,30 a 13,30: Progresar Obligatorio y consultas vinculadas al Certificado \u00danico de Discapacidad (CUD).<\/p>\n<p>Turno tarde, de 13,30 a 18,00: todas las l\u00edneas Progresar y CUD.<\/p>\n<ul>\n<li><span style=\"color: #ff6600;\"><strong>Centro Tecnol\u00f3gico del Ministerio de Educaci\u00f3n (Las Heras y Alberdi)<\/strong><\/span><\/li>\n<\/ul>\n<p>Horario de atenci\u00f3n: de 8,30 a 13,30 &#8211; Progresar Trabajo, Progresar Superior y Enfermer\u00eda.<\/p>\n<p>A su vez, por consultas o reclamos tambi\u00e9n est\u00e1 disponible el correo\u00a0<span id=\"cloake47b6ab8b11f32b86cd825cef506fe4c\"><a href=\"mailto:mesaayudaprogresar@educacion.gob.ar\">mesaayudaprogresar@educacion.gob.ar<\/a><\/span><\/p>\n<p>&nbsp;<\/p>\n<p><img loading=\"lazy\" decoding=\"async\" class=\"alignnone size-full wp-image-28629\" src=\"https:\/\/vocesparalelas.com.ar\/sitio\/wp-content\/uploads\/2020\/05\/MINISTERIO-EDUCACION-SJ.jpg\" alt=\"\" width=\"800\" height=\"533\" srcset=\"https:\/\/vocesparalelas.com.ar\/sitio\/wp-content\/uploads\/2020\/05\/MINISTERIO-EDUCACION-SJ.jpg 800w, https:\/\/vocesparalelas.com.ar\/sitio\/wp-content\/uploads\/2020\/05\/MINISTERIO-EDUCACION-SJ-300x200.jpg 300w, https:\/\/vocesparalelas.com.ar\/sitio\/wp-content\/uploads\/2020\/05\/MINISTERIO-EDUCACION-SJ-768x512.jpg 768w\" sizes=\"auto, (max-width: 800px) 100vw, 800px\" \/><\/p>\n","protected":false},"excerpt":{"rendered":"<p>El Ministerio de Educaci\u00f3n del Gobierno de San Juan informa que el Ministerio de Capital Humano de la Naci\u00f3n Argentina,<\/p>\n","protected":false},"author":3,"featured_media":35746,"comment_status":"closed","ping_status":"closed","sticky":false,"template":"","format":"standard","meta":{"_acf_changed":false,"_seopress_robots_primary_cat":"none","_seopress_titles_title":"","_seopress_titles_desc":"","_seopress_robots_index":"","colormag_page_container_layout":"default_layout","colormag_page_sidebar_layout":"default_layout","footnotes":""},"categories":[2],"tags":[],"class_list":["post-98327","post","type-post","status-publish","format-standard","has-post-thumbnail","hentry","category-convocatorias"],"acf":[],"_links":{"self":[{"href":"https:\/\/vocesparalelas.com.ar\/sitio\/wp-json\/wp\/v2\/posts\/98327","targetHints":{"allow":["GET"]}}],"collection":[{"href":"https:\/\/vocesparalelas.com.ar\/sitio\/wp-json\/wp\/v2\/posts"}],"about":[{"href":"https:\/\/vocesparalelas.com.ar\/sitio\/wp-json\/wp\/v2\/types\/post"}],"author":[{"embeddable":true,"href":"https:\/\/vocesparalelas.com.ar\/sitio\/wp-json\/wp\/v2\/users\/3"}],"replies":[{"embeddable":true,"href":"https:\/\/vocesparalelas.com.ar\/sitio\/wp-json\/wp\/v2\/comments?post=98327"}],"version-history":[{"count":1,"href":"https:\/\/vocesparalelas.com.ar\/sitio\/wp-json\/wp\/v2\/posts\/98327\/revisions"}],"predecessor-version":[{"id":98330,"href":"https:\/\/vocesparalelas.com.ar\/sitio\/wp-json\/wp\/v2\/posts\/98327\/revisions\/98330"}],"wp:featuredmedia":[{"embeddable":true,"href":"https:\/\/vocesparalelas.com.ar\/sitio\/wp-json\/wp\/v2\/media\/35746"}],"wp:attachment":[{"href":"https:\/\/vocesparalelas.com.ar\/sitio\/wp-json\/wp\/v2\/media?parent=98327"}],"wp:term":[{"taxonomy":"category","embeddable":true,"href":"https:\/\/vocesparalelas.com.ar\/sitio\/wp-json\/wp\/v2\/categories?post=98327"},{"taxonomy":"post_tag","embeddable":true,"href":"https:\/\/vocesparalelas.com.ar\/sitio\/wp-json\/wp\/v2\/tags?post=98327"}],"curies":[{"name":"wp","href":"https:\/\/api.w.org\/{rel}","templated":true}]}}