{"id":98298,"date":"2026-03-30T13:17:29","date_gmt":"2026-03-30T16:17:29","guid":{"rendered":"https:\/\/vocesparalelas.com.ar\/sitio\/?p=98298"},"modified":"2026-03-30T18:54:09","modified_gmt":"2026-03-30T21:54:09","slug":"entregaron-51-casas-del-barrio-solares-del-sur-a-familias-del-departamento-sarmiento","status":"publish","type":"post","link":"https:\/\/vocesparalelas.com.ar\/sitio\/entregaron-51-casas-del-barrio-solares-del-sur-a-familias-del-departamento-sarmiento\/","title":{"rendered":"Entregaron 51 casas del Barrio Solares del Sur a familias del Departamento Sarmiento"},"content":{"rendered":"<p>El gobernador de San Juan, Dr. Marcelo Orrego entreg\u00f3 51 casas del Barrio Solares del Sur, a familias del Departamento Sarmiento. Adem\u00e1s, se hace realidad la pavimentaci\u00f3n de calle Mendoza Vieja. Tambi\u00e9n entregaron herramientas y certificados en el marco del Programa Aprender, Trabajar y Producir.<\/p>\n<p>Es importante destacar que en los pr\u00f3ximos meses entregar\u00e1n otras 243 viviendas, que ya presentan un avance del 83%.<\/p>\n<p>Por otro lado, el gobernador de San Juan, Dr. Marcelo Orrego anunci\u00f3 la pavimentaci\u00f3n de una calle clave para el Departamento Sarmiento. \u201cYa estamos en condiciones de hacer realidad una obra muy esperada por el departamento de Sarmiento: la pavimentaci\u00f3n de la calle Mendoza Vieja, en el tramo que conecta la Ruta Nacional 40 con la Ruta Nacional 153. Se trata de una obra largamente anhelada, esperada durante a\u00f1os \u2014casi toda una vida\u2014 por los vecinos, y que finalmente comienza a concretarse\u201d.<\/p>\n<p>Orrego fue acompa\u00f1ado por el ministro de Infraestructura, Agua y Energ\u00eda, Arq. Fernando Perea; el intendente de Sarmiento, Alfredo Castro; y dem\u00e1s funcionarios provinciales y municipales.<\/p>\n<p>La pol\u00edtica habitacional impulsada por el Gobierno provincial se traduce en un beneficio concreto y transformador para estas familias, que hoy pueden mirar hacia adelante con mayor estabilidad y previsibilidad despu\u00e9s de a\u00f1os de espera.<\/p>\n<p>El acceso a una vivienda digna no solo resuelve una necesidad b\u00e1sica, sino que mejora de manera directa la calidad de vida: afianza el arraigo en la comunidad, fortalece los v\u00ednculos familiares y crea un entorno m\u00e1s seguro y adecuado para el desarrollo de ni\u00f1os y ni\u00f1as.<\/p>\n<p>Las unidades habitacionales est\u00e1n dise\u00f1adas para cubrir las necesidades esenciales de las familias. Cada vivienda cuenta con dos dormitorios, ba\u00f1o, comedor y cocina, adem\u00e1s de un espacio interior destinado al lavarropas y una pileta de lavar en el exterior. Tambi\u00e9n est\u00e1n equipadas con instalaci\u00f3n el\u00e9ctrica completa, conexi\u00f3n a la red de agua potable, tanque de reserva de 850 litros y sistema de desag\u00fce cloacal.<\/p>\n<p>Este tipo de obras no solo mejora la vida de quienes reciben su casa, sino que tambi\u00e9n dinamiza la comunidad, promoviendo el desarrollo urbano y fortaleciendo el tejido social del departamento.<\/p>\n<p><iframe loading=\"lazy\" title=\"Orrego entreg\u00f3 viviendas y herramientas en Sarmiento, adem\u00e1s anunci\u00f3 un pavimento muy esperado\" width=\"800\" height=\"450\" src=\"https:\/\/www.youtube.com\/embed\/P5O418uOH98?feature=oembed\" frameborder=\"0\" allow=\"accelerometer; autoplay; clipboard-write; encrypted-media; gyroscope; picture-in-picture; web-share\" referrerpolicy=\"strict-origin-when-cross-origin\" allowfullscreen><\/iframe><\/p>\n<p><span style=\"color: #ff6600;\"><strong>M\u00e1s oportunidades para crecer: capacitaci\u00f3n y herramientas para vecinos de Sarmiento<\/strong><\/span><\/p>\n<p>En el mismo marco, se realiz\u00f3 el acto de entrega de herramientas y certificados del programa \u201cAprender, Trabajar y Producir\u201d, una iniciativa que apunta a fortalecer las oportunidades laborales y el desarrollo del autoempleo en el departamento. A este acto se sum\u00f3 el ministro de Producci\u00f3n, Trabajo e Innovaci\u00f3n, Gustavo Fern\u00e1ndez y autoridades de esa cartera.<\/p>\n<p>Durante la jornada se entregaron 127 certificados a vecinos y vecinas que participaron de las capacitaciones, junto con el acompa\u00f1amiento a 5 proyectos de autoempleo vinculados a la formaci\u00f3n en Panader\u00eda y Pasteler\u00eda sin TACC.<\/p>\n<p>Estas acciones responden a una necesidad concreta de la comunidad de Sarmiento: acercar instancias de formaci\u00f3n a quienes, por razones de distancia, muchas veces quedan fuera de las convocatorias tradicionales. En este sentido, las capacitaciones se dictaron en espacios accesibles como el Sal\u00f3n de la Agrupaci\u00f3n Ciclista Ram\u00f3n Cornejo y el SUM del Centro Cultural Media Agua.<\/p>\n<p>Participaron 127 vecinos provenientes de distintas localidades del departamento, entre ellas Los Berros, Colonia Fiscal, Punta del M\u00e9dano y Villa Cabecera, consolidando una propuesta que apuesta al desarrollo local y a la generaci\u00f3n de nuevas oportunidades de ingreso.<\/p>\n<p>De esta manera, la entrega de viviendas se complementa con herramientas concretas para el crecimiento personal y laboral, fortaleciendo no solo el presente de las familias, sino tambi\u00e9n sus posibilidades a futuro.<\/p>\n<p>&nbsp;<\/p>\n<p><img loading=\"lazy\" decoding=\"async\" class=\"alignnone size-full wp-image-65642\" src=\"https:\/\/vocesparalelas.com.ar\/sitio\/wp-content\/uploads\/2023\/11\/GOBIERNO-SAN-JUAN.jpg\" alt=\"\" width=\"800\" height=\"600\" srcset=\"https:\/\/vocesparalelas.com.ar\/sitio\/wp-content\/uploads\/2023\/11\/GOBIERNO-SAN-JUAN.jpg 800w, https:\/\/vocesparalelas.com.ar\/sitio\/wp-content\/uploads\/2023\/11\/GOBIERNO-SAN-JUAN-300x225.jpg 300w, https:\/\/vocesparalelas.com.ar\/sitio\/wp-content\/uploads\/2023\/11\/GOBIERNO-SAN-JUAN-768x576.jpg 768w\" sizes=\"auto, (max-width: 800px) 100vw, 800px\" \/><\/p>\n","protected":false},"excerpt":{"rendered":"<p>El gobernador de San Juan, Dr. Marcelo Orrego entreg\u00f3 51 casas del Barrio Solares del Sur, a familias del Departamento<\/p>\n","protected":false},"author":3,"featured_media":98301,"comment_status":"closed","ping_status":"closed","sticky":false,"template":"","format":"standard","meta":{"_acf_changed":false,"_seopress_robots_primary_cat":"none","_seopress_titles_title":"","_seopress_titles_desc":"","_seopress_robots_index":"","colormag_page_container_layout":"default_layout","colormag_page_sidebar_layout":"default_layout","footnotes":""},"categories":[1],"tags":[],"class_list":["post-98298","post","type-post","status-publish","format-standard","has-post-thumbnail","hentry","category-destacadas"],"acf":[],"_links":{"self":[{"href":"https:\/\/vocesparalelas.com.ar\/sitio\/wp-json\/wp\/v2\/posts\/98298","targetHints":{"allow":["GET"]}}],"collection":[{"href":"https:\/\/vocesparalelas.com.ar\/sitio\/wp-json\/wp\/v2\/posts"}],"about":[{"href":"https:\/\/vocesparalelas.com.ar\/sitio\/wp-json\/wp\/v2\/types\/post"}],"author":[{"embeddable":true,"href":"https:\/\/vocesparalelas.com.ar\/sitio\/wp-json\/wp\/v2\/users\/3"}],"replies":[{"embeddable":true,"href":"https:\/\/vocesparalelas.com.ar\/sitio\/wp-json\/wp\/v2\/comments?post=98298"}],"version-history":[{"count":3,"href":"https:\/\/vocesparalelas.com.ar\/sitio\/wp-json\/wp\/v2\/posts\/98298\/revisions"}],"predecessor-version":[{"id":98304,"href":"https:\/\/vocesparalelas.com.ar\/sitio\/wp-json\/wp\/v2\/posts\/98298\/revisions\/98304"}],"wp:featuredmedia":[{"embeddable":true,"href":"https:\/\/vocesparalelas.com.ar\/sitio\/wp-json\/wp\/v2\/media\/98301"}],"wp:attachment":[{"href":"https:\/\/vocesparalelas.com.ar\/sitio\/wp-json\/wp\/v2\/media?parent=98298"}],"wp:term":[{"taxonomy":"category","embeddable":true,"href":"https:\/\/vocesparalelas.com.ar\/sitio\/wp-json\/wp\/v2\/categories?post=98298"},{"taxonomy":"post_tag","embeddable":true,"href":"https:\/\/vocesparalelas.com.ar\/sitio\/wp-json\/wp\/v2\/tags?post=98298"}],"curies":[{"name":"wp","href":"https:\/\/api.w.org\/{rel}","templated":true}]}}