{"id":98286,"date":"2026-03-30T22:00:23","date_gmt":"2026-03-31T01:00:23","guid":{"rendered":"https:\/\/vocesparalelas.com.ar\/sitio\/?p=98286"},"modified":"2026-04-02T12:46:10","modified_gmt":"2026-04-02T15:46:10","slug":"homenaje-a-veteranos-y-caidos-en-malvinas-argentinas-san-juan-2026","status":"publish","type":"post","link":"https:\/\/vocesparalelas.com.ar\/sitio\/homenaje-a-veteranos-y-caidos-en-malvinas-argentinas-san-juan-2026\/","title":{"rendered":"Homenaje a Veteranos y Ca\u00eddos en Malvinas Argentinas San Juan 2026"},"content":{"rendered":"<p>El Ministerio de Gobierno de San Juan invita a la comunidad a participar de las actividades conmemorativas que se desarrollar\u00e1n el 1 y 2 de Abril en el marco del Homenaje a Veteranos y Ca\u00eddos en Malvinas Argentinas San Juan 2026<\/p>\n<p><strong><span style=\"color: #0000ff;\">Mi\u00e9rcoles, 1 de Abril<\/span><\/strong><\/p>\n<p>Monumento a los Ca\u00eddos en Malvinas, Plaza Espa\u00f1a (Capital).<\/p>\n<ul>\n<li>19:00 hs: Apertura de la Vigilia.<\/li>\n<li>20:00 hs: Presentaci\u00f3n de n\u00fameros art\u00edsticos.<\/li>\n<li>00:00 hs: Entonaci\u00f3n del Himno Nacional Argentino, minuto de silencio y Marcha de Malvinas, en homenaje a nuestros ca\u00eddos.<\/li>\n<li>00:30 hs: Continuaci\u00f3n de vigilia en escenario.<\/li>\n<\/ul>\n<p>Durante la jornada habr\u00e1 muestras de pertrechos de veteranos de guerra de Malvinas, muestra del Archivo General de la Provincia, exposici\u00f3n del RIM 22 y Delegaci\u00f3n Naval San Juan, adem\u00e1s de stands y actividades recreativas para ni\u00f1os.<\/p>\n<p><iframe loading=\"lazy\" title=\"SAN JUAN GESTA MALVINAS ARGENTINA\" width=\"800\" height=\"450\" src=\"https:\/\/www.youtube.com\/embed\/mtYpLzY0IWU?feature=oembed\" frameborder=\"0\" allow=\"accelerometer; autoplay; clipboard-write; encrypted-media; gyroscope; picture-in-picture; web-share\" referrerpolicy=\"strict-origin-when-cross-origin\" allowfullscreen><\/iframe><\/p>\n<p><strong><span style=\"color: #0000ff;\">Jueves, 2 de Abril<\/span><\/strong><\/p>\n<ul>\n<li>10:00 hs: Acto Central y desfile patrio por calle San Luis, entre Las Heras y Espa\u00f1a, con la participaci\u00f3n de familiares de ca\u00eddos, veteranos de guerra y representantes de las Fuerzas Armadas.<\/li>\n<li>12:00 hs: Culminaci\u00f3n de actividades.<\/li>\n<\/ul>\n<p><iframe loading=\"lazy\" title=\"SAN JUAN MALVINAS HIMNO NACIONAL ARGENTINO\" width=\"800\" height=\"450\" src=\"https:\/\/www.youtube.com\/embed\/sS-QE7Cta9c?feature=oembed\" frameborder=\"0\" allow=\"accelerometer; autoplay; clipboard-write; encrypted-media; gyroscope; picture-in-picture; web-share\" referrerpolicy=\"strict-origin-when-cross-origin\" allowfullscreen><\/iframe><\/p>\n<p>&nbsp;<\/p>\n<p><img loading=\"lazy\" decoding=\"async\" class=\"alignnone size-full wp-image-84495\" src=\"https:\/\/vocesparalelas.com.ar\/sitio\/wp-content\/uploads\/2025\/03\/MALVINAS-ARGENTINA.jpg\" alt=\"\" width=\"800\" height=\"450\" srcset=\"https:\/\/vocesparalelas.com.ar\/sitio\/wp-content\/uploads\/2025\/03\/MALVINAS-ARGENTINA.jpg 800w, https:\/\/vocesparalelas.com.ar\/sitio\/wp-content\/uploads\/2025\/03\/MALVINAS-ARGENTINA-300x169.jpg 300w, https:\/\/vocesparalelas.com.ar\/sitio\/wp-content\/uploads\/2025\/03\/MALVINAS-ARGENTINA-768x432.jpg 768w\" sizes=\"auto, (max-width: 800px) 100vw, 800px\" \/><\/p>\n<p>&nbsp;<\/p>\n","protected":false},"excerpt":{"rendered":"<p>El Ministerio de Gobierno de San Juan invita a la comunidad a participar de las actividades conmemorativas que se desarrollar\u00e1n<\/p>\n","protected":false},"author":3,"featured_media":70902,"comment_status":"closed","ping_status":"closed","sticky":false,"template":"","format":"standard","meta":{"_acf_changed":false,"_seopress_robots_primary_cat":"none","_seopress_titles_title":"","_seopress_titles_desc":"","_seopress_robots_index":"","colormag_page_container_layout":"default_layout","colormag_page_sidebar_layout":"default_layout","footnotes":""},"categories":[1,7],"tags":[],"class_list":["post-98286","post","type-post","status-publish","format-standard","has-post-thumbnail","hentry","category-destacadas","category-videos"],"acf":[],"_links":{"self":[{"href":"https:\/\/vocesparalelas.com.ar\/sitio\/wp-json\/wp\/v2\/posts\/98286","targetHints":{"allow":["GET"]}}],"collection":[{"href":"https:\/\/vocesparalelas.com.ar\/sitio\/wp-json\/wp\/v2\/posts"}],"about":[{"href":"https:\/\/vocesparalelas.com.ar\/sitio\/wp-json\/wp\/v2\/types\/post"}],"author":[{"embeddable":true,"href":"https:\/\/vocesparalelas.com.ar\/sitio\/wp-json\/wp\/v2\/users\/3"}],"replies":[{"embeddable":true,"href":"https:\/\/vocesparalelas.com.ar\/sitio\/wp-json\/wp\/v2\/comments?post=98286"}],"version-history":[{"count":3,"href":"https:\/\/vocesparalelas.com.ar\/sitio\/wp-json\/wp\/v2\/posts\/98286\/revisions"}],"predecessor-version":[{"id":98291,"href":"https:\/\/vocesparalelas.com.ar\/sitio\/wp-json\/wp\/v2\/posts\/98286\/revisions\/98291"}],"wp:featuredmedia":[{"embeddable":true,"href":"https:\/\/vocesparalelas.com.ar\/sitio\/wp-json\/wp\/v2\/media\/70902"}],"wp:attachment":[{"href":"https:\/\/vocesparalelas.com.ar\/sitio\/wp-json\/wp\/v2\/media?parent=98286"}],"wp:term":[{"taxonomy":"category","embeddable":true,"href":"https:\/\/vocesparalelas.com.ar\/sitio\/wp-json\/wp\/v2\/categories?post=98286"},{"taxonomy":"post_tag","embeddable":true,"href":"https:\/\/vocesparalelas.com.ar\/sitio\/wp-json\/wp\/v2\/tags?post=98286"}],"curies":[{"name":"wp","href":"https:\/\/api.w.org\/{rel}","templated":true}]}}