{"id":98279,"date":"2026-03-29T22:27:56","date_gmt":"2026-03-30T01:27:56","guid":{"rendered":"https:\/\/vocesparalelas.com.ar\/sitio\/?p=98279"},"modified":"2026-03-29T22:27:56","modified_gmt":"2026-03-30T01:27:56","slug":"pablo-manuel-bien-y-clara-debiassi-ganaron-el-ironman-70-3-san-juan-2026","status":"publish","type":"post","link":"https:\/\/vocesparalelas.com.ar\/sitio\/pablo-manuel-bien-y-clara-debiassi-ganaron-el-ironman-70-3-san-juan-2026\/","title":{"rendered":"Pablo Manuel Bien y Clara Debiassi ganaron el IRONMAN 70.3 \u2013 San Juan 2026"},"content":{"rendered":"<p>Los triatletas de Buenos Aires terminaron primeros en la clasificaci\u00f3n general individual. El bahiense logr\u00f3 otro podio en la provincia, mientras que la marplatense logr\u00f3 su primer triunfo en esta distancia.<\/p>\n<p>Pablo Manuel Bien, de Bah\u00eda Blanca, y Clara Debiassi, de Mar del Plata, son los flamantes ganadores de IRONMAN 70.3 \u2013 San Juan 2026. La carrera internacional de triatl\u00f3n se celebr\u00f3 este domingo 29 de marzo, con 1200 inscriptos provenientes de m\u00e1s de 20 pa\u00edses de todo el mundo. Fue organizado por World Triathlon Company, patrocinado por empresas privadas como Veladero y Baggio \u2013entre otras-, y con respaldo y trabajo interministerial de Gobierno de San Juan.<\/p>\n<p>La exigente competencia deportiva inici\u00f3 a las 8 desde el embarcadero del Dique Punta Negra, Departamento Zonda. Despu\u00e9s de cantar el Himno Nacional Argentino, los atletas nadaron 1,9 kil\u00f3metros (KM). El ingreso al espejo de agua fue de la siguiente manera: en primer lugar, la categor\u00eda individual. Tres atletas cada cinco segundos. Y en \u00faltimo lugar, los participantes de la categor\u00eda equipo o por postas.<\/p>\n<p>Al t\u00e9rmino del nado en aguas abiertas, los atletas iniciaron con el tramo de ciclismo en ruta, que consisti\u00f3 en 90 KM entre los departamentos Ullum y Capital, pasando entremedio por Rivadavia. Los puntos estrat\u00e9gicos de este tramo en bicicleta fueron: descenso de Dique Punta Negra, calle Las Moras, paso por Villa Ib\u00e1\u00f1ez de Ullum y descenso por el Dique, localidades de Marquesado y Desamparados hasta llegar a los pies del Teatro Bicentenario. Posteriormente, los participantes corrieron a pie 21,1 KM, mientras pasaban por el frente de reconocidos sitios capitalinos. Por ejemplo: Centro C\u00edvico, Parque de Mayo, Estadio Aldo Cantoni, Auditorio Juan Victoria, Casa Natal de Sarmiento, entre otros, hasta concluir en l\u00ednea de llegada en Plaza Bicentenario.<\/p>\n<p>El primer atleta que cruz\u00f3 l\u00ednea de meta fue Pablo Manuel Bien, a las 11:51 horas. El oriundo de Bah\u00eda Blanca, de la subcategor\u00eda entre 35 y 39 a\u00f1os, quien fue tercero en la edici\u00f3n sanjuanina de 2023, recibi\u00f3 su medalla en manos del gobernador Marcelo Orrego, la autoridad principal en ese sector. Junto a \u00e9l hubo presentes ministros, intendentes, secretarios y directores de diversas \u00e1reas de Gobierno.<\/p>\n<p>La carrera celebrada es la quinta en la historia de la provincia. Y es consecuente con el d\u00e9cimo aniversario de IRONMAN en Argentina. Por otro lado, vale destacar que San Juan en 2026 ser\u00e1 la \u00fanica ciudad en el mundo en recibir las tres distancias de IRONMAN en un a\u00f1o calendario. Al 70.3 del 29 de marzo se sumar\u00e1n el 51.50 del viernes 30 de octubre y el full completo del domingo 01 de noviembre.<\/p>\n<p>Por \u00faltimo, una s\u00edntesis informativa con los principales puestos en las cuatro macro categor\u00edas.<\/p>\n<p><span style=\"color: #008000;\"><strong>Individual \u2013 Masculino<\/strong><\/span><\/p>\n<p>1) #70 Pablo Manuel Bien \u2013 Argentina \u2013 35 a 39 a\u00f1os &#8211; 3 horas, 51 minutos y 01 segundo.<\/p>\n<p>2) #24 Guillermo Garc\u00eda \u2013 Argentina \u2013 35 a 39 a\u00f1os &#8211; 3:59:06, a 8 minutos y 04 segundos.<\/p>\n<p>3) #651 Jos\u00e9 Belarmino \u2013 Brasil \u2013 45 a 49 a\u00f1os \u2013 4:00:17, a 9 minutos y 15 segundos.<\/p>\n<p><img loading=\"lazy\" decoding=\"async\" class=\"alignnone size-full wp-image-98283\" src=\"https:\/\/vocesparalelas.com.ar\/sitio\/wp-content\/uploads\/2026\/03\/IRONMAN-2026-02.jpg\" alt=\"\" width=\"800\" height=\"533\" srcset=\"https:\/\/vocesparalelas.com.ar\/sitio\/wp-content\/uploads\/2026\/03\/IRONMAN-2026-02.jpg 800w, https:\/\/vocesparalelas.com.ar\/sitio\/wp-content\/uploads\/2026\/03\/IRONMAN-2026-02-300x200.jpg 300w, https:\/\/vocesparalelas.com.ar\/sitio\/wp-content\/uploads\/2026\/03\/IRONMAN-2026-02-768x512.jpg 768w\" sizes=\"auto, (max-width: 800px) 100vw, 800px\" \/><\/p>\n<p>&nbsp;<\/p>\n<p><strong><span style=\"color: #008000;\">Individual \u2013 Femenino<\/span><\/strong><\/p>\n<p>1) #321 Clara Debiassi \u2013 Argentina \u2013 25 a 29 a\u00f1os \u2013 4 horas, 39 minutos y 09 segundos.<\/p>\n<p>2) #115 Brenda Ayel\u00e9n Rosso \u2013 Argentina \u2013 35 a 39 a\u00f1os \u2013 4:39:31, a 22 segundos.<\/p>\n<p>3) Mar\u00eda Fraga \u2013 Argentina \u2013 45 a 49 a\u00f1os \u2013 4:45:41, a 6 minutos y 32 segundos.<\/p>\n<p>&nbsp;<\/p>\n<p><img loading=\"lazy\" decoding=\"async\" class=\"alignnone size-full wp-image-98284\" src=\"https:\/\/vocesparalelas.com.ar\/sitio\/wp-content\/uploads\/2026\/03\/IRONMAN-2026-03.jpg\" alt=\"\" width=\"800\" height=\"533\" srcset=\"https:\/\/vocesparalelas.com.ar\/sitio\/wp-content\/uploads\/2026\/03\/IRONMAN-2026-03.jpg 800w, https:\/\/vocesparalelas.com.ar\/sitio\/wp-content\/uploads\/2026\/03\/IRONMAN-2026-03-300x200.jpg 300w, https:\/\/vocesparalelas.com.ar\/sitio\/wp-content\/uploads\/2026\/03\/IRONMAN-2026-03-768x512.jpg 768w\" sizes=\"auto, (max-width: 800px) 100vw, 800px\" \/><\/p>\n<p><strong><span style=\"color: #008000;\">Equipo en Posta<\/span><\/strong><\/p>\n<p>1) Municipalidad de Santa Luc\u00eda (A) \u2013 3 horas, 44 minutos y 15 segundos.<\/p>\n<p>Integrantes: Felipe Vargas, nado en aguas abiertas (24:58 m\/s); Mauro Dom\u00ednguez, en ciclismo (2:01:33); y Marcos Arce, carrera a pie (1:14:18).<\/p>\n<p><strong><span style=\"color: #008000;\">Adaptado<\/span><\/strong><\/p>\n<p>1) Sebasti\u00e1n Fern\u00e1ndez \u2013 San Juan, Argentina.<\/p>\n<p>Los resultados completos est\u00e1n disponibles en la p\u00e1gina web de IRONMAN<\/p>\n<p><a href=\"http:\/\/www.ironman.com\/races\/im703-san-juan\/results\">http:\/\/www.ironman.com\/races\/im703-san-juan\/results<\/a><\/p>\n<p>o bien en la aplicaci\u00f3n m\u00f3vil para tel\u00e9fono celular IRONMAN TACKER<\/p>\n<p><a href=\"http:\/\/www.ironman.com\/resources\/athlete-tracker-app\">http:\/\/www.ironman.com\/resources\/athlete-tracker-app<\/a><\/p>\n<p><strong><span style=\"color: #008000;\">Conoce todas las noticias relacionadas al evento en IRONMAN 2026 <\/span><\/strong><\/p>\n<p><a href=\"http:\/\/sisanjuan.gob.ar\/ironman-2026\">http:\/\/sisanjuan.gob.ar\/ironman-2026<\/a><\/p>\n<p><strong><span style=\"color: #008000;\">Streaming oficial en vivo de IRONMAN 70.3 &#8211; San Juan 2026<\/span><\/strong><\/p>\n<p><a href=\"http:\/\/www.youtube.com\/watch?v=tzjn17UE2L8\">www.youtube.com\/watch?v=tzjn17UE2L8<\/a><\/p>\n<p>&nbsp;<\/p>\n<p>&nbsp;<\/p>\n","protected":false},"excerpt":{"rendered":"<p>Los triatletas de Buenos Aires terminaron primeros en la clasificaci\u00f3n general individual. El bahiense logr\u00f3 otro podio en la provincia,<\/p>\n","protected":false},"author":3,"featured_media":98282,"comment_status":"closed","ping_status":"closed","sticky":false,"template":"","format":"standard","meta":{"_acf_changed":false,"_seopress_robots_primary_cat":"none","_seopress_titles_title":"","_seopress_titles_desc":"","_seopress_robots_index":"","colormag_page_container_layout":"default_layout","colormag_page_sidebar_layout":"default_layout","footnotes":""},"categories":[1],"tags":[],"class_list":["post-98279","post","type-post","status-publish","format-standard","has-post-thumbnail","hentry","category-destacadas"],"acf":[],"_links":{"self":[{"href":"https:\/\/vocesparalelas.com.ar\/sitio\/wp-json\/wp\/v2\/posts\/98279","targetHints":{"allow":["GET"]}}],"collection":[{"href":"https:\/\/vocesparalelas.com.ar\/sitio\/wp-json\/wp\/v2\/posts"}],"about":[{"href":"https:\/\/vocesparalelas.com.ar\/sitio\/wp-json\/wp\/v2\/types\/post"}],"author":[{"embeddable":true,"href":"https:\/\/vocesparalelas.com.ar\/sitio\/wp-json\/wp\/v2\/users\/3"}],"replies":[{"embeddable":true,"href":"https:\/\/vocesparalelas.com.ar\/sitio\/wp-json\/wp\/v2\/comments?post=98279"}],"version-history":[{"count":1,"href":"https:\/\/vocesparalelas.com.ar\/sitio\/wp-json\/wp\/v2\/posts\/98279\/revisions"}],"predecessor-version":[{"id":98285,"href":"https:\/\/vocesparalelas.com.ar\/sitio\/wp-json\/wp\/v2\/posts\/98279\/revisions\/98285"}],"wp:featuredmedia":[{"embeddable":true,"href":"https:\/\/vocesparalelas.com.ar\/sitio\/wp-json\/wp\/v2\/media\/98282"}],"wp:attachment":[{"href":"https:\/\/vocesparalelas.com.ar\/sitio\/wp-json\/wp\/v2\/media?parent=98279"}],"wp:term":[{"taxonomy":"category","embeddable":true,"href":"https:\/\/vocesparalelas.com.ar\/sitio\/wp-json\/wp\/v2\/categories?post=98279"},{"taxonomy":"post_tag","embeddable":true,"href":"https:\/\/vocesparalelas.com.ar\/sitio\/wp-json\/wp\/v2\/tags?post=98279"}],"curies":[{"name":"wp","href":"https:\/\/api.w.org\/{rel}","templated":true}]}}