{"id":98270,"date":"2026-03-29T18:30:57","date_gmt":"2026-03-29T21:30:57","guid":{"rendered":"https:\/\/vocesparalelas.com.ar\/sitio\/?p=98270"},"modified":"2026-03-29T18:31:10","modified_gmt":"2026-03-29T21:31:10","slug":"implementacion-de-alivio-fiscal-para-el-riego-agricola-en-san-juan","status":"publish","type":"post","link":"https:\/\/vocesparalelas.com.ar\/sitio\/implementacion-de-alivio-fiscal-para-el-riego-agricola-en-san-juan\/","title":{"rendered":"Implementaci\u00f3n de alivio Fiscal para el riego agr\u00edcola en San Juan"},"content":{"rendered":"<p>Significa la reducci\u00f3n de la al\u00edcuota de IVA a la provisi\u00f3n de energ\u00eda el\u00e9ctrica utilizada en sistemas y\/o equipos de riego con destino al sector agroindustrial.<\/p>\n<p>Para garantizar la inmediata aplicaci\u00f3n de los beneficios tributarios contemplados en la Ley 27.802 de Modernizaci\u00f3n Laboral, el Directorio del Ente Provincial Regulador de la Electricidad, conjuntamente con Autoridades del Ministerio de Producci\u00f3n, Trabajo e Innovaci\u00f3n (Secretar\u00eda de Agricultura y Ganader\u00eda, Secretar\u00eda de Industria, Comercio y Servicios) y del Ministerio Infraestructura, Agua y Energ\u00eda (Direcci\u00f3n de Recursos Energ\u00e9ticos), lleva adelante hoy una sesi\u00f3n de trabajo t\u00e9cnico con representantes de las C\u00e1maras Agroindustriales.<\/p>\n<p>Se inician las tareas para establecer protocolos de validaci\u00f3n expeditivos, que garanticen el efectivo e inmediato traslado del beneficio (al\u00edcuota IVA 10,5%), al costo final de la energ\u00eda de los suministros beneficiarios, eliminando redundancias burocr\u00e1ticas.<\/p>\n<p>El E.P.R.E. instruir\u00e1 y supervisar\u00e1 la adecuaci\u00f3n de los sistemas de facturaci\u00f3n de las Distribuidoras, para reflejar la reducci\u00f3n del IVA de forma directa y auditable en el medidor del productor.<\/p>\n<p>La medida nacional atiende a mitigar el impacto del componente energ\u00e9tico en la estructura de costos del Servicio El\u00e9ctrico en sistemas y\/o equipos de riego con destino al sector agroindustrial.<\/p>\n<p style=\"text-align: right;\">Directorio E.P.R.E.<\/p>\n<p>&nbsp;<\/p>\n<p>&nbsp;<\/p>\n<p><img loading=\"lazy\" decoding=\"async\" class=\"alignnone size-large wp-image-13177\" src=\"https:\/\/vocesparalelas.com.ar\/sitio\/wp-content\/uploads\/2018\/07\/EPRE-LOGO-NUEVO-800x493.jpg\" alt=\"\" width=\"800\" height=\"493\" srcset=\"https:\/\/vocesparalelas.com.ar\/sitio\/wp-content\/uploads\/2018\/07\/EPRE-LOGO-NUEVO-800x493.jpg 800w, https:\/\/vocesparalelas.com.ar\/sitio\/wp-content\/uploads\/2018\/07\/EPRE-LOGO-NUEVO-300x185.jpg 300w, https:\/\/vocesparalelas.com.ar\/sitio\/wp-content\/uploads\/2018\/07\/EPRE-LOGO-NUEVO-768x473.jpg 768w, https:\/\/vocesparalelas.com.ar\/sitio\/wp-content\/uploads\/2018\/07\/EPRE-LOGO-NUEVO.jpg 1000w\" sizes=\"auto, (max-width: 800px) 100vw, 800px\" \/><\/p>\n","protected":false},"excerpt":{"rendered":"<p>Significa la reducci\u00f3n de la al\u00edcuota de IVA a la provisi\u00f3n de energ\u00eda el\u00e9ctrica utilizada en sistemas y\/o equipos de<\/p>\n","protected":false},"author":3,"featured_media":85438,"comment_status":"closed","ping_status":"closed","sticky":false,"template":"","format":"standard","meta":{"_acf_changed":false,"_seopress_robots_primary_cat":"none","_seopress_titles_title":"","_seopress_titles_desc":"","_seopress_robots_index":"","colormag_page_container_layout":"default_layout","colormag_page_sidebar_layout":"default_layout","footnotes":""},"categories":[1],"tags":[],"class_list":["post-98270","post","type-post","status-publish","format-standard","has-post-thumbnail","hentry","category-destacadas"],"acf":[],"_links":{"self":[{"href":"https:\/\/vocesparalelas.com.ar\/sitio\/wp-json\/wp\/v2\/posts\/98270","targetHints":{"allow":["GET"]}}],"collection":[{"href":"https:\/\/vocesparalelas.com.ar\/sitio\/wp-json\/wp\/v2\/posts"}],"about":[{"href":"https:\/\/vocesparalelas.com.ar\/sitio\/wp-json\/wp\/v2\/types\/post"}],"author":[{"embeddable":true,"href":"https:\/\/vocesparalelas.com.ar\/sitio\/wp-json\/wp\/v2\/users\/3"}],"replies":[{"embeddable":true,"href":"https:\/\/vocesparalelas.com.ar\/sitio\/wp-json\/wp\/v2\/comments?post=98270"}],"version-history":[{"count":1,"href":"https:\/\/vocesparalelas.com.ar\/sitio\/wp-json\/wp\/v2\/posts\/98270\/revisions"}],"predecessor-version":[{"id":98273,"href":"https:\/\/vocesparalelas.com.ar\/sitio\/wp-json\/wp\/v2\/posts\/98270\/revisions\/98273"}],"wp:featuredmedia":[{"embeddable":true,"href":"https:\/\/vocesparalelas.com.ar\/sitio\/wp-json\/wp\/v2\/media\/85438"}],"wp:attachment":[{"href":"https:\/\/vocesparalelas.com.ar\/sitio\/wp-json\/wp\/v2\/media?parent=98270"}],"wp:term":[{"taxonomy":"category","embeddable":true,"href":"https:\/\/vocesparalelas.com.ar\/sitio\/wp-json\/wp\/v2\/categories?post=98270"},{"taxonomy":"post_tag","embeddable":true,"href":"https:\/\/vocesparalelas.com.ar\/sitio\/wp-json\/wp\/v2\/tags?post=98270"}],"curies":[{"name":"wp","href":"https:\/\/api.w.org\/{rel}","templated":true}]}}