{"id":98265,"date":"2026-03-29T09:29:32","date_gmt":"2026-03-29T12:29:32","guid":{"rendered":"https:\/\/vocesparalelas.com.ar\/sitio\/?p=98265"},"modified":"2026-03-30T20:40:34","modified_gmt":"2026-03-30T23:40:34","slug":"semana-santa-2026-en-san-juan","status":"publish","type":"post","link":"https:\/\/vocesparalelas.com.ar\/sitio\/semana-santa-2026-en-san-juan\/","title":{"rendered":"Semana Santa 2026 en San Juan"},"content":{"rendered":"<p>\u00a1Querida comunidad de San Juan! Nos preparamos para vivir el misterio de amor m\u00e1s grande. En esta Semana Santa, queremos caminar juntos como Iglesia, acompa\u00f1ando a Jes\u00fas en su Pasi\u00f3n, Muerte y Resurrecci\u00f3n. Para que todos podamos unirnos en oraci\u00f3n, comuni\u00f3n y servicio, les compartimos la organizaci\u00f3n de las celebraciones en nuestra Arquidi\u00f3cesis.<\/p>\n<p>Para facilitar la participaci\u00f3n de todos los fieles, medios de comunicaci\u00f3n y la comunidad civil, hemos organizado la informaci\u00f3n de manera accesible y transparente:<\/p>\n<p>Horarios detallados por comunidad:<\/p>\n<p>En el siguiente enlace encontrar\u00e1n el detalle completo con los d\u00edas y horarios de todas las misas y actividades. Podr\u00e1n consultar la grilla de nuestra Parroquia San Juan Bautista &#8211; Catedral, la Bas\u00edlica Ntra. Sra. de los Desamparados y dem\u00e1s parroquias y capillas a lo largo de nuestra geograf\u00eda sanjuanina:<\/p>\n<p><a href=\"https:\/\/docs.google.com\/spreadsheets\/d\/1lVSiLSWhTlQ2SWEpVx-Wo0xtZxjbfFToFRQJ4qMyi30\/edit?usp=sharing\">https:\/\/docs.google.com\/spreadsheets\/d\/1lVSiLSWhTlQ2SWEpVx-Wo0xtZxjbfFToFRQJ4qMyi30\/edit?usp=sharing<\/a><\/p>\n<p><strong><span style=\"color: #ff6600;\">Programas en formato gr\u00e1fico:<\/span><\/strong><\/p>\n<p>Si desean descargar los cronogramas en formato imagen para compartirlos f\u00e1cilmente con sus familias, comunidades parroquiales o en sus propios estados, pueden acceder a la siguiente carpeta:<\/p>\n<p><a href=\"https:\/\/drive.google.com\/drive\/folders\/11xzCryP7X8bFZTXseaDZtJNGlsm8M0up?usp=sharing\">https:\/\/drive.google.com\/drive\/folders\/11xzCryP7X8bFZTXseaDZtJNGlsm8M0up?usp=sharing<\/a><\/p>\n<p>Vivamos estos d\u00edas santos con profunda esperanza, renovando nuestra fe y haciendo de nuestra provincia una verdadera comunidad de puertas abiertas. \u00a1Que el Se\u00f1or y nuestra Virgen de los Desamparados bendigan a cada una de sus familias!<\/p>\n<p><img loading=\"lazy\" decoding=\"async\" class=\"alignnone size-full wp-image-61416\" src=\"https:\/\/vocesparalelas.com.ar\/sitio\/wp-content\/uploads\/2023\/07\/ARZOBISPADO-EDIFICIO.jpg\" alt=\"\" width=\"800\" height=\"600\" srcset=\"https:\/\/vocesparalelas.com.ar\/sitio\/wp-content\/uploads\/2023\/07\/ARZOBISPADO-EDIFICIO.jpg 800w, https:\/\/vocesparalelas.com.ar\/sitio\/wp-content\/uploads\/2023\/07\/ARZOBISPADO-EDIFICIO-300x225.jpg 300w, https:\/\/vocesparalelas.com.ar\/sitio\/wp-content\/uploads\/2023\/07\/ARZOBISPADO-EDIFICIO-768x576.jpg 768w\" sizes=\"auto, (max-width: 800px) 100vw, 800px\" \/><\/p>\n","protected":false},"excerpt":{"rendered":"<p>\u00a1Querida comunidad de San Juan! Nos preparamos para vivir el misterio de amor m\u00e1s grande. En esta Semana Santa, queremos<\/p>\n","protected":false},"author":3,"featured_media":98268,"comment_status":"closed","ping_status":"closed","sticky":false,"template":"","format":"standard","meta":{"_acf_changed":false,"_seopress_robots_primary_cat":"none","_seopress_titles_title":"","_seopress_titles_desc":"","_seopress_robots_index":"","colormag_page_container_layout":"default_layout","colormag_page_sidebar_layout":"default_layout","footnotes":""},"categories":[20],"tags":[],"class_list":["post-98265","post","type-post","status-publish","format-standard","has-post-thumbnail","hentry","category-cartelera"],"acf":[],"_links":{"self":[{"href":"https:\/\/vocesparalelas.com.ar\/sitio\/wp-json\/wp\/v2\/posts\/98265","targetHints":{"allow":["GET"]}}],"collection":[{"href":"https:\/\/vocesparalelas.com.ar\/sitio\/wp-json\/wp\/v2\/posts"}],"about":[{"href":"https:\/\/vocesparalelas.com.ar\/sitio\/wp-json\/wp\/v2\/types\/post"}],"author":[{"embeddable":true,"href":"https:\/\/vocesparalelas.com.ar\/sitio\/wp-json\/wp\/v2\/users\/3"}],"replies":[{"embeddable":true,"href":"https:\/\/vocesparalelas.com.ar\/sitio\/wp-json\/wp\/v2\/comments?post=98265"}],"version-history":[{"count":1,"href":"https:\/\/vocesparalelas.com.ar\/sitio\/wp-json\/wp\/v2\/posts\/98265\/revisions"}],"predecessor-version":[{"id":98269,"href":"https:\/\/vocesparalelas.com.ar\/sitio\/wp-json\/wp\/v2\/posts\/98265\/revisions\/98269"}],"wp:featuredmedia":[{"embeddable":true,"href":"https:\/\/vocesparalelas.com.ar\/sitio\/wp-json\/wp\/v2\/media\/98268"}],"wp:attachment":[{"href":"https:\/\/vocesparalelas.com.ar\/sitio\/wp-json\/wp\/v2\/media?parent=98265"}],"wp:term":[{"taxonomy":"category","embeddable":true,"href":"https:\/\/vocesparalelas.com.ar\/sitio\/wp-json\/wp\/v2\/categories?post=98265"},{"taxonomy":"post_tag","embeddable":true,"href":"https:\/\/vocesparalelas.com.ar\/sitio\/wp-json\/wp\/v2\/tags?post=98265"}],"curies":[{"name":"wp","href":"https:\/\/api.w.org\/{rel}","templated":true}]}}