{"id":98261,"date":"2026-03-29T10:31:05","date_gmt":"2026-03-29T13:31:05","guid":{"rendered":"https:\/\/vocesparalelas.com.ar\/sitio\/?p=98261"},"modified":"2026-03-29T22:33:11","modified_gmt":"2026-03-30T01:33:11","slug":"un-rey-que-llega-en-silencio","status":"publish","type":"post","link":"https:\/\/vocesparalelas.com.ar\/sitio\/un-rey-que-llega-en-silencio\/","title":{"rendered":"Un Rey que llega en silencio"},"content":{"rendered":"<p><strong>Por el Arzobispo de San Juan de Cuyo, Monse\u00f1or Jorge Lozano<\/strong><\/p>\n<p>El Domingo de Ramos marca el comienzo de la Semana Santa, y nos invita una vez m\u00e1s a contemplar la entrada de Jes\u00fas en Jerusal\u00e9n. No lo hace con pompas ni alarde, sino montado en un humilde burro, para no causar miedo ni intimidar a nadie. Su gesto es profundamente significativo: Jes\u00fas llega como siervo, dispuesto a entregar su vida por amor a todos.<\/p>\n<p>Este modo de entrar por las puertas de la ciudad santa nos ense\u00f1a que la verdadera grandeza se expresa en la sencillez y el servicio. \u00c9l no busca honores ni reconocimiento, sino que se acerca con ternura, invitando a cada uno a confiar en su amor y a dejarse transformar por su presencia. El pueblo sale a su encuentro proclamando: \u201c\u00a1Hosanna!\u201d.<\/p>\n<p>Miremos a quienes acuden a recibirlo: los ni\u00f1os, los pobres, los peque\u00f1os y simples de coraz\u00f3n. Los que no tienen verg\u00fcenza o miedo al papel\u00f3n. Lo aclaman con cantos, y a su paso adornan el camino con ramas de olivo, palmas y hasta con sus propios mantos.<\/p>\n<p>\u00a1C\u00f3mo no estar contentos! Este Rey no viene a llevarse nada. No entra para saquear y oprimir. Viene a servir. La entrada de Jes\u00fas en la vida de cada uno es as\u00ed, no quita nada, nos da todo.<\/p>\n<p>Este domingo es la puerta de la Semana Santa, el inicio de d\u00edas cargados de celebraciones profundas y emotivas, en las que recordamos el amor de Jes\u00fas entregado hasta el extremo. Cada liturgia, cada oraci\u00f3n, cada gesto, nos invita a desplegar el amor en nuestra vida cotidiana: en la familia, en el trabajo, en la comunidad y especialmente hacia quienes m\u00e1s lo necesitan. Por un lado, recordamos acontecimientos hist\u00f3ricos sucedidos que no son una novela o f\u00e1bula, sino narraciones de dramas y tensiones que pusieron al descubierto las intenciones ocultas en el coraz\u00f3n de muchos. Escribas y fariseos, autoridades pol\u00edticas y militares, disc\u00edpulos y seguidores, envidiosos y enemigos, adherentes ocasionales, su Madre, los ap\u00f3stoles.<\/p>\n<p>Pero no s\u00f3lo hacemos memoria de lo \u201cya conocido\u201d; tambi\u00e9n celebramos. Esos acontecimientos se actualizan sacramentalmente. El mismo Jes\u00fas presente en sus ministros y en la comunidad cristiana vuelve a realizar lo sucedido en Jerusal\u00e9n. No es simplemente una teatralizaci\u00f3n que se repite a\u00f1o tras a\u00f1o, sino actualizaci\u00f3n de la Pascua.<\/p>\n<p>Los ramos benditos que recibimos no son solo un recuerdo, sino un s\u00edmbolo de protecci\u00f3n y bendici\u00f3n para nuestros hogares. Los llevamos a casa para colocarlos en un lugar especial y compartirlos con vecinos o familiares que est\u00e9n enfermos o atravesando dificultades. As\u00ed, el amor de Jes\u00fas se hace presente en cada rinc\u00f3n, y el Domingo de Ramos se transforma en un gesto concreto de solidaridad y esperanza.<\/p>\n<p>Los ramos de olivo tambi\u00e9n son s\u00edmbolos de paz. Imploremos con fuerza por ella en tantos lugares del mundo para que cese tanto horror y matanza.<\/p>\n<p>Que este Domingo de Ramos nos anime a vivir la Semana Santa desplegando el amor en cada celebraci\u00f3n y en cada acto de la vida diaria. Que los ramos benditos sean la se\u00f1al visible de nuestro compromiso de cuidar, acompa\u00f1ar y servir, siguiendo el ejemplo humilde de Jes\u00fas. Dejemos que \u00c9l sea la puerta que nos conduce a la verdadera alegr\u00eda y a la paz profunda que s\u00f3lo su amor puede darnos.<\/p>\n<p>\u00a1Que tengas una bendecida Semana Santa!<\/p>\n<p>&nbsp;<\/p>\n<p><iframe loading=\"lazy\" title=\"SAN JUAN MONSE\u00d1OR JORGE LOZANO \" width=\"800\" height=\"450\" src=\"https:\/\/www.youtube.com\/embed\/mn7X4bLWSWo?feature=oembed\" frameborder=\"0\" allow=\"accelerometer; autoplay; clipboard-write; encrypted-media; gyroscope; picture-in-picture; web-share\" referrerpolicy=\"strict-origin-when-cross-origin\" allowfullscreen><\/iframe><\/p>\n<p>&nbsp;<\/p>\n<p><img loading=\"lazy\" decoding=\"async\" class=\"alignnone size-full wp-image-61416\" src=\"https:\/\/vocesparalelas.com.ar\/sitio\/wp-content\/uploads\/2023\/07\/ARZOBISPADO-EDIFICIO.jpg\" alt=\"\" width=\"800\" height=\"600\" srcset=\"https:\/\/vocesparalelas.com.ar\/sitio\/wp-content\/uploads\/2023\/07\/ARZOBISPADO-EDIFICIO.jpg 800w, https:\/\/vocesparalelas.com.ar\/sitio\/wp-content\/uploads\/2023\/07\/ARZOBISPADO-EDIFICIO-300x225.jpg 300w, https:\/\/vocesparalelas.com.ar\/sitio\/wp-content\/uploads\/2023\/07\/ARZOBISPADO-EDIFICIO-768x576.jpg 768w\" sizes=\"auto, (max-width: 800px) 100vw, 800px\" \/><\/p>\n","protected":false},"excerpt":{"rendered":"<p>Por el Arzobispo de San Juan de Cuyo, Monse\u00f1or Jorge Lozano El Domingo de Ramos marca el comienzo de la<\/p>\n","protected":false},"author":3,"featured_media":81112,"comment_status":"closed","ping_status":"closed","sticky":false,"template":"","format":"standard","meta":{"_acf_changed":false,"_seopress_robots_primary_cat":"none","_seopress_titles_title":"","_seopress_titles_desc":"","_seopress_robots_index":"","colormag_page_container_layout":"default_layout","colormag_page_sidebar_layout":"default_layout","footnotes":""},"categories":[10,7],"tags":[],"class_list":["post-98261","post","type-post","status-publish","format-standard","has-post-thumbnail","hentry","category-opiniones","category-videos"],"acf":[],"_links":{"self":[{"href":"https:\/\/vocesparalelas.com.ar\/sitio\/wp-json\/wp\/v2\/posts\/98261","targetHints":{"allow":["GET"]}}],"collection":[{"href":"https:\/\/vocesparalelas.com.ar\/sitio\/wp-json\/wp\/v2\/posts"}],"about":[{"href":"https:\/\/vocesparalelas.com.ar\/sitio\/wp-json\/wp\/v2\/types\/post"}],"author":[{"embeddable":true,"href":"https:\/\/vocesparalelas.com.ar\/sitio\/wp-json\/wp\/v2\/users\/3"}],"replies":[{"embeddable":true,"href":"https:\/\/vocesparalelas.com.ar\/sitio\/wp-json\/wp\/v2\/comments?post=98261"}],"version-history":[{"count":1,"href":"https:\/\/vocesparalelas.com.ar\/sitio\/wp-json\/wp\/v2\/posts\/98261\/revisions"}],"predecessor-version":[{"id":98264,"href":"https:\/\/vocesparalelas.com.ar\/sitio\/wp-json\/wp\/v2\/posts\/98261\/revisions\/98264"}],"wp:featuredmedia":[{"embeddable":true,"href":"https:\/\/vocesparalelas.com.ar\/sitio\/wp-json\/wp\/v2\/media\/81112"}],"wp:attachment":[{"href":"https:\/\/vocesparalelas.com.ar\/sitio\/wp-json\/wp\/v2\/media?parent=98261"}],"wp:term":[{"taxonomy":"category","embeddable":true,"href":"https:\/\/vocesparalelas.com.ar\/sitio\/wp-json\/wp\/v2\/categories?post=98261"},{"taxonomy":"post_tag","embeddable":true,"href":"https:\/\/vocesparalelas.com.ar\/sitio\/wp-json\/wp\/v2\/tags?post=98261"}],"curies":[{"name":"wp","href":"https:\/\/api.w.org\/{rel}","templated":true}]}}