{"id":98249,"date":"2026-03-28T23:41:22","date_gmt":"2026-03-29T02:41:22","guid":{"rendered":"https:\/\/vocesparalelas.com.ar\/sitio\/?p=98249"},"modified":"2026-03-28T23:41:22","modified_gmt":"2026-03-29T02:41:22","slug":"ironman-kids-en-san-juan-con-400-competidores","status":"publish","type":"post","link":"https:\/\/vocesparalelas.com.ar\/sitio\/ironman-kids-en-san-juan-con-400-competidores\/","title":{"rendered":"Ironman Kids en San Juan con 400 competidores"},"content":{"rendered":"<p>Fue en la intersecci\u00f3n de Avenida Ignacio de la Roza y Avenida Espa\u00f1a, como antesala a la competencia Ironman 70.3 2026, que se realiza el Domingo, 29 de Marzo.<\/p>\n<p>Sobre las 10:30 horas el S\u00e1bado, 28 de Marzo se empezaron a concentrar los competidores entre 4 y 14 a\u00f1os de edad, con sus familiares, en la Plaza Seca del Centro C\u00edvico, para esperar el inicio del Ironman Kids 2026 pactado para las 11:00 \u00a0horas. A partir de esa hora los ni\u00f1os de 4 a 6 a\u00f1os fueron los primeros en dar rienda suelta a la largada de cada una de las categor\u00edas, hasta j\u00f3venes de 14 a\u00f1os, que fueron los \u00faltimos en culminar el evento.<\/p>\n<p>Fue una propuesta pensada para que ni\u00f1os y ni\u00f1as vivan una experiencia deportiva \u00fanica, combinando actividad f\u00edsica, diversi\u00f3n y valores saludables.<\/p>\n<p>El staff de Ironman, en conjunto con la organizaci\u00f3n del Ministerio de Turismo, Cultura y Deporte del Gobierno de\u00a0 San Juan, a trav\u00e9s de la Secretar\u00eda de Deporte y Agencia Deporte San Juan, segu\u00edan las alternativas de la prueba, miraron atentamente a los chicos y agitaron la bandera, para dar inicio y finalizaci\u00f3n a las distintas categor\u00edas. Adem\u00e1s entregaron la medalla correspondiente a cada uno de los 400 participantes que tuvo esta aventura.<\/p>\n<p>Entre los funcionarios de Gobierno, estuvieron presentes la Dra. Susana Laciar, intendenta de la Cuidad de San Juan, el Dr. Guido Romero, ministro de Turismo, Cultura y Deporte, el Dr. Pablo Tabachnik, secretario de Deporte, Eduardo Cerimedo, subsecretario de Deporte y Alto Rendimiento, Mart\u00edn Riveros, director de Alto Rendimiento, Marcos Ferrari, director de Infraestructura, Jorge Maldonado, director de N\u00e1utica y Deporte al Aire Libre, Pablo Aubone y Sebasti\u00e1n Barroso, presidente y director de la Agencia Deporte San Juan.<\/p>\n<p>En cuanto al aspecto deportivo, los padres sonrieron con cada corrida, trote o caminada de su peque\u00f1o, tomando im\u00e1genes y llev\u00e1ndose un grato recuerdo de esta aventura, que a\u00f1o tras a\u00f1o deja huella en nuestra provincia, en el contexto de este gran evento que pone su broche de oro este domingo, con largada en el Dique Punta Negra desde las 8:00 y llegada, aproximadamente 11:30, del primero de los participantes a la Plaza del Teatro del Bicentenario.<\/p>\n<p><img loading=\"lazy\" decoding=\"async\" class=\"alignnone size-full wp-image-98253\" src=\"https:\/\/vocesparalelas.com.ar\/sitio\/wp-content\/uploads\/2026\/03\/IRONMAN-KIDS-2026-02.jpg\" alt=\"\" width=\"800\" height=\"475\" srcset=\"https:\/\/vocesparalelas.com.ar\/sitio\/wp-content\/uploads\/2026\/03\/IRONMAN-KIDS-2026-02.jpg 800w, https:\/\/vocesparalelas.com.ar\/sitio\/wp-content\/uploads\/2026\/03\/IRONMAN-KIDS-2026-02-300x178.jpg 300w, https:\/\/vocesparalelas.com.ar\/sitio\/wp-content\/uploads\/2026\/03\/IRONMAN-KIDS-2026-02-768x456.jpg 768w\" sizes=\"auto, (max-width: 800px) 100vw, 800px\" \/><\/p>\n","protected":false},"excerpt":{"rendered":"<p>Fue en la intersecci\u00f3n de Avenida Ignacio de la Roza y Avenida Espa\u00f1a, como antesala a la competencia Ironman 70.3<\/p>\n","protected":false},"author":3,"featured_media":98252,"comment_status":"closed","ping_status":"closed","sticky":false,"template":"","format":"standard","meta":{"_acf_changed":false,"_seopress_robots_primary_cat":"none","_seopress_titles_title":"","_seopress_titles_desc":"","_seopress_robots_index":"","colormag_page_container_layout":"default_layout","colormag_page_sidebar_layout":"default_layout","footnotes":""},"categories":[1],"tags":[],"class_list":["post-98249","post","type-post","status-publish","format-standard","has-post-thumbnail","hentry","category-destacadas"],"acf":[],"_links":{"self":[{"href":"https:\/\/vocesparalelas.com.ar\/sitio\/wp-json\/wp\/v2\/posts\/98249","targetHints":{"allow":["GET"]}}],"collection":[{"href":"https:\/\/vocesparalelas.com.ar\/sitio\/wp-json\/wp\/v2\/posts"}],"about":[{"href":"https:\/\/vocesparalelas.com.ar\/sitio\/wp-json\/wp\/v2\/types\/post"}],"author":[{"embeddable":true,"href":"https:\/\/vocesparalelas.com.ar\/sitio\/wp-json\/wp\/v2\/users\/3"}],"replies":[{"embeddable":true,"href":"https:\/\/vocesparalelas.com.ar\/sitio\/wp-json\/wp\/v2\/comments?post=98249"}],"version-history":[{"count":1,"href":"https:\/\/vocesparalelas.com.ar\/sitio\/wp-json\/wp\/v2\/posts\/98249\/revisions"}],"predecessor-version":[{"id":98254,"href":"https:\/\/vocesparalelas.com.ar\/sitio\/wp-json\/wp\/v2\/posts\/98249\/revisions\/98254"}],"wp:featuredmedia":[{"embeddable":true,"href":"https:\/\/vocesparalelas.com.ar\/sitio\/wp-json\/wp\/v2\/media\/98252"}],"wp:attachment":[{"href":"https:\/\/vocesparalelas.com.ar\/sitio\/wp-json\/wp\/v2\/media?parent=98249"}],"wp:term":[{"taxonomy":"category","embeddable":true,"href":"https:\/\/vocesparalelas.com.ar\/sitio\/wp-json\/wp\/v2\/categories?post=98249"},{"taxonomy":"post_tag","embeddable":true,"href":"https:\/\/vocesparalelas.com.ar\/sitio\/wp-json\/wp\/v2\/tags?post=98249"}],"curies":[{"name":"wp","href":"https:\/\/api.w.org\/{rel}","templated":true}]}}