{"id":98240,"date":"2026-03-28T20:50:33","date_gmt":"2026-03-28T23:50:33","guid":{"rendered":"https:\/\/vocesparalelas.com.ar\/sitio\/?p=98240"},"modified":"2026-03-28T20:57:02","modified_gmt":"2026-03-28T23:57:02","slug":"banco-san-juan-y-su-fundacion-realizaron-el-encuentro-mujeres-que-trascienden","status":"publish","type":"post","link":"https:\/\/vocesparalelas.com.ar\/sitio\/banco-san-juan-y-su-fundacion-realizaron-el-encuentro-mujeres-que-trascienden\/","title":{"rendered":"Banco San Juan y su Fundaci\u00f3n realizaron el encuentro \u00abMujeres que Trascienden\u00bb"},"content":{"rendered":"<p class=\"v1MsoNormal\" style=\"text-align: left;\" align=\"center\">El espacio reuni\u00f3 a mujeres l\u00edderes sanjuaninas para compartir experiencias, fortalecer redes y reflexionar sobre el liderazgo con prop\u00f3sito.<\/p>\n<p class=\"v1MsoNormal\">En el marco del Mes de la Mujer, Banco San Juan junto a Fundaci\u00f3n Banco San Juan realizaron \u00abMujeres que Trascienden\u00bb, un espacio de encuentro que convoc\u00f3 a mujeres l\u00edderes de la provincia con el objetivo de compartir experiencias, proyectar impacto y fortalecer redes de colaboraci\u00f3n.<\/p>\n<p class=\"v1MsoNormal\">La jornada se llev\u00f3 a cabo en el Centro de Negocios de Banco San Juan y cont\u00f3 con la participaci\u00f3n de referentes de distintos \u00e1mbitos, quienes se reunieron para reflexionar sobre el liderazgo femenino y el rol de las mujeres en la construcci\u00f3n de comunidades m\u00e1s inclusivas y sostenibles.<\/p>\n<p class=\"v1MsoNormal\">El encuentro incluy\u00f3 una charla de Natalia Gonz\u00e1lez Amato, fundadora de Cada Una, una comunidad de mujeres profesionales enfocada en el liderazgo con prop\u00f3sito, la innovaci\u00f3n y el desarrollo colectivo. Durante su presentaci\u00f3n, comparti\u00f3 herramientas y experiencias orientadas a potenciar el desarrollo profesional de las mujeres y fomentar la creaci\u00f3n de redes que impulsen nuevas oportunidades.<\/p>\n<p class=\"v1MsoNormal\">La bienvenida estuvo a cargo de Victoria Barroso, responsable de liderar la implementaci\u00f3n de la estrategia de sustentabilidad de Banco San Juan, junto a Laura Adamoli, Secretaria Ejecutiva de Fundaci\u00f3n Banco San Juan, quienes destacaron la importancia de generar espacios de di\u00e1logo, aprendizaje e intercambio entre mujeres referentes de la provincia.<\/p>\n<p class=\"v1MsoNormal\">Adem\u00e1s, la jornada incluy\u00f3 un espacio de networking que permiti\u00f3 a las participantes continuar el intercambio de ideas, experiencias y proyectos, fortaleciendo v\u00ednculos y promoviendo nuevas oportunidades de colaboraci\u00f3n.<\/p>\n<p class=\"v1MsoNormal\">Con iniciativas como \u00abMujeres que Trascienden\u00bb, Banco San Juan y Fundaci\u00f3n Banco San Juan reafirman su compromiso con la promoci\u00f3n del liderazgo femenino y el desarrollo de acciones que contribuyan al crecimiento de la comunidad.<\/p>\n<p><img loading=\"lazy\" decoding=\"async\" class=\"alignnone size-full wp-image-55159\" src=\"https:\/\/vocesparalelas.com.ar\/sitio\/wp-content\/uploads\/2022\/12\/BANCO-SAN-JUAN-ESPACIO-05.jpg\" alt=\"\" width=\"800\" height=\"533\" srcset=\"https:\/\/vocesparalelas.com.ar\/sitio\/wp-content\/uploads\/2022\/12\/BANCO-SAN-JUAN-ESPACIO-05.jpg 800w, https:\/\/vocesparalelas.com.ar\/sitio\/wp-content\/uploads\/2022\/12\/BANCO-SAN-JUAN-ESPACIO-05-300x200.jpg 300w, https:\/\/vocesparalelas.com.ar\/sitio\/wp-content\/uploads\/2022\/12\/BANCO-SAN-JUAN-ESPACIO-05-768x512.jpg 768w\" sizes=\"auto, (max-width: 800px) 100vw, 800px\" \/><\/p>\n","protected":false},"excerpt":{"rendered":"<p>El espacio reuni\u00f3 a mujeres l\u00edderes sanjuaninas para compartir experiencias, fortalecer redes y reflexionar sobre el liderazgo con prop\u00f3sito. En<\/p>\n","protected":false},"author":3,"featured_media":98236,"comment_status":"closed","ping_status":"closed","sticky":false,"template":"","format":"standard","meta":{"_acf_changed":false,"_seopress_robots_primary_cat":"none","_seopress_titles_title":"","_seopress_titles_desc":"","_seopress_robots_index":"","colormag_page_container_layout":"default_layout","colormag_page_sidebar_layout":"default_layout","footnotes":""},"categories":[1],"tags":[],"class_list":["post-98240","post","type-post","status-publish","format-standard","has-post-thumbnail","hentry","category-destacadas"],"acf":[],"_links":{"self":[{"href":"https:\/\/vocesparalelas.com.ar\/sitio\/wp-json\/wp\/v2\/posts\/98240","targetHints":{"allow":["GET"]}}],"collection":[{"href":"https:\/\/vocesparalelas.com.ar\/sitio\/wp-json\/wp\/v2\/posts"}],"about":[{"href":"https:\/\/vocesparalelas.com.ar\/sitio\/wp-json\/wp\/v2\/types\/post"}],"author":[{"embeddable":true,"href":"https:\/\/vocesparalelas.com.ar\/sitio\/wp-json\/wp\/v2\/users\/3"}],"replies":[{"embeddable":true,"href":"https:\/\/vocesparalelas.com.ar\/sitio\/wp-json\/wp\/v2\/comments?post=98240"}],"version-history":[{"count":3,"href":"https:\/\/vocesparalelas.com.ar\/sitio\/wp-json\/wp\/v2\/posts\/98240\/revisions"}],"predecessor-version":[{"id":98245,"href":"https:\/\/vocesparalelas.com.ar\/sitio\/wp-json\/wp\/v2\/posts\/98240\/revisions\/98245"}],"wp:featuredmedia":[{"embeddable":true,"href":"https:\/\/vocesparalelas.com.ar\/sitio\/wp-json\/wp\/v2\/media\/98236"}],"wp:attachment":[{"href":"https:\/\/vocesparalelas.com.ar\/sitio\/wp-json\/wp\/v2\/media?parent=98240"}],"wp:term":[{"taxonomy":"category","embeddable":true,"href":"https:\/\/vocesparalelas.com.ar\/sitio\/wp-json\/wp\/v2\/categories?post=98240"},{"taxonomy":"post_tag","embeddable":true,"href":"https:\/\/vocesparalelas.com.ar\/sitio\/wp-json\/wp\/v2\/tags?post=98240"}],"curies":[{"name":"wp","href":"https:\/\/api.w.org\/{rel}","templated":true}]}}