{"id":98201,"date":"2026-03-28T22:37:23","date_gmt":"2026-03-29T01:37:23","guid":{"rendered":"https:\/\/vocesparalelas.com.ar\/sitio\/?p=98201"},"modified":"2026-03-30T20:38:27","modified_gmt":"2026-03-30T23:38:27","slug":"jornada-tribunales-especializados-de-salud-mental-y-programa-de-justicia-restaurativa-en-san-juan","status":"publish","type":"post","link":"https:\/\/vocesparalelas.com.ar\/sitio\/jornada-tribunales-especializados-de-salud-mental-y-programa-de-justicia-restaurativa-en-san-juan\/","title":{"rendered":"Jornada \u00abTribunales especializados de Salud Mental y Programa de Justicia Restaurativa\u00bb en San Juan"},"content":{"rendered":"<p>El Lunes, 30 de Marzo de 2026, de 17:30 a 20:30 hs.; se desarrolla la Jornada \u00abTribunales especializados de Salud Mental y Programa de Justicia Restaurativa\u00bb en San Juan.<\/p>\n<p><span style=\"color: #ff6600;\"><strong>Evento hibrido<\/strong><\/span><\/p>\n<ul>\n<li>Presencial: Sal\u00f3n Sarmiento &#8211; Foro de Abogados de San Juan<\/li>\n<li>Virtual: Zoom (inscripci\u00f3n previa, para asistentes fuera de San Juan)<\/li>\n<\/ul>\n<p><strong><span style=\"color: #ff6600;\">Inscripci\u00f3n<\/span><\/strong><\/p>\n<p><a href=\"https:\/\/docs.google.com\/forms\/d\/e\/1FAIpQLSfHCD7309u0ncuZFupj2RHTntb1IRVQPPcHLJv8ZuG610EBRg\/viewform\">https:\/\/docs.google.com\/forms\/d\/e\/1FAIpQLSfHCD7309u0ncuZFupj2RHTntb1IRVQPPcHLJv8ZuG610EBRg\/viewform<\/a><\/p>\n<p><span style=\"color: #ff6600;\"><strong>Organizan<\/strong><\/span><\/p>\n<ul>\n<li>Instituto de Derecho de la Salud del Foro de Abogados de San Juan<\/li>\n<li>Asociaci\u00f3n Argentina de Justicia Terap\u00e9utica y<\/li>\n<li>Asociaci\u00f3n Argentina de Derecho Procesal<\/li>\n<\/ul>\n<p><span style=\"color: #ff6600;\"><strong>Programa<\/strong><\/span><\/p>\n<ul>\n<li>17:30 hs \u2013 Apertura, Bienvenida y palabras iniciales<\/li>\n<li>18:00 hs. \u2013 Conferencia Judge Ginger Lerner-Wren, Presidente del Tribunal de Salud Mental del 17.\u00ba Circuito Judicial del Condado de Broward, Florida. Presenta: Dr. Roberto Pag\u00e9s Lloveras, Vicepresidente de la Asociaci\u00f3n Argentina de Justicia Terap\u00e9utica<\/li>\n<li>19:00hs. \u2013 Mesa Debate<\/li>\n<\/ul>\n<ol>\n<li>Dr. Juan Jos\u00e9 Victoria, Ministro de la Corte de Justicia de San Juan<\/li>\n<li>Dr. Guillermo Baigorri, Fiscal general de la Corte de Justicia de San Juan<\/li>\n<li>Dra. Liliana Graciela Gonz\u00e1lez,Direcci\u00f3n Nacional de Abordaje Integral de Salud Mental &#8211; Ministerio de Salud de la Naci\u00f3n<\/li>\n<li>Dra. Raquel Trincado, Directora de Ni\u00f1ez, Adolescencia y Familia de la Provincia de San Juan<\/li>\n<li>Modera: Dr. Marcos Javier Ibarra,Director del Instituto de Derecho de la Salud \u2013 FASJ<\/li>\n<\/ol>\n<p>20:00 hs \u2013 Cierre,\u00a0Conclusiones y palabras finales<\/p>\n<p>&nbsp;<\/p>\n<p><img loading=\"lazy\" decoding=\"async\" class=\"alignnone size-large wp-image-16061\" src=\"https:\/\/vocesparalelas.com.ar\/sitio\/wp-content\/uploads\/2018\/10\/FORO-ABOGADOS-01-800x600.jpg\" alt=\"\" width=\"800\" height=\"600\" srcset=\"https:\/\/vocesparalelas.com.ar\/sitio\/wp-content\/uploads\/2018\/10\/FORO-ABOGADOS-01-800x600.jpg 800w, https:\/\/vocesparalelas.com.ar\/sitio\/wp-content\/uploads\/2018\/10\/FORO-ABOGADOS-01-300x225.jpg 300w, https:\/\/vocesparalelas.com.ar\/sitio\/wp-content\/uploads\/2018\/10\/FORO-ABOGADOS-01-768x576.jpg 768w, https:\/\/vocesparalelas.com.ar\/sitio\/wp-content\/uploads\/2018\/10\/FORO-ABOGADOS-01.jpg 1000w\" sizes=\"auto, (max-width: 800px) 100vw, 800px\" \/><\/p>\n","protected":false},"excerpt":{"rendered":"<p>El Lunes, 30 de Marzo de 2026, de 17:30 a 20:30 hs.; se desarrolla la Jornada \u00abTribunales especializados de Salud<\/p>\n","protected":false},"author":3,"featured_media":98204,"comment_status":"closed","ping_status":"closed","sticky":false,"template":"","format":"standard","meta":{"_acf_changed":false,"_seopress_robots_primary_cat":"none","_seopress_titles_title":"","_seopress_titles_desc":"","_seopress_robots_index":"","colormag_page_container_layout":"default_layout","colormag_page_sidebar_layout":"default_layout","footnotes":""},"categories":[9],"tags":[],"class_list":["post-98201","post","type-post","status-publish","format-standard","has-post-thumbnail","hentry","category-cursos"],"acf":[],"_links":{"self":[{"href":"https:\/\/vocesparalelas.com.ar\/sitio\/wp-json\/wp\/v2\/posts\/98201","targetHints":{"allow":["GET"]}}],"collection":[{"href":"https:\/\/vocesparalelas.com.ar\/sitio\/wp-json\/wp\/v2\/posts"}],"about":[{"href":"https:\/\/vocesparalelas.com.ar\/sitio\/wp-json\/wp\/v2\/types\/post"}],"author":[{"embeddable":true,"href":"https:\/\/vocesparalelas.com.ar\/sitio\/wp-json\/wp\/v2\/users\/3"}],"replies":[{"embeddable":true,"href":"https:\/\/vocesparalelas.com.ar\/sitio\/wp-json\/wp\/v2\/comments?post=98201"}],"version-history":[{"count":3,"href":"https:\/\/vocesparalelas.com.ar\/sitio\/wp-json\/wp\/v2\/posts\/98201\/revisions"}],"predecessor-version":[{"id":98212,"href":"https:\/\/vocesparalelas.com.ar\/sitio\/wp-json\/wp\/v2\/posts\/98201\/revisions\/98212"}],"wp:featuredmedia":[{"embeddable":true,"href":"https:\/\/vocesparalelas.com.ar\/sitio\/wp-json\/wp\/v2\/media\/98204"}],"wp:attachment":[{"href":"https:\/\/vocesparalelas.com.ar\/sitio\/wp-json\/wp\/v2\/media?parent=98201"}],"wp:term":[{"taxonomy":"category","embeddable":true,"href":"https:\/\/vocesparalelas.com.ar\/sitio\/wp-json\/wp\/v2\/categories?post=98201"},{"taxonomy":"post_tag","embeddable":true,"href":"https:\/\/vocesparalelas.com.ar\/sitio\/wp-json\/wp\/v2\/tags?post=98201"}],"curies":[{"name":"wp","href":"https:\/\/api.w.org\/{rel}","templated":true}]}}