{"id":98191,"date":"2026-03-27T21:04:58","date_gmt":"2026-03-28T00:04:58","guid":{"rendered":"https:\/\/vocesparalelas.com.ar\/sitio\/?p=98191"},"modified":"2026-03-28T09:45:38","modified_gmt":"2026-03-28T12:45:38","slug":"inicio-el-ironman-70-3-2026-en-san-juan","status":"publish","type":"post","link":"https:\/\/vocesparalelas.com.ar\/sitio\/inicio-el-ironman-70-3-2026-en-san-juan\/","title":{"rendered":"Inici\u00f3 el IRONMAN 70.3 2026 en San Juan"},"content":{"rendered":"<p>El gobernador de San Juan, Dr. Marcelo Orrego presidi\u00f3 el Jueves, 26 de Marzo, en la explanada del Teatro del Bicentenario la presentaci\u00f3n oficial del IRONMAN 70.3 2026, una de las competencias de triatl\u00f3n m\u00e1s prestigiosas a nivel internacional.<\/p>\n<p>Este evento, que llega a la provincia de San Juan por quinta vez en su historia, representa un hito deportivo de gran magnitud organizado por World Triatl\u00f3n Company, con el patrocinio de empresas privadas como Veladero y Baggio, y el respaldo del Gobierno de San Juan mediante un trabajo interministerial.<\/p>\n<p>En la ceremonia, acompa\u00f1aron al gobernador el secretario de deporte, Dr. Pablo Tabachnik; el secretario de Coordinaci\u00f3n para el Desarrollo Econ\u00f3mico del Ministerio de Producci\u00f3n, Lic. Alfredo Aciar; el subsecretario de Alto Rendimiento, Eduardo Cerimedo; el presidente de Agencia Deportes San Juan, Pablo Aubone; la secretaria de Turismo Dra. Bel\u00e9n Barboza y la intendente de la ciudad de San Juan, Dra. Susana Laciar, entre otras autoridades provinciales y municipales. Tambi\u00e9n estuvieron presentes James Farrell, director regional para Latinoam\u00e9rica del IRONMAN Global; Rub\u00e9n Sciutto, en representaci\u00f3n de Event Sports quien tiene a su cargo los derechos de IRONMAN; y Laura Hern\u00e1ndez, superintendente de Relaciones Institucionales de Veladero.<\/p>\n<p><iframe loading=\"lazy\" title=\"Orrego dio inicio al IRONMAN 70.3 y San Juan se convierte en el epicentro mundial del triatl\u00f3n\" width=\"800\" height=\"450\" src=\"https:\/\/www.youtube.com\/embed\/CMpV2QSKe1w?feature=oembed\" frameborder=\"0\" allow=\"accelerometer; autoplay; clipboard-write; encrypted-media; gyroscope; picture-in-picture; web-share\" referrerpolicy=\"strict-origin-when-cross-origin\" allowfullscreen><\/iframe><\/p>\n<p>&nbsp;<\/p>\n<p>Durante el acto, el gobernador de San Juan, Dr. Marcelo Orrego destac\u00f3 que \u00abquiero comenzar agradeciendo a todos los presentes. Para nosotros tener la oportunidad de poder disfrutar de este evento, ve\u00eda en las im\u00e1genes, las recordaba del a\u00f1o pasado, la verdad que ponen la piel de gallina, porque ah\u00ed se ve el esfuerzo y el sacrificio, se ve disciplina, y adem\u00e1s tambi\u00e9n la oportunidad de poder ser parte de un evento que se considera de alto calibre a nivel internacional y donde van a poder competir junto a equipos, no s\u00f3lo de la Argentina, sino de 35 pa\u00edses del mundo\u00bb.<\/p>\n<p>\u00abEste evento nos da la oportunidad no solo de desarrollar oportunidades, porque siempre existe una pol\u00edtica de Estado, sino tambi\u00e9n nos da la oportunidad de demostrar lo intr\u00ednseco que tenemos los sanjuaninos, que es poder compartir nuestra matriz productiva, por eso est\u00e1 la Expo. Hoy tambi\u00e9n vamos a tener la oportunidad de disfrutar y eso es poder tambi\u00e9n dar a conocer nuestros productos, nuestros vinos, nuestro aceite de oliva, nuestros pistachos\u00bb.<\/p>\n<p>\u00abEste es el fin de semana, seguramente va a ser el fin de semana donde vamos a contar con distintas emociones\u201d &#8211; concluy\u00f3 el gobernador de San Juan, Dr. Marcelo Orrego.<\/p>\n<p>Por su parte, en representaci\u00f3n de Event Sports quien tiene a su cargo los derechos de IRONMAN, Rub\u00e9n Sciutto expres\u00f3 que \u00abuna vez m\u00e1s agradecido por recibirme y recibirnos en esta provincia que cada d\u00eda y cada a\u00f1o la queremos m\u00e1s. Y a todos aquellos que de una u otra manera nos acompa\u00f1an cada vez con m\u00e1s ganas, y con m\u00e1s amor a esta carrera que ya es de todos los sanjuaninos\u00bb.<\/p>\n<p>\u00abMuchas veces yo digo en otros lados que San Juan es la carrera ic\u00f3nica de la Argentina y por ah\u00ed me viene a hablar, pero es lo que siento y me siento cada vez m\u00e1s sanjuanino, sinceramente ver la ciudad como est\u00e1, ver la provincia, ver la limpieza, ver las luces, ver el asfalto nuevo, ver c\u00f3mo progresa a\u00f1o tras a\u00f1o esta provincia y esta ciudad nos llena de orgullo poder ser agasajados por ustedes, y poder traer este evento\u00bb.<\/p>\n<p>\u00abEsta conjunci\u00f3n de lo p\u00fablico y de lo privado hace que las cosas salgan cada vez mejor, porque cada uno conocemos nuestros roles, cada uno sabemos hacia d\u00f3nde vamos y ninguno de nosotros tiene celos de lo que est\u00e1 haciendo el otro, todo lo contrario\u00bb.<\/p>\n<p>Finalmente, el subsecretario de Alto Rendimiento, Eduardo Cerimedo remarc\u00f3 que \u00abel valor de San Juan es pionera mundial al albergar las tres instancias oficiales de IRONMAN, lo que considero un m\u00e9rito de la gesti\u00f3n gubernamental. El \u00e9xito de la convocatoria con un nuevo \u00absold out\u00bb, destacando que la presencia de hasta un 30% de atletas extranjeros y miles de turistas garantiza que las im\u00e1genes de los paisajes sanjuaninos recorran el mundo, potenciando el turismo y la econom\u00eda local. Este evento no solo es una competencia atl\u00e9tica, sino una plataforma integral que une el deporte con la cultura y la producci\u00f3n local, fortaleciendo la identidad sanjuanina ante los ojos del mundo\u00bb.<\/p>\n<p><span style=\"color: #ff6600;\"><strong>Actividades para disfrutar en familia<\/strong><\/span><\/p>\n<p>Las actividades comenzaron este jueves con la apertura de la Expo IRONMAN y la tienda oficial en la Plaza del Bicentenario, complementadas con una masterclass sobre herramientas de entrenamiento y presentaciones musicales en la explanada del teatro.<\/p>\n<p>Durante la jornada del viernes se llevar\u00e1 a cabo la acreditaci\u00f3n de atletas y la entrega de kits, junto con charlas t\u00e9cnicas en el Centro C\u00edvico y el inicio del seminario \u00abIRONMAN de los Negocios\u00bb, que busca fomentar la exportaci\u00f3n de productos locales como el pistacho.<\/p>\n<p>El s\u00e1bado la agenda continuar\u00e1 con la entrega de kits, el ingreso de bicicletas en el Dique Punta Negra y la realizaci\u00f3n de la carrera IRONKIDS para los m\u00e1s peque\u00f1os, adem\u00e1s de nuevas charlas t\u00e9cnicas para los competidores.<\/p>\n<p>El domingo ser\u00e1 el d\u00eda central de la competencia, iniciando a las ocho de la ma\u00f1ana con la largada desde el embarcadero de Punta Negra y recorriendo un circuito que contar\u00e1 con diversas postas culturales con m\u00fasica y danza en vivo, para finalizar con la llegada de los atletas en la Plaza del Bicentenario y la premiaci\u00f3n nocturna.<\/p>\n<p><img loading=\"lazy\" decoding=\"async\" class=\"alignnone size-full wp-image-65642\" src=\"https:\/\/vocesparalelas.com.ar\/sitio\/wp-content\/uploads\/2023\/11\/GOBIERNO-SAN-JUAN.jpg\" alt=\"\" width=\"800\" height=\"600\" srcset=\"https:\/\/vocesparalelas.com.ar\/sitio\/wp-content\/uploads\/2023\/11\/GOBIERNO-SAN-JUAN.jpg 800w, https:\/\/vocesparalelas.com.ar\/sitio\/wp-content\/uploads\/2023\/11\/GOBIERNO-SAN-JUAN-300x225.jpg 300w, https:\/\/vocesparalelas.com.ar\/sitio\/wp-content\/uploads\/2023\/11\/GOBIERNO-SAN-JUAN-768x576.jpg 768w\" sizes=\"auto, (max-width: 800px) 100vw, 800px\" \/><\/p>\n<p>&nbsp;<\/p>\n","protected":false},"excerpt":{"rendered":"<p>El gobernador de San Juan, Dr. Marcelo Orrego presidi\u00f3 el Jueves, 26 de Marzo, en la explanada del Teatro del<\/p>\n","protected":false},"author":3,"featured_media":98194,"comment_status":"closed","ping_status":"closed","sticky":false,"template":"","format":"standard","meta":{"_acf_changed":false,"_seopress_robots_primary_cat":"none","_seopress_titles_title":"","_seopress_titles_desc":"","_seopress_robots_index":"","colormag_page_container_layout":"default_layout","colormag_page_sidebar_layout":"default_layout","footnotes":""},"categories":[1,7],"tags":[],"class_list":["post-98191","post","type-post","status-publish","format-standard","has-post-thumbnail","hentry","category-destacadas","category-videos"],"acf":[],"_links":{"self":[{"href":"https:\/\/vocesparalelas.com.ar\/sitio\/wp-json\/wp\/v2\/posts\/98191","targetHints":{"allow":["GET"]}}],"collection":[{"href":"https:\/\/vocesparalelas.com.ar\/sitio\/wp-json\/wp\/v2\/posts"}],"about":[{"href":"https:\/\/vocesparalelas.com.ar\/sitio\/wp-json\/wp\/v2\/types\/post"}],"author":[{"embeddable":true,"href":"https:\/\/vocesparalelas.com.ar\/sitio\/wp-json\/wp\/v2\/users\/3"}],"replies":[{"embeddable":true,"href":"https:\/\/vocesparalelas.com.ar\/sitio\/wp-json\/wp\/v2\/comments?post=98191"}],"version-history":[{"count":2,"href":"https:\/\/vocesparalelas.com.ar\/sitio\/wp-json\/wp\/v2\/posts\/98191\/revisions"}],"predecessor-version":[{"id":98228,"href":"https:\/\/vocesparalelas.com.ar\/sitio\/wp-json\/wp\/v2\/posts\/98191\/revisions\/98228"}],"wp:featuredmedia":[{"embeddable":true,"href":"https:\/\/vocesparalelas.com.ar\/sitio\/wp-json\/wp\/v2\/media\/98194"}],"wp:attachment":[{"href":"https:\/\/vocesparalelas.com.ar\/sitio\/wp-json\/wp\/v2\/media?parent=98191"}],"wp:term":[{"taxonomy":"category","embeddable":true,"href":"https:\/\/vocesparalelas.com.ar\/sitio\/wp-json\/wp\/v2\/categories?post=98191"},{"taxonomy":"post_tag","embeddable":true,"href":"https:\/\/vocesparalelas.com.ar\/sitio\/wp-json\/wp\/v2\/tags?post=98191"}],"curies":[{"name":"wp","href":"https:\/\/api.w.org\/{rel}","templated":true}]}}