{"id":98180,"date":"2026-03-27T20:03:21","date_gmt":"2026-03-27T23:03:21","guid":{"rendered":"https:\/\/vocesparalelas.com.ar\/sitio\/?p=98180"},"modified":"2026-03-27T20:06:08","modified_gmt":"2026-03-27T23:06:08","slug":"significativo-grupo-de-negativos-fotograficos-capturados-entre-los-anos-1930-y-1950-en-san-juan","status":"publish","type":"post","link":"https:\/\/vocesparalelas.com.ar\/sitio\/significativo-grupo-de-negativos-fotograficos-capturados-entre-los-anos-1930-y-1950-en-san-juan\/","title":{"rendered":"Significativo grupo de negativos fotogr\u00e1ficos capturados entre los a\u00f1os 1930 y 1950 en San Juan"},"content":{"rendered":"<div class=\"itemImageBlock\">\n<div class=\"clr\">El Ministerio de Gobierno de\u00a0 San Juan alberga un significativo grupo de negativos fotogr\u00e1ficos capturados entre los a\u00f1os 1930 y 1950 en San Juan, los cuales comprenden en su mayor\u00eda material impreso en placas de vidrio de gelatina y bromuro, trat\u00e1ndose de placas con un enorme valor hist\u00f3rico y cultural.<\/div>\n<div><\/div>\n<div class=\"clr\">La ministra de Gobierno, Dra. Laura Palma junto a la secretaria de Relaciones Institucionales Dra. Claudia Sarmiento, la recepci\u00f3n de este acervo hist\u00f3rico, que son parte del contenido resguardado por el Archivo General de la Provincia &#8211; AGP -, entregado por la docente universitaria jubilada Amalia Bruno, quien custodi\u00f3 durante casi tres d\u00e9cadas los importantes negativos.<\/div>\n<div><img loading=\"lazy\" decoding=\"async\" class=\"alignnone size-full wp-image-98183\" src=\"https:\/\/vocesparalelas.com.ar\/sitio\/wp-content\/uploads\/2026\/03\/ARCHIVO-FOTORAFICO-01.jpg\" alt=\"\" width=\"800\" height=\"448\" srcset=\"https:\/\/vocesparalelas.com.ar\/sitio\/wp-content\/uploads\/2026\/03\/ARCHIVO-FOTORAFICO-01.jpg 800w, https:\/\/vocesparalelas.com.ar\/sitio\/wp-content\/uploads\/2026\/03\/ARCHIVO-FOTORAFICO-01-300x168.jpg 300w, https:\/\/vocesparalelas.com.ar\/sitio\/wp-content\/uploads\/2026\/03\/ARCHIVO-FOTORAFICO-01-768x430.jpg 768w\" sizes=\"auto, (max-width: 800px) 100vw, 800px\" \/><\/div>\n<div><\/div>\n<div class=\"clr\">El AGP es ahora el organismo encargado de preservar dichos objetos, calculado en aproximadamente m\u00e1s de 1800 negativos de vidrio y acetato de celulosa, materiales que fueron quedando en desuso durante la d\u00e9cada de 1950, dando paso a los rollos de celuloide en la fotograf\u00eda.<\/div>\n<\/div>\n<div><\/div>\n<div><img loading=\"lazy\" decoding=\"async\" class=\"alignnone size-full wp-image-43069\" src=\"https:\/\/vocesparalelas.com.ar\/sitio\/wp-content\/uploads\/2021\/10\/MEMORIA-ARCHIVO.jpg\" alt=\"\" width=\"800\" height=\"466\" srcset=\"https:\/\/vocesparalelas.com.ar\/sitio\/wp-content\/uploads\/2021\/10\/MEMORIA-ARCHIVO.jpg 800w, https:\/\/vocesparalelas.com.ar\/sitio\/wp-content\/uploads\/2021\/10\/MEMORIA-ARCHIVO-300x175.jpg 300w, https:\/\/vocesparalelas.com.ar\/sitio\/wp-content\/uploads\/2021\/10\/MEMORIA-ARCHIVO-768x447.jpg 768w\" sizes=\"auto, (max-width: 800px) 100vw, 800px\" \/><\/div>\n","protected":false},"excerpt":{"rendered":"<p>El Ministerio de Gobierno de\u00a0 San Juan alberga un significativo grupo de negativos fotogr\u00e1ficos capturados entre los a\u00f1os 1930 y<\/p>\n","protected":false},"author":3,"featured_media":98184,"comment_status":"closed","ping_status":"closed","sticky":false,"template":"","format":"standard","meta":{"_acf_changed":false,"_seopress_robots_primary_cat":"none","_seopress_titles_title":"","_seopress_titles_desc":"","_seopress_robots_index":"","colormag_page_container_layout":"default_layout","colormag_page_sidebar_layout":"default_layout","footnotes":""},"categories":[1],"tags":[],"class_list":["post-98180","post","type-post","status-publish","format-standard","has-post-thumbnail","hentry","category-destacadas"],"acf":[],"_links":{"self":[{"href":"https:\/\/vocesparalelas.com.ar\/sitio\/wp-json\/wp\/v2\/posts\/98180","targetHints":{"allow":["GET"]}}],"collection":[{"href":"https:\/\/vocesparalelas.com.ar\/sitio\/wp-json\/wp\/v2\/posts"}],"about":[{"href":"https:\/\/vocesparalelas.com.ar\/sitio\/wp-json\/wp\/v2\/types\/post"}],"author":[{"embeddable":true,"href":"https:\/\/vocesparalelas.com.ar\/sitio\/wp-json\/wp\/v2\/users\/3"}],"replies":[{"embeddable":true,"href":"https:\/\/vocesparalelas.com.ar\/sitio\/wp-json\/wp\/v2\/comments?post=98180"}],"version-history":[{"count":1,"href":"https:\/\/vocesparalelas.com.ar\/sitio\/wp-json\/wp\/v2\/posts\/98180\/revisions"}],"predecessor-version":[{"id":98185,"href":"https:\/\/vocesparalelas.com.ar\/sitio\/wp-json\/wp\/v2\/posts\/98180\/revisions\/98185"}],"wp:featuredmedia":[{"embeddable":true,"href":"https:\/\/vocesparalelas.com.ar\/sitio\/wp-json\/wp\/v2\/media\/98184"}],"wp:attachment":[{"href":"https:\/\/vocesparalelas.com.ar\/sitio\/wp-json\/wp\/v2\/media?parent=98180"}],"wp:term":[{"taxonomy":"category","embeddable":true,"href":"https:\/\/vocesparalelas.com.ar\/sitio\/wp-json\/wp\/v2\/categories?post=98180"},{"taxonomy":"post_tag","embeddable":true,"href":"https:\/\/vocesparalelas.com.ar\/sitio\/wp-json\/wp\/v2\/tags?post=98180"}],"curies":[{"name":"wp","href":"https:\/\/api.w.org\/{rel}","templated":true}]}}