{"id":98176,"date":"2026-03-27T13:32:45","date_gmt":"2026-03-27T16:32:45","guid":{"rendered":"https:\/\/vocesparalelas.com.ar\/sitio\/?p=98176"},"modified":"2026-03-28T23:54:06","modified_gmt":"2026-03-29T02:54:06","slug":"atencion-de-los-clientes-del-comercio-en-semana-santa-en-san-juan","status":"publish","type":"post","link":"https:\/\/vocesparalelas.com.ar\/sitio\/atencion-de-los-clientes-del-comercio-en-semana-santa-en-san-juan\/","title":{"rendered":"Atenci\u00f3n de los clientes del Comercio en Semana Santa en San Juan"},"content":{"rendered":"<p>La C\u00e1mara de Comercio y Servicios de San Juan dio a conocer el esquema de atenci\u00f3n al p\u00fablico en el marco de la celebraci\u00f3n de Semana Santa, con el objetivo de brindar previsibilidad tanto a comerciantes como a consumidores.<\/p>\n<p>Desde la entidad informaron que el Mi\u00e9rcoles, 01 de Abril, jornada en la que se conmemora el D\u00eda del Empleado P\u00fablico, la actividad comercial se desarrolla con total normalidad en la provincia de San Juan.<\/p>\n<p>En tanto, la C\u00e1mara sugiere que el Jueves Santo, 02 de Abril,\u00a0 los comercios atiendan al p\u00fablico en sus horarios habituales, manteniendo la din\u00e1mica comercial sin modificaciones.<\/p>\n<p>Por su parte, el Viernes Santo, 03 de Abril, considerado feriado nacional, no hay atenci\u00f3n al p\u00fablico, por lo que la mayor\u00eda de los establecimientos permanecen cerrados en adhesi\u00f3n a la conmemoraci\u00f3n.<\/p>\n<p>Finalmente, el S\u00e1bado, 04 de Abril, la actividad comercial retomar\u00e1 su funcionamiento habitual, con apertura en los horarios normales.<\/p>\n<p>Desde la C\u00e1mara destacaron la importancia de esta informaci\u00f3n para la organizaci\u00f3n de las compras por parte de los consumidores, as\u00ed como tambi\u00e9n para la planificaci\u00f3n del sector comercial durante estos d\u00edas especiales.<\/p>\n<p>&nbsp;<\/p>\n<p><img loading=\"lazy\" decoding=\"async\" class=\"alignnone size-full wp-image-95512\" src=\"https:\/\/vocesparalelas.com.ar\/sitio\/wp-content\/uploads\/2026\/01\/CENTRO-COMERCIO-01.jpg\" alt=\"\" width=\"800\" height=\"454\" srcset=\"https:\/\/vocesparalelas.com.ar\/sitio\/wp-content\/uploads\/2026\/01\/CENTRO-COMERCIO-01.jpg 800w, https:\/\/vocesparalelas.com.ar\/sitio\/wp-content\/uploads\/2026\/01\/CENTRO-COMERCIO-01-300x170.jpg 300w, https:\/\/vocesparalelas.com.ar\/sitio\/wp-content\/uploads\/2026\/01\/CENTRO-COMERCIO-01-768x436.jpg 768w\" sizes=\"auto, (max-width: 800px) 100vw, 800px\" \/><\/p>\n","protected":false},"excerpt":{"rendered":"<p>La C\u00e1mara de Comercio y Servicios de San Juan dio a conocer el esquema de atenci\u00f3n al p\u00fablico en el<\/p>\n","protected":false},"author":3,"featured_media":94376,"comment_status":"closed","ping_status":"closed","sticky":false,"template":"","format":"standard","meta":{"_acf_changed":false,"_seopress_robots_primary_cat":"none","_seopress_titles_title":"","_seopress_titles_desc":"","_seopress_robots_index":"","colormag_page_container_layout":"default_layout","colormag_page_sidebar_layout":"default_layout","footnotes":""},"categories":[6],"tags":[],"class_list":["post-98176","post","type-post","status-publish","format-standard","has-post-thumbnail","hentry","category-eventos"],"acf":[],"_links":{"self":[{"href":"https:\/\/vocesparalelas.com.ar\/sitio\/wp-json\/wp\/v2\/posts\/98176","targetHints":{"allow":["GET"]}}],"collection":[{"href":"https:\/\/vocesparalelas.com.ar\/sitio\/wp-json\/wp\/v2\/posts"}],"about":[{"href":"https:\/\/vocesparalelas.com.ar\/sitio\/wp-json\/wp\/v2\/types\/post"}],"author":[{"embeddable":true,"href":"https:\/\/vocesparalelas.com.ar\/sitio\/wp-json\/wp\/v2\/users\/3"}],"replies":[{"embeddable":true,"href":"https:\/\/vocesparalelas.com.ar\/sitio\/wp-json\/wp\/v2\/comments?post=98176"}],"version-history":[{"count":1,"href":"https:\/\/vocesparalelas.com.ar\/sitio\/wp-json\/wp\/v2\/posts\/98176\/revisions"}],"predecessor-version":[{"id":98179,"href":"https:\/\/vocesparalelas.com.ar\/sitio\/wp-json\/wp\/v2\/posts\/98176\/revisions\/98179"}],"wp:featuredmedia":[{"embeddable":true,"href":"https:\/\/vocesparalelas.com.ar\/sitio\/wp-json\/wp\/v2\/media\/94376"}],"wp:attachment":[{"href":"https:\/\/vocesparalelas.com.ar\/sitio\/wp-json\/wp\/v2\/media?parent=98176"}],"wp:term":[{"taxonomy":"category","embeddable":true,"href":"https:\/\/vocesparalelas.com.ar\/sitio\/wp-json\/wp\/v2\/categories?post=98176"},{"taxonomy":"post_tag","embeddable":true,"href":"https:\/\/vocesparalelas.com.ar\/sitio\/wp-json\/wp\/v2\/tags?post=98176"}],"curies":[{"name":"wp","href":"https:\/\/api.w.org\/{rel}","templated":true}]}}