{"id":98161,"date":"2026-03-26T21:41:39","date_gmt":"2026-03-27T00:41:39","guid":{"rendered":"https:\/\/vocesparalelas.com.ar\/sitio\/?p=98161"},"modified":"2026-03-27T21:53:07","modified_gmt":"2026-03-28T00:53:07","slug":"feria-de-pascuas-en-san-juan","status":"publish","type":"post","link":"https:\/\/vocesparalelas.com.ar\/sitio\/feria-de-pascuas-en-san-juan\/","title":{"rendered":"Feria de Pascuas en San Juan"},"content":{"rendered":"<p>En el predio del Parque Belgrano, 25 de Mayo y Las Heras, se despliega la tercera edici\u00f3n de la Feria de Pascuas, la que re\u00fane m\u00e1s de 150 emprendedores de diferentes puntos de la provincia, el Viernes, 27 de Marzo, de 19 a 23 horas.<\/p>\n<p>La convocatoria es una iniciativa de la Direcci\u00f3n de Econom\u00eda Social y est\u00e1 enfocada en la posibilidad de ofrecer una variedad de productos tradicionales de la Semana Santa, pero a su vez convertirse en una alternativa de comercializaci\u00f3n con precios justos.<\/p>\n<p>Es por eso que se ha planificado que la exposici\u00f3n de los emprendedores incluya a diferentes rubros, en especial chocolater\u00eda y pasteler\u00eda artesanal que ofrecer\u00e1n Huevos de Pascuas, roscas rellenas, bomboner\u00eda; adem\u00e1s de exponentes de la orfebrer\u00eda, textiles, cer\u00e1mica, marroquiner\u00eda, decoraci\u00f3n basada en distintas materias primas.<\/p>\n<p>La Feria de Pascuas se ha convertido a lo largo de estos tres a\u00f1os en un espacio clave para visibilizar y fortalecer el trabajo y el talento de los emprendedores de la econom\u00eda social.<\/p>\n<p><img loading=\"lazy\" decoding=\"async\" class=\"alignnone size-full wp-image-65642\" src=\"https:\/\/vocesparalelas.com.ar\/sitio\/wp-content\/uploads\/2023\/11\/GOBIERNO-SAN-JUAN.jpg\" alt=\"\" width=\"800\" height=\"600\" srcset=\"https:\/\/vocesparalelas.com.ar\/sitio\/wp-content\/uploads\/2023\/11\/GOBIERNO-SAN-JUAN.jpg 800w, https:\/\/vocesparalelas.com.ar\/sitio\/wp-content\/uploads\/2023\/11\/GOBIERNO-SAN-JUAN-300x225.jpg 300w, https:\/\/vocesparalelas.com.ar\/sitio\/wp-content\/uploads\/2023\/11\/GOBIERNO-SAN-JUAN-768x576.jpg 768w\" sizes=\"auto, (max-width: 800px) 100vw, 800px\" \/><\/p>\n","protected":false},"excerpt":{"rendered":"<p>En el predio del Parque Belgrano, 25 de Mayo y Las Heras, se despliega la tercera edici\u00f3n de la Feria<\/p>\n","protected":false},"author":3,"featured_media":57745,"comment_status":"closed","ping_status":"closed","sticky":false,"template":"","format":"standard","meta":{"_acf_changed":false,"_seopress_robots_primary_cat":"none","_seopress_titles_title":"","_seopress_titles_desc":"","_seopress_robots_index":"","colormag_page_container_layout":"default_layout","colormag_page_sidebar_layout":"default_layout","footnotes":""},"categories":[6],"tags":[],"class_list":["post-98161","post","type-post","status-publish","format-standard","has-post-thumbnail","hentry","category-eventos"],"acf":[],"_links":{"self":[{"href":"https:\/\/vocesparalelas.com.ar\/sitio\/wp-json\/wp\/v2\/posts\/98161","targetHints":{"allow":["GET"]}}],"collection":[{"href":"https:\/\/vocesparalelas.com.ar\/sitio\/wp-json\/wp\/v2\/posts"}],"about":[{"href":"https:\/\/vocesparalelas.com.ar\/sitio\/wp-json\/wp\/v2\/types\/post"}],"author":[{"embeddable":true,"href":"https:\/\/vocesparalelas.com.ar\/sitio\/wp-json\/wp\/v2\/users\/3"}],"replies":[{"embeddable":true,"href":"https:\/\/vocesparalelas.com.ar\/sitio\/wp-json\/wp\/v2\/comments?post=98161"}],"version-history":[{"count":1,"href":"https:\/\/vocesparalelas.com.ar\/sitio\/wp-json\/wp\/v2\/posts\/98161\/revisions"}],"predecessor-version":[{"id":98164,"href":"https:\/\/vocesparalelas.com.ar\/sitio\/wp-json\/wp\/v2\/posts\/98161\/revisions\/98164"}],"wp:featuredmedia":[{"embeddable":true,"href":"https:\/\/vocesparalelas.com.ar\/sitio\/wp-json\/wp\/v2\/media\/57745"}],"wp:attachment":[{"href":"https:\/\/vocesparalelas.com.ar\/sitio\/wp-json\/wp\/v2\/media?parent=98161"}],"wp:term":[{"taxonomy":"category","embeddable":true,"href":"https:\/\/vocesparalelas.com.ar\/sitio\/wp-json\/wp\/v2\/categories?post=98161"},{"taxonomy":"post_tag","embeddable":true,"href":"https:\/\/vocesparalelas.com.ar\/sitio\/wp-json\/wp\/v2\/tags?post=98161"}],"curies":[{"name":"wp","href":"https:\/\/api.w.org\/{rel}","templated":true}]}}