{"id":98137,"date":"2026-03-26T22:02:10","date_gmt":"2026-03-27T01:02:10","guid":{"rendered":"https:\/\/vocesparalelas.com.ar\/sitio\/?p=98137"},"modified":"2026-03-27T21:37:31","modified_gmt":"2026-03-28T00:37:31","slug":"se-conformo-las-comisiones-de-exterior-e-interior-de-la-camara-de-diputados-de-san-juan","status":"publish","type":"post","link":"https:\/\/vocesparalelas.com.ar\/sitio\/se-conformo-las-comisiones-de-exterior-e-interior-de-la-camara-de-diputados-de-san-juan\/","title":{"rendered":"Se conform\u00f3 las Comisiones de Exterior e Interior de la C\u00e1mara de Diputados de San Juan"},"content":{"rendered":"<p>En cumplimiento con lo establecido en el art\u00edculo 180 del Reglamento Interno de la C\u00e1mara de Diputados de San Juan, se celebr\u00f3 la Sesi\u00f3n Preparatoria presidida por el vicepresidente primero, diputado Dr. Enzo Cornejo. En la ocasi\u00f3n, los legisladores designaron a los miembros de las Comisiones de Exterior e Interior, quienes son responsables de recibir y acompa\u00f1ar al gobernador de San Juan, Dr. Marcelo Orrego en su llegada al recinto para pronunciar el Mensaje Anual, en el marco de la apertura de sesiones del Periodo Ordinario 2026, prevista para el Mi\u00e9rcoles, 1 de Abril, a las 9 horas.<\/p>\n<p>Comisi\u00f3n de Exterior<\/p>\n<ul>\n<li>Marcela Monta\u00f1a,<\/li>\n<li>Mar\u00eda Lascano,<\/li>\n<li>Andr\u00e9s Castro,<\/li>\n<li>Miguel Atampiz,<\/li>\n<li>Miguel Vega,<\/li>\n<li>Marisa L\u00f3pez,<\/li>\n<li>Emilio Escudero y<\/li>\n<li>Fernanda Paredes.<\/li>\n<\/ul>\n<p>De acuerdo con el art\u00edculo 117 del Reglamento Interno, esta comisi\u00f3n est\u00e1 integrada por ocho diputados designados por la C\u00e1mara en plenario, por mayor\u00eda simple de votos. Su principal funci\u00f3n ser\u00e1 acompa\u00f1ar al gobernador hasta el ingreso del edificio de la C\u00e1mara de Diputados durante la apertura del periodo legislativo ordinario.<\/p>\n<p>Por otro lado, en cumplimiento del art\u00edculo 118, la\u00a0Comisi\u00f3n de Interior est\u00e1 conformada por los presidentes de los bloques legislativos:<\/p>\n<ul>\n<li>Juan de la Cruz C\u00f3rdoba (Bloque \u00abProducci\u00f3n y Trabajo\u00bb),<\/li>\n<li>Enzo Cornejo (Bloque PRO),<\/li>\n<li>Fernando Patinella (Bloque \u00abLa Libertad Avanza-ADN\u00bb),<\/li>\n<li>Franco Aranda (Bloque \u00abFrente Renovador San Juan\u00bb),<\/li>\n<li>Luis Rueda (Bloque Bloquista),<\/li>\n<li>Leopoldo Soler (Bloque \u00abMejor Nosotros\u00bb),<\/li>\n<li>Alejandra Leonardo (UCR),<\/li>\n<li>Mario Herrero (Bloque \u00abSan Juan Vuelve- P.T.P.\u00bb),<\/li>\n<li>Juan Carlos Quiroga Moyano (Bloque Justicialista),<\/li>\n<li>Gustavo Us\u00edn (Bloque Actuar),<\/li>\n<li>Marta Gramajo (Bloque Crecer),<\/li>\n<li>Gabriel S\u00e1nchez (Bloque \u00abSan Juan Te Quiero\u00bb) y<\/li>\n<li>Marcelo Mallea (Bloque del Este- Primero Angaco).<\/li>\n<\/ul>\n<p>La misi\u00f3n de esta comisi\u00f3n es acompa\u00f1ar al gobernador hasta el recinto durante la apertura de sesiones del periodo ordinario.<\/p>\n<p>Finalmente, el plenario fij\u00f3 la realizaci\u00f3n de las sesiones para el Jueves, en el horario y frecuencia que se determine en Labor Parlamentaria.<\/p>\n<p>&nbsp;<\/p>\n<figure id=\"attachment_37951\" aria-describedby=\"caption-attachment-37951\" style=\"width: 800px\" class=\"wp-caption alignnone\"><img loading=\"lazy\" decoding=\"async\" class=\"size-full wp-image-37951\" src=\"https:\/\/vocesparalelas.com.ar\/sitio\/wp-content\/uploads\/2021\/05\/CAMARA-EDIFICIO.jpg\" alt=\"\" width=\"800\" height=\"515\" srcset=\"https:\/\/vocesparalelas.com.ar\/sitio\/wp-content\/uploads\/2021\/05\/CAMARA-EDIFICIO.jpg 800w, https:\/\/vocesparalelas.com.ar\/sitio\/wp-content\/uploads\/2021\/05\/CAMARA-EDIFICIO-300x193.jpg 300w, https:\/\/vocesparalelas.com.ar\/sitio\/wp-content\/uploads\/2021\/05\/CAMARA-EDIFICIO-768x494.jpg 768w\" sizes=\"auto, (max-width: 800px) 100vw, 800px\" \/><figcaption id=\"caption-attachment-37951\" class=\"wp-caption-text\">Legislatura Provincial de San Juan, Rep\u00fablica Argentina<\/figcaption><\/figure>\n","protected":false},"excerpt":{"rendered":"<p>En cumplimiento con lo establecido en el art\u00edculo 180 del Reglamento Interno de la C\u00e1mara de Diputados de San Juan,<\/p>\n","protected":false},"author":3,"featured_media":94857,"comment_status":"closed","ping_status":"closed","sticky":false,"template":"","format":"standard","meta":{"_acf_changed":false,"_seopress_robots_primary_cat":"none","_seopress_titles_title":"","_seopress_titles_desc":"","_seopress_robots_index":"","colormag_page_container_layout":"default_layout","colormag_page_sidebar_layout":"default_layout","footnotes":""},"categories":[10],"tags":[],"class_list":["post-98137","post","type-post","status-publish","format-standard","has-post-thumbnail","hentry","category-opiniones"],"acf":[],"_links":{"self":[{"href":"https:\/\/vocesparalelas.com.ar\/sitio\/wp-json\/wp\/v2\/posts\/98137","targetHints":{"allow":["GET"]}}],"collection":[{"href":"https:\/\/vocesparalelas.com.ar\/sitio\/wp-json\/wp\/v2\/posts"}],"about":[{"href":"https:\/\/vocesparalelas.com.ar\/sitio\/wp-json\/wp\/v2\/types\/post"}],"author":[{"embeddable":true,"href":"https:\/\/vocesparalelas.com.ar\/sitio\/wp-json\/wp\/v2\/users\/3"}],"replies":[{"embeddable":true,"href":"https:\/\/vocesparalelas.com.ar\/sitio\/wp-json\/wp\/v2\/comments?post=98137"}],"version-history":[{"count":3,"href":"https:\/\/vocesparalelas.com.ar\/sitio\/wp-json\/wp\/v2\/posts\/98137\/revisions"}],"predecessor-version":[{"id":98142,"href":"https:\/\/vocesparalelas.com.ar\/sitio\/wp-json\/wp\/v2\/posts\/98137\/revisions\/98142"}],"wp:featuredmedia":[{"embeddable":true,"href":"https:\/\/vocesparalelas.com.ar\/sitio\/wp-json\/wp\/v2\/media\/94857"}],"wp:attachment":[{"href":"https:\/\/vocesparalelas.com.ar\/sitio\/wp-json\/wp\/v2\/media?parent=98137"}],"wp:term":[{"taxonomy":"category","embeddable":true,"href":"https:\/\/vocesparalelas.com.ar\/sitio\/wp-json\/wp\/v2\/categories?post=98137"},{"taxonomy":"post_tag","embeddable":true,"href":"https:\/\/vocesparalelas.com.ar\/sitio\/wp-json\/wp\/v2\/tags?post=98137"}],"curies":[{"name":"wp","href":"https:\/\/api.w.org\/{rel}","templated":true}]}}