{"id":98109,"date":"2026-03-30T20:19:38","date_gmt":"2026-03-30T23:19:38","guid":{"rendered":"https:\/\/vocesparalelas.com.ar\/sitio\/?p=98109"},"modified":"2026-03-31T17:46:10","modified_gmt":"2026-03-31T20:46:10","slug":"se-acreditan-los-haberes-marzo-2026-al-personal-de-la-administracion-publica-de-san-juan","status":"publish","type":"post","link":"https:\/\/vocesparalelas.com.ar\/sitio\/se-acreditan-los-haberes-marzo-2026-al-personal-de-la-administracion-publica-de-san-juan\/","title":{"rendered":"Se acreditan los haberes \u00abMarzo 2026\u00bb al Personal de la Administraci\u00f3n P\u00fablica de San Juan"},"content":{"rendered":"<p>El Ministerio de Econom\u00eda, Finanzas y Hacienda del Gobierno de San Juan informa que los haberes \u00abMarzo 2026\u00bb\u00a0 al al Personal de la Administraci\u00f3n P\u00fablica se acreditan el Martes, 31 de Marzo.<\/p>\n<p><span style=\"color: #ff6600;\"><strong>Sector docente<\/strong><\/span><\/p>\n<p>A su vez, comunica que el incremento salarial a dicho sector, en el mes de Marzo de 2026, se realiza de acuerdo a las \u00faltimas reuniones paritarias, incluyendo los siguientes \u00edtems:<\/p>\n<ul>\n<li>5% de incremento salarial para el mes de marzo de 2026<\/li>\n<li>6 puntos al c\u00f3digo A01<\/li>\n<li>6 puntos al c\u00f3digo E60<\/li>\n<li>Y los c\u00f3digos G44 y G46 (complemento salarial) para los cargos docentes de menores ingresos<\/li>\n<\/ul>\n<p>Asimismo, el Mi\u00e9rcoles, 15 de Abril se paga el bono no remunerativo, no bonificable, de $120.000 para\u00a0 los empleados de la Administraci\u00f3n.<\/p>\n<p>Se recuerda que los cajeros autom\u00e1ticos funcionan las 24 horas y que est\u00e1n vigentes las extracciones con tarjeta de d\u00e9bito en los principales supermercados y estaciones de servicio de la provincia, entre otros comercios identificados con el logo de Visa &#8211; Extra cash.<\/p>\n<p><img loading=\"lazy\" decoding=\"async\" class=\"alignnone size-full wp-image-65642\" src=\"https:\/\/vocesparalelas.com.ar\/sitio\/wp-content\/uploads\/2023\/11\/GOBIERNO-SAN-JUAN.jpg\" alt=\"\" width=\"800\" height=\"600\" srcset=\"https:\/\/vocesparalelas.com.ar\/sitio\/wp-content\/uploads\/2023\/11\/GOBIERNO-SAN-JUAN.jpg 800w, https:\/\/vocesparalelas.com.ar\/sitio\/wp-content\/uploads\/2023\/11\/GOBIERNO-SAN-JUAN-300x225.jpg 300w, https:\/\/vocesparalelas.com.ar\/sitio\/wp-content\/uploads\/2023\/11\/GOBIERNO-SAN-JUAN-768x576.jpg 768w\" sizes=\"auto, (max-width: 800px) 100vw, 800px\" \/><\/p>\n","protected":false},"excerpt":{"rendered":"<p>El Ministerio de Econom\u00eda, Finanzas y Hacienda del Gobierno de San Juan informa que los haberes \u00abMarzo 2026\u00bb\u00a0 al al<\/p>\n","protected":false},"author":3,"featured_media":5039,"comment_status":"closed","ping_status":"closed","sticky":false,"template":"","format":"standard","meta":{"_acf_changed":false,"_seopress_robots_primary_cat":"none","_seopress_titles_title":"","_seopress_titles_desc":"","_seopress_robots_index":"","colormag_page_container_layout":"default_layout","colormag_page_sidebar_layout":"default_layout","footnotes":""},"categories":[6],"tags":[],"class_list":["post-98109","post","type-post","status-publish","format-standard","has-post-thumbnail","hentry","category-eventos"],"acf":[],"_links":{"self":[{"href":"https:\/\/vocesparalelas.com.ar\/sitio\/wp-json\/wp\/v2\/posts\/98109","targetHints":{"allow":["GET"]}}],"collection":[{"href":"https:\/\/vocesparalelas.com.ar\/sitio\/wp-json\/wp\/v2\/posts"}],"about":[{"href":"https:\/\/vocesparalelas.com.ar\/sitio\/wp-json\/wp\/v2\/types\/post"}],"author":[{"embeddable":true,"href":"https:\/\/vocesparalelas.com.ar\/sitio\/wp-json\/wp\/v2\/users\/3"}],"replies":[{"embeddable":true,"href":"https:\/\/vocesparalelas.com.ar\/sitio\/wp-json\/wp\/v2\/comments?post=98109"}],"version-history":[{"count":1,"href":"https:\/\/vocesparalelas.com.ar\/sitio\/wp-json\/wp\/v2\/posts\/98109\/revisions"}],"predecessor-version":[{"id":98112,"href":"https:\/\/vocesparalelas.com.ar\/sitio\/wp-json\/wp\/v2\/posts\/98109\/revisions\/98112"}],"wp:featuredmedia":[{"embeddable":true,"href":"https:\/\/vocesparalelas.com.ar\/sitio\/wp-json\/wp\/v2\/media\/5039"}],"wp:attachment":[{"href":"https:\/\/vocesparalelas.com.ar\/sitio\/wp-json\/wp\/v2\/media?parent=98109"}],"wp:term":[{"taxonomy":"category","embeddable":true,"href":"https:\/\/vocesparalelas.com.ar\/sitio\/wp-json\/wp\/v2\/categories?post=98109"},{"taxonomy":"post_tag","embeddable":true,"href":"https:\/\/vocesparalelas.com.ar\/sitio\/wp-json\/wp\/v2\/tags?post=98109"}],"curies":[{"name":"wp","href":"https:\/\/api.w.org\/{rel}","templated":true}]}}