{"id":98069,"date":"2026-03-25T14:11:55","date_gmt":"2026-03-25T17:11:55","guid":{"rendered":"https:\/\/vocesparalelas.com.ar\/sitio\/?p=98069"},"modified":"2026-03-25T22:11:08","modified_gmt":"2026-03-26T01:11:08","slug":"la-mision-y-la-anunciacion-disponibilidad-escucha-y-alegria","status":"publish","type":"post","link":"https:\/\/vocesparalelas.com.ar\/sitio\/la-mision-y-la-anunciacion-disponibilidad-escucha-y-alegria\/","title":{"rendered":"La Misi\u00f3n y la Anunciaci\u00f3n: Disponibilidad, Escucha y Alegr\u00eda"},"content":{"rendered":"<p>Por el Arzobispo de San Juan de Cuyo, Monse\u00f1or Jorge Lozano<\/p>\n<p style=\"text-align: center;\">O\u00eddos atentos:<\/p>\n<p style=\"text-align: center;\">\u00abEscucha activa\u00bb que propone el desaf\u00edo del S\u00ednodo.<\/p>\n<p style=\"text-align: center;\">Coraz\u00f3n en Dios:<\/p>\n<p style=\"text-align: center;\">Resume la Espiritualidad como \u00abestar con Vos\u00bb y la amistad con Jes\u00fas.<\/p>\n<p style=\"text-align: center;\">Manos abiertas a los hermanos:<\/p>\n<p style=\"text-align: center;\">Traduce la Misi\u00f3n y el servicio concreto del lavatorio de pies.<\/p>\n<p><strong><span style=\"color: #ff6600;\">Sexta Meditaci\u00f3n<\/span><\/strong><\/p>\n<p><strong><span style=\"color: #ff6600;\">La Misi\u00f3n es disponibilidad<\/span><\/strong><\/p>\n<p><strong><span style=\"color: #ff6600;\">La Misi\u00f3n y la Anunciaci\u00f3n: Disponibilidad, Escucha y Alegr\u00eda<\/span><\/strong><\/p>\n<p><strong><span style=\"color: #ff6600;\">Introducci\u00f3n: Mar\u00eda y la Disponibilidad Total<\/span><\/strong><\/p>\n<p>En este tiempo de Cuaresma, ya muy cerca del Domingo de Ramos, nos detenemos en el misterio de la Anunciaci\u00f3n para contemplar la misi\u00f3n que Dios nos conf\u00eda. Dentro de 9 meses celebraremos el nacimiento de Jes\u00fas en Bel\u00e9n, y hoy hacemos memoria y fiesta por el inicio del embarazo de la Virgen Mar\u00eda. La joven de Nazaret, nos muestra c\u00f3mo la disponibilidad total abre caminos nuevos en la historia. Su vida nos invita a una entrega radical, a confiar y a dejarnos sorprender por la propuesta de Dios, aun cuando desaf\u00eda nuestros planes y certezas. Hoy, celebramos la capacidad de Mar\u00eda para escuchar y responder sin reservas, y nos preguntamos c\u00f3mo podemos seguir su ejemplo en nuestro propio camino de fe.<\/p>\n<p><strong><span style=\"color: #ff6600;\">Texto B\u00edblico: Lucas 1, 26-38<\/span><\/strong><\/p>\n<p>Acojamos con la mente, el coraz\u00f3n y la imaginaci\u00f3n el relato del Evangelio de San Lucas. \u201cEn el sexto mes, el \u00c1ngel Gabriel fue enviado por Dios a una ciudad de Galilea, llamada Nazaret, a una virgen que estaba comprometida con un hombre perteneciente a la familia de David, llamado Jos\u00e9. El nombre de la virgen era Mar\u00eda. El \u00c1ngel entr\u00f3 en su casa y la salud\u00f3, diciendo: \u201c\u00a1Al\u00e9grate!, llena de gracia, el Se\u00f1or est\u00e1 contigo\u201d. Al o\u00edr estas palabras, ella qued\u00f3<br \/>\ndesconcertada y se preguntaba qu\u00e9 pod\u00eda significar ese saludo. Pero el \u00c1ngel le dijo: \u201cNo temas, Mar\u00eda, porque Dios te ha favorecido. Concebir\u00e1s y dar\u00e1s a luz un hijo, y le pondr\u00e1s por nombre Jes\u00fas; \u00e9l ser\u00e1 grande y ser\u00e1 llamado Hijo del Alt\u00edsimo. El Se\u00f1or Dios le dar\u00e1 el trono de David, su padre, reinar\u00e1 sobre la casa de Jacob para siempre y su reino no tendr\u00e1 fin\u201d.<\/p>\n<p>Mar\u00eda dijo al \u00c1ngel: \u201c\u00bfC\u00f3mo puede ser eso, si yo no tengo relaciones con ning\u00fan hombre?\u201d. El \u00c1ngel le respondi\u00f3: \u201cEl Esp\u00edritu Santo descender\u00e1 sobre ti y el poder del Alt\u00edsimo te cubrir\u00e1 con su sombra. Por eso el ni\u00f1o ser\u00e1 Santo y ser\u00e1 llamado Hijo de Dios. Tambi\u00e9n tu parienta Isabel concibi\u00f3 un hijo a pesar de su vejez, y la que era considerada est\u00e9ril, ya se encuentra en su sexto mes, porque no hay nada imposible para Dios\u201d. Mar\u00eda dijo entonces: \u201cYo soy la servidora del Se\u00f1or, que se cumpla en m\u00ed lo que has dicho\u201d. Y el \u00c1ngel se alej\u00f3\u201d.<\/p>\n<p><strong><span style=\"color: #ff6600;\">Novedad en la Vida y la Historia, Gracia y Misi\u00f3n<\/span><\/strong><\/p>\n<p>Mar\u00eda escucha atentamente la voz de Dios. Su coraz\u00f3n abierto le permite captar la novedad que trae el mensaje del \u00e1ngel: una misi\u00f3n que no s\u00f3lo transforma su vida, sino que cambia la historia de la humanidad. En ese instante, la gracia desciende sobre ella y la impulsa a un s\u00ed profundo, a un servicio humilde y generoso. La misi\u00f3n de Mar\u00eda nace del encuentro con el Esp\u00edritu Santo, que la fortalece y la anima a caminar en confianza, incluso en medio de la incertidumbre y el desconcierto.<\/p>\n<p>La disponibilidad de Mar\u00eda nos ense\u00f1a que la verdadera misi\u00f3n surge de una escucha atenta, de la capacidad de dejar que la Palabra de Dios desaf\u00ede nuestras rutinas y nos invite a caminos in\u00e9ditos. Su respuesta nos inspira a mirar nuestra vida con ojos nuevos y a descubrir la presencia de Dios en lo cotidiano, en lo inesperado y en lo que nos descoloca.<\/p>\n<p><strong><span style=\"color: #ff6600;\">Mar\u00eda Visita a Isabel: Portadores de Alegr\u00eda<\/span><\/strong><\/p>\n<p>Luego de la Anunciaci\u00f3n, Mar\u00eda no se queda en s\u00ed misma. Sale al encuentro de su prima Isabel, llevando en su interior la alegr\u00eda de la Buena Noticia. Su visita es expresi\u00f3n de servicio, de comuni\u00f3n y de alegr\u00eda compartida. Mar\u00eda<br \/>\nes portadora de la presencia de Dios, y su gesto nos recuerda que la misi\u00f3n no es s\u00f3lo recibir, sino comunicar, contagiar esperanza y alegr\u00eda a quienes nos rodean.<\/p>\n<p>La afirmaci\u00f3n de Isabel dirigida a Mar\u00eda podemos recibirla tambi\u00e9n para nosotros: \u201c\u00a1Feliz de ti por haber cre\u00eddo!\u201d. Ser portadores de Buenas Noticias implica abrirnos a los dem\u00e1s, compartir lo recibido y animar a otros a descubrir la gracia de Dios en sus propias vidas. En cada encuentro, podemos ser instrumentos de la alegr\u00eda y de la paz que brotan del Evangelio.<\/p>\n<p><strong><span style=\"color: #ff6600;\">Aniversario Episcopal, Agradecimiento y Debilidades<\/span><\/strong><\/p>\n<p>El 25 de marzo del a\u00f1o 2000 fui consagrado obispo en la Catedral de Buenos Aires. Me detengo con vos a agradecer a Dios por el don de la misi\u00f3n encomendada y por el camino recorrido. Muchos rostros e historias de vida habitan mi coraz\u00f3n y me conmueven. Reconozco mis propias debilidades, l\u00edmites y fragilidades; pero tambi\u00e9n experimento el apoyo constante de Dios que renueva mi esperanza y me anima a seguir sirviendo. A su vez siento muy cerca la oraci\u00f3n y el cari\u00f1o de quienes compartimos camino. En este d\u00eda, pido al Se\u00f1or que me sostenga, que me ayude a escuchar su voz y a responder con generosidad, como Mar\u00eda lo hizo. Que su gracia me acompa\u00f1e y me permita ser testigo de la alegr\u00eda y de la misericordia en medio de las diversas comunidades a las que Jes\u00fas me env\u00eda a servir dici\u00e9ndome \u201csi me amas, apacienta&#8230;\u201d.<\/p>\n<p><strong><span style=\"color: #ff6600;\">Propuesta Final: \u00bfA Qu\u00e9 Me Invita Dios Hoy?<\/span><\/strong><\/p>\n<p>La misi\u00f3n nace de la escucha profunda y de una espiritualidad que se deja transformar por Dios. Cada uno de nosotros est\u00e1 llamado a discernir, a preguntarse: \u00bfa qu\u00e9 me invita Dios hoy? \u00bfEn qu\u00e9 aspecto de mi vida me pide<br \/>\ndecir \u201cs\u00ed\u201d? Que esta meditaci\u00f3n nos ayude a abrir el coraz\u00f3n, a dejarnos sorprender por la novedad del Esp\u00edritu, y a responder con valent\u00eda y alegr\u00eda al llamado que Dios nos dirige en este tiempo de Cuaresma.<\/p>\n<p>Te invito a tomar un momento de silencio, a mirar tu vida y a preguntarte: \u00bfCu\u00e1l es la palabra o el gesto que Dios espera de m\u00ed hoy? \u00bfC\u00f3mo puedo ser portador de la alegr\u00eda, y comunicar la Buena Noticia en mi entorno? Que Mar\u00eda, llena de gracia y de disponibilidad, nos acompa\u00f1e en nuestro camino espiritual y nos inspire a decir \u201cs\u00ed\u201d a la misi\u00f3n que Dios nos conf\u00eda. \u00a1Que empecemos una bendecida Semana Santa!<\/p>\n<p><strong><span style=\"color: #ff6600;\">Para seguir meditando<\/span><\/strong><\/p>\n<p><strong><span style=\"color: #ff6600;\">Dilexi te<\/span><\/strong><\/p>\n<p>\u201cDios es amor misericordioso y su proyecto de amor, que se extiende y se realiza en la historia, es ante todo su descenso y su venida entre nosotros para liberarnos de la esclavitud, de los miedos, del pecado y del poder de la<br \/>\nmuerte. Con una mirada misericordiosa y el coraz\u00f3n lleno de amor, \u00c9l se dirigi\u00f3 a sus criaturas, haci\u00e9ndose cargo de su condici\u00f3n humana y, por tanto, de su pobreza.<\/p>\n<p>Precisamente para compartir los l\u00edmites y las fragilidades de nuestra naturaleza humana, \u00c9l mismo se hizo pobre, naci\u00f3 en carne como nosotros, lo hemos conocido en la peque\u00f1ez de un ni\u00f1o colocado en un pesebre y en la<br \/>\nextrema humillaci\u00f3n de la cruz, all\u00ed comparti\u00f3 nuestra pobreza radical, que es la muerte (&#8230;). Esta \u201cpreferencia\u201d no indica nunca un exclusivismo o una discriminaci\u00f3n hacia otros grupos, que en Dios ser\u00edan imposibles; esta desea<br \/>\nsubrayar la acci\u00f3n de Dios que se compadece ante la pobreza y la debilidad de toda la humanidad y, queriendo inaugurar un Reino de justicia, fraternidad y solidaridad, se preocupa particularmente de aquellos que son<br \/>\ndiscriminados y oprimidos, pidi\u00e9ndonos tambi\u00e9n a nosotros, su Iglesia, una opci\u00f3n firme y radical en favor de los m\u00e1s d\u00e9biles\u201d (DT 16).<\/p>\n<p>\u201cLa santidad cristiana florece, con frecuencia, en los lugares m\u00e1s olvidados y heridos de la humanidad. Los m\u00e1s pobres entre los pobres &#8211; los que no s\u00f3lo carecen de bienes, sino tambi\u00e9n de voz y de reconocimiento de su dignidad -ocupan un lugar especial en el coraz\u00f3n de Dios. Son los preferidos del Evangelio, los herederos del Reino (cf. Lc 6,20). Es en ellos donde Cristo sigue sufriendo y resucitando. Es en ellos donde la Iglesia redescubre la llamada a mostrar su realidad m\u00e1s aut\u00e9ntica\u201d (DT 76).<\/p>\n<p style=\"text-align: center;\"><strong><span style=\"color: #ff6600;\">San Juan de la Cruz<\/span><\/strong><\/p>\n<p style=\"text-align: center;\">\u201cEntonces llam\u00f3 a un arc\u00e1ngel<br \/>\nque san Gabriel se dec\u00eda,<br \/>\ny envi\u00f3lo a una doncella<br \/>\nque se llamaba Mar\u00eda,<br \/>\nde cuyo consentimiento<br \/>\nel misterio se hac\u00eda;<br \/>\nen la cual la Trinidad<br \/>\nde carne al Verbo vest\u00eda;<br \/>\ny aunque tres hacen la obra,<br \/>\nen el uno se hac\u00eda;<br \/>\ny qued\u00f3 el Verbo encarnado<br \/>\nen el vientre de Mar\u00eda.<br \/>\nY el que ten\u00eda s\u00f3lo Padre,<br \/>\nya tambi\u00e9n Madre ten\u00eda,<br \/>\naunque no como cualquiera<br \/>\nque de var\u00f3n conceb\u00eda,<br \/>\nque de las entra\u00f1as de ella<br \/>\n\u00e9l su carne recib\u00eda;<br \/>\npor lo cual Hijo de Dios<br \/>\ny del hombre se dec\u00eda\u201d<\/p>\n<p style=\"text-align: center;\">(Romance de la Encarnaci\u00f3n 8)<\/p>\n<p style=\"text-align: center;\">\u201c\u00a1oh llama de amor viva,<br \/>\nque tiernamente hieres<br \/>\nde mi alma en el m\u00e1s profundo centro!<br \/>\nPues ya no eres esquiva,<br \/>\nacaba ya si quieres;<br \/>\n\u00a1rompe la tela de este dulce encuentro!<\/p>\n<p>Esta llama de amor que es el Esp\u00edritu de su Esposo, que es el Esp\u00edritu Santo, al cual siente ya el alma en s\u00ed, no s\u00f3lo como fuego que la tiene consumada y transformada en suave amor, sino como fuego que, adem\u00e1s de eso, arde en<br \/>\nella y echa llama (&#8230;) ama subid\u00edsimamente, hecha un amor con aquella llama\u201d (Ll B1,3)<\/p>\n<p>&nbsp;<\/p>\n<p><iframe loading=\"lazy\" title=\"SAN JUAN MONSE\u00d1OR JORGE LOZANO \" width=\"800\" height=\"450\" src=\"https:\/\/www.youtube.com\/embed\/T8QY-tJsJe4?feature=oembed\" frameborder=\"0\" allow=\"accelerometer; autoplay; clipboard-write; encrypted-media; gyroscope; picture-in-picture; web-share\" referrerpolicy=\"strict-origin-when-cross-origin\" allowfullscreen><\/iframe><\/p>\n<p>&nbsp;<\/p>\n<p><img loading=\"lazy\" decoding=\"async\" class=\"alignnone size-full wp-image-61416\" src=\"https:\/\/vocesparalelas.com.ar\/sitio\/wp-content\/uploads\/2023\/07\/ARZOBISPADO-EDIFICIO.jpg\" alt=\"\" width=\"800\" height=\"600\" srcset=\"https:\/\/vocesparalelas.com.ar\/sitio\/wp-content\/uploads\/2023\/07\/ARZOBISPADO-EDIFICIO.jpg 800w, https:\/\/vocesparalelas.com.ar\/sitio\/wp-content\/uploads\/2023\/07\/ARZOBISPADO-EDIFICIO-300x225.jpg 300w, https:\/\/vocesparalelas.com.ar\/sitio\/wp-content\/uploads\/2023\/07\/ARZOBISPADO-EDIFICIO-768x576.jpg 768w\" sizes=\"auto, (max-width: 800px) 100vw, 800px\" \/><\/p>\n","protected":false},"excerpt":{"rendered":"<p>Por el Arzobispo de San Juan de Cuyo, Monse\u00f1or Jorge Lozano O\u00eddos atentos: \u00abEscucha activa\u00bb que propone el desaf\u00edo del<\/p>\n","protected":false},"author":3,"featured_media":96814,"comment_status":"closed","ping_status":"closed","sticky":false,"template":"","format":"standard","meta":{"_acf_changed":false,"_seopress_robots_primary_cat":"none","_seopress_titles_title":"","_seopress_titles_desc":"","_seopress_robots_index":"","colormag_page_container_layout":"default_layout","colormag_page_sidebar_layout":"default_layout","footnotes":""},"categories":[10,7],"tags":[],"class_list":["post-98069","post","type-post","status-publish","format-standard","has-post-thumbnail","hentry","category-opiniones","category-videos"],"acf":[],"_links":{"self":[{"href":"https:\/\/vocesparalelas.com.ar\/sitio\/wp-json\/wp\/v2\/posts\/98069","targetHints":{"allow":["GET"]}}],"collection":[{"href":"https:\/\/vocesparalelas.com.ar\/sitio\/wp-json\/wp\/v2\/posts"}],"about":[{"href":"https:\/\/vocesparalelas.com.ar\/sitio\/wp-json\/wp\/v2\/types\/post"}],"author":[{"embeddable":true,"href":"https:\/\/vocesparalelas.com.ar\/sitio\/wp-json\/wp\/v2\/users\/3"}],"replies":[{"embeddable":true,"href":"https:\/\/vocesparalelas.com.ar\/sitio\/wp-json\/wp\/v2\/comments?post=98069"}],"version-history":[{"count":1,"href":"https:\/\/vocesparalelas.com.ar\/sitio\/wp-json\/wp\/v2\/posts\/98069\/revisions"}],"predecessor-version":[{"id":98072,"href":"https:\/\/vocesparalelas.com.ar\/sitio\/wp-json\/wp\/v2\/posts\/98069\/revisions\/98072"}],"wp:featuredmedia":[{"embeddable":true,"href":"https:\/\/vocesparalelas.com.ar\/sitio\/wp-json\/wp\/v2\/media\/96814"}],"wp:attachment":[{"href":"https:\/\/vocesparalelas.com.ar\/sitio\/wp-json\/wp\/v2\/media?parent=98069"}],"wp:term":[{"taxonomy":"category","embeddable":true,"href":"https:\/\/vocesparalelas.com.ar\/sitio\/wp-json\/wp\/v2\/categories?post=98069"},{"taxonomy":"post_tag","embeddable":true,"href":"https:\/\/vocesparalelas.com.ar\/sitio\/wp-json\/wp\/v2\/tags?post=98069"}],"curies":[{"name":"wp","href":"https:\/\/api.w.org\/{rel}","templated":true}]}}