{"id":97970,"date":"2026-03-20T11:35:01","date_gmt":"2026-03-20T14:35:01","guid":{"rendered":"https:\/\/vocesparalelas.com.ar\/sitio\/?p=97970"},"modified":"2026-03-22T12:40:05","modified_gmt":"2026-03-22T15:40:05","slug":"talleres-artisticos-en-el-mpbafr-de-san-juan-2","status":"publish","type":"post","link":"https:\/\/vocesparalelas.com.ar\/sitio\/talleres-artisticos-en-el-mpbafr-de-san-juan-2\/","title":{"rendered":"Talleres art\u00edsticos en el MPBAFR de San Juan"},"content":{"rendered":"<p>El\u00a0<strong>Museo Franklin Rawson<\/strong>, a trav\u00e9s de su programa de educaci\u00f3n no formal, lanza once talleres, con propuestas nuevas y algunos cl\u00e1sicos, siempre demandados por la comunidad; con el acompa\u00f1amiento de un id\u00f3neo equipo de docentes de arte.<\/p>\n<p>El Ministerio de Turismo, Cultura y Deporte, a trav\u00e9s del Museo Franklin Rawson continua a\u00f1o a a\u00f1o impulsando espacios de formaci\u00f3n que permiten aportar herramientas que ayudan a despertar la mirada y actitud creadora; estimular un encuentro con la forma, el espacio y color a trav\u00e9s de la pintura y escultura; ense\u00f1ar las bases del dibujo y la pintura; explorar las posibilidades art\u00edsticas de diferentes t\u00e9cnicas, experimentar un modo particular de escribir y vivenciar la literatura, entre otras.<\/p>\n<p>Este 2026, a\u00f1o especial en el que el museo celebra 90 a\u00f1os de su fundaci\u00f3n, la oferta es est\u00e1 destinada a p\u00fablicos diversos: ni\u00f1os, j\u00f3venes y adultos. Los talleres del MPBAFR se caracterizan por su f\u00e1cil accesibilidad ya que se abona inscripci\u00f3n por \u00fanica vez y, en general, para participar no es necesario poseer conocimientos previos.<\/p>\n<p><span style=\"color: #ff6600;\"><strong>Pre Inscripci\u00f3n<\/strong><\/span><\/p>\n<p>A trav\u00e9s de formulario online, desde el Martes, 20 de Marzo, a partir de las 12 hs, disponible en<\/p>\n<p><a href=\"https:\/\/linktr.ee\/museo_franklin_rawson\" target=\"_blank\" rel=\"noopener noreferrer\">www.museofranklinrawson.org<\/a><\/p>\n<p>Importante: se confirmar\u00e1 la inscripci\u00f3n una vez que se abone una \u00fanica cuota de inscripci\u00f3n de $12.000 (doce mil pesos) de manera presencial en recepci\u00f3n del museo, desde el 25 de marzo, en horario de 13 a 19h.<\/p>\n<p><span style=\"color: #ff6600;\"><strong>Talleres del programa de Educaci\u00f3n No Formal &#8211; Museo Franklin Rawson<\/strong><\/span><\/p>\n<ul>\n<li>TALLER DE CUENTOS, ARTE Y MOVIMIENTO EXPRESIVO: Ni\u00f1os de 3 y 4 a\u00f1os<\/li>\n<li>YOGA Y TEATRO: de 8 a 12 a\u00f1os.<\/li>\n<li>CREATIVIDAD VIVENCIAL: de 4 a 6 a\u00f1os.<\/li>\n<li>ILUSTRACI\u00d3N DE PERSONAJES Y MUNDOS: De 7 a 12 a\u00f1os<\/li>\n<li>PINTURA Y ESCULTURA: 9 a 12 a\u00f1os.<\/li>\n<li>EL CAMINO DEL ARTISTA: de 18 a\u00f1os en adelante.<\/li>\n<li>LECTOESCRITURA: de 18 a\u00f1os en adelante.<\/li>\n<li>DIBUJO DE FIGURA HUMANA: J\u00f3venes (a partir de 18 a\u00f1os) y adultos.<\/li>\n<li>EL ARTE DE ILUSTRAR: Desde los 18 a\u00f1os en adelante.<\/li>\n<li>TRAMA Y URDIMBRE: de 18 a\u00f1os en adelante.<\/li>\n<li>DIBUJO Y PINTURA: j\u00f3venes y adultos<\/li>\n<\/ul>\n<p><strong><span style=\"color: #ff6600;\">M\u00e1s informaci\u00f3n<\/span><\/strong><\/p>\n<p>En las <a href=\"https:\/\/www.instagram.com\/p\/DV9vl_QDWxy\/?hl=es&amp;amp;img_index=1\" target=\"_blank\" rel=\"noopener noreferrer\">redes del Museo<\/a><\/p>\n<p>&nbsp;<\/p>\n<figure id=\"attachment_39924\" aria-describedby=\"caption-attachment-39924\" style=\"width: 800px\" class=\"wp-caption alignnone\"><img loading=\"lazy\" decoding=\"async\" class=\"size-full wp-image-39924\" src=\"https:\/\/vocesparalelas.com.ar\/sitio\/wp-content\/uploads\/2021\/07\/MPBAFR-OBRA-02.jpg\" alt=\"\" width=\"800\" height=\"533\" srcset=\"https:\/\/vocesparalelas.com.ar\/sitio\/wp-content\/uploads\/2021\/07\/MPBAFR-OBRA-02.jpg 800w, https:\/\/vocesparalelas.com.ar\/sitio\/wp-content\/uploads\/2021\/07\/MPBAFR-OBRA-02-300x200.jpg 300w, https:\/\/vocesparalelas.com.ar\/sitio\/wp-content\/uploads\/2021\/07\/MPBAFR-OBRA-02-768x512.jpg 768w\" sizes=\"auto, (max-width: 800px) 100vw, 800px\" \/><figcaption id=\"caption-attachment-39924\" class=\"wp-caption-text\">Museo Provincial de Bellas Artes Franklin Rawson, Provincia de San Juan, Rep\u00fablica Argentina<\/figcaption><\/figure>\n","protected":false},"excerpt":{"rendered":"<p>El\u00a0Museo Franklin Rawson, a trav\u00e9s de su programa de educaci\u00f3n no formal, lanza once talleres, con propuestas nuevas y algunos<\/p>\n","protected":false},"author":3,"featured_media":81945,"comment_status":"closed","ping_status":"closed","sticky":false,"template":"","format":"standard","meta":{"_acf_changed":false,"_seopress_robots_primary_cat":"none","_seopress_titles_title":"","_seopress_titles_desc":"","_seopress_robots_index":"","colormag_page_container_layout":"default_layout","colormag_page_sidebar_layout":"default_layout","footnotes":""},"categories":[9],"tags":[],"class_list":["post-97970","post","type-post","status-publish","format-standard","has-post-thumbnail","hentry","category-cursos"],"acf":[],"_links":{"self":[{"href":"https:\/\/vocesparalelas.com.ar\/sitio\/wp-json\/wp\/v2\/posts\/97970","targetHints":{"allow":["GET"]}}],"collection":[{"href":"https:\/\/vocesparalelas.com.ar\/sitio\/wp-json\/wp\/v2\/posts"}],"about":[{"href":"https:\/\/vocesparalelas.com.ar\/sitio\/wp-json\/wp\/v2\/types\/post"}],"author":[{"embeddable":true,"href":"https:\/\/vocesparalelas.com.ar\/sitio\/wp-json\/wp\/v2\/users\/3"}],"replies":[{"embeddable":true,"href":"https:\/\/vocesparalelas.com.ar\/sitio\/wp-json\/wp\/v2\/comments?post=97970"}],"version-history":[{"count":1,"href":"https:\/\/vocesparalelas.com.ar\/sitio\/wp-json\/wp\/v2\/posts\/97970\/revisions"}],"predecessor-version":[{"id":97973,"href":"https:\/\/vocesparalelas.com.ar\/sitio\/wp-json\/wp\/v2\/posts\/97970\/revisions\/97973"}],"wp:featuredmedia":[{"embeddable":true,"href":"https:\/\/vocesparalelas.com.ar\/sitio\/wp-json\/wp\/v2\/media\/81945"}],"wp:attachment":[{"href":"https:\/\/vocesparalelas.com.ar\/sitio\/wp-json\/wp\/v2\/media?parent=97970"}],"wp:term":[{"taxonomy":"category","embeddable":true,"href":"https:\/\/vocesparalelas.com.ar\/sitio\/wp-json\/wp\/v2\/categories?post=97970"},{"taxonomy":"post_tag","embeddable":true,"href":"https:\/\/vocesparalelas.com.ar\/sitio\/wp-json\/wp\/v2\/tags?post=97970"}],"curies":[{"name":"wp","href":"https:\/\/api.w.org\/{rel}","templated":true}]}}