{"id":97965,"date":"2026-03-20T11:25:56","date_gmt":"2026-03-20T14:25:56","guid":{"rendered":"https:\/\/vocesparalelas.com.ar\/sitio\/?p=97965"},"modified":"2026-03-20T22:21:26","modified_gmt":"2026-03-21T01:21:26","slug":"concierto-juntos-contra-la-soledad-en-el-tb-de-san-juan","status":"publish","type":"post","link":"https:\/\/vocesparalelas.com.ar\/sitio\/concierto-juntos-contra-la-soledad-en-el-tb-de-san-juan\/","title":{"rendered":"Concierto \u201cJuntos contra la soledad\u201d en el TB de San Juan"},"content":{"rendered":"<p>En el marco del D\u00eda Mundial del S\u00edndrome de Down y bajo el lema \u201cJuntos contra la soledad\u201d, el\u00a0Teatro del Bicentenario, dependiente del Ministerio de Turismo, Cultura y Deporte del \u00a0Gobierno de San Juan, invita a la comunidad a participar de una jornada art\u00edstica especialmente pensada para promover el encuentro, la expresi\u00f3n y las experiencias compartidas a trav\u00e9s del arte.<\/p>\n<p>S\u00e1bado, 21 de Marzo, a partir de las 12 \u00a0horas, en el Hall del Teatro del Bicentenario, con entrada libre y gratuita, e incluye dos propuestas destacadas de m\u00fasica y danza abiertas al p\u00fablico.<\/p>\n<p>Desde una mirada que concibe al arte como herramienta de transformaci\u00f3n y v\u00ednculo social, el Teatro impulsa esta iniciativa orientada a fortalecer la integraci\u00f3n y el acceso a la cultura mediante experiencias para vivir, sentir y compartir.<\/p>\n<p>A las 12 \u00a0horas tiene lugar el Concierto Accesible, protagonizado por m\u00fasicos del espacio ECOS, una propuesta inclusiva y art\u00edstica integrada por personas con y sin discapacidad que promueve la inclusi\u00f3n social, cultural y emocional a trav\u00e9s de la m\u00fasica como herramienta de expresi\u00f3n, aprendizaje y encuentro.<\/p>\n<p>ECOS trabaja con una concepci\u00f3n de la m\u00fasica como lenguaje universal, adaptable a distintas necesidades f\u00edsicas, sensoriales y cognitivas, favoreciendo la creaci\u00f3n de espacios de expresi\u00f3n sin barreras y fortaleciendo la autonom\u00eda y el sentido de pertenencia. Para ello, utiliza instrumentos adaptados y un repertorio que incluye obras del cancionero popular argentino y latinoamericano.<\/p>\n<p>Durante esta jornada, se presentar\u00e1n dos propuestas esc\u00e9nicas: un primer grupo ofrecer\u00e1 un pasaje musical instrumental acompa\u00f1ado por narrativa y danza, mientras que el segundo estar\u00e1 conformado por la banda de ECOS, que interpretar\u00e1 canciones del repertorio popular argentino.<\/p>\n<p>A las 13 \u00a0hora es el turno del cierre del Taller Coreogr\u00e1fico con Proyecci\u00f3n Esc\u00e9nica, dirigido por Ariel Carames. La propuesta invita a conocer de cerca el proceso creativo de los bailarines del Programa de Danza del Teatro del Bicentenario, dando visibilidad y valor al trabajo art\u00edstico en construcci\u00f3n.<\/p>\n<p>De esta manera, el Teatro del Bicentenario contin\u00faa impulsando experiencias que promueven la inclusi\u00f3n, el encuentro y la participaci\u00f3n comunitaria, consolidando al arte como un espacio de conexi\u00f3n social.<\/p>\n<p>M\u00e1s informaci\u00f3n:\u00a0<a href=\"https:\/\/www.teatrodelbicentenariosanjuan.org\/\">teatrodelbicentenariosanjuan.org<\/a><\/p>\n<p>&nbsp;<\/p>\n<p><img loading=\"lazy\" decoding=\"async\" class=\"alignnone size-large wp-image-21666\" src=\"https:\/\/vocesparalelas.com.ar\/sitio\/wp-content\/uploads\/2019\/06\/TEATRO-BICENTENARIO-10-800x600.jpg\" alt=\"\" width=\"800\" height=\"600\" srcset=\"https:\/\/vocesparalelas.com.ar\/sitio\/wp-content\/uploads\/2019\/06\/TEATRO-BICENTENARIO-10-800x600.jpg 800w, https:\/\/vocesparalelas.com.ar\/sitio\/wp-content\/uploads\/2019\/06\/TEATRO-BICENTENARIO-10-300x225.jpg 300w, https:\/\/vocesparalelas.com.ar\/sitio\/wp-content\/uploads\/2019\/06\/TEATRO-BICENTENARIO-10-768x576.jpg 768w, https:\/\/vocesparalelas.com.ar\/sitio\/wp-content\/uploads\/2019\/06\/TEATRO-BICENTENARIO-10.jpg 1000w\" sizes=\"auto, (max-width: 800px) 100vw, 800px\" \/><\/p>\n","protected":false},"excerpt":{"rendered":"<p>En el marco del D\u00eda Mundial del S\u00edndrome de Down y bajo el lema \u201cJuntos contra la soledad\u201d, el\u00a0Teatro del<\/p>\n","protected":false},"author":3,"featured_media":97968,"comment_status":"closed","ping_status":"closed","sticky":false,"template":"","format":"standard","meta":{"_acf_changed":false,"_seopress_robots_primary_cat":"none","_seopress_titles_title":"","_seopress_titles_desc":"","_seopress_robots_index":"","colormag_page_container_layout":"default_layout","colormag_page_sidebar_layout":"default_layout","footnotes":""},"categories":[20],"tags":[],"class_list":["post-97965","post","type-post","status-publish","format-standard","has-post-thumbnail","hentry","category-cartelera"],"acf":[],"_links":{"self":[{"href":"https:\/\/vocesparalelas.com.ar\/sitio\/wp-json\/wp\/v2\/posts\/97965","targetHints":{"allow":["GET"]}}],"collection":[{"href":"https:\/\/vocesparalelas.com.ar\/sitio\/wp-json\/wp\/v2\/posts"}],"about":[{"href":"https:\/\/vocesparalelas.com.ar\/sitio\/wp-json\/wp\/v2\/types\/post"}],"author":[{"embeddable":true,"href":"https:\/\/vocesparalelas.com.ar\/sitio\/wp-json\/wp\/v2\/users\/3"}],"replies":[{"embeddable":true,"href":"https:\/\/vocesparalelas.com.ar\/sitio\/wp-json\/wp\/v2\/comments?post=97965"}],"version-history":[{"count":1,"href":"https:\/\/vocesparalelas.com.ar\/sitio\/wp-json\/wp\/v2\/posts\/97965\/revisions"}],"predecessor-version":[{"id":97969,"href":"https:\/\/vocesparalelas.com.ar\/sitio\/wp-json\/wp\/v2\/posts\/97965\/revisions\/97969"}],"wp:featuredmedia":[{"embeddable":true,"href":"https:\/\/vocesparalelas.com.ar\/sitio\/wp-json\/wp\/v2\/media\/97968"}],"wp:attachment":[{"href":"https:\/\/vocesparalelas.com.ar\/sitio\/wp-json\/wp\/v2\/media?parent=97965"}],"wp:term":[{"taxonomy":"category","embeddable":true,"href":"https:\/\/vocesparalelas.com.ar\/sitio\/wp-json\/wp\/v2\/categories?post=97965"},{"taxonomy":"post_tag","embeddable":true,"href":"https:\/\/vocesparalelas.com.ar\/sitio\/wp-json\/wp\/v2\/tags?post=97965"}],"curies":[{"name":"wp","href":"https:\/\/api.w.org\/{rel}","templated":true}]}}