{"id":97944,"date":"2026-03-19T19:46:11","date_gmt":"2026-03-19T22:46:11","guid":{"rendered":"https:\/\/vocesparalelas.com.ar\/sitio\/?p=97944"},"modified":"2026-03-19T19:46:11","modified_gmt":"2026-03-19T22:46:11","slug":"hacia-la-sonada-y-esperada-escuela-de-musica-de-la-ffha-de-la-unsj","status":"publish","type":"post","link":"https:\/\/vocesparalelas.com.ar\/sitio\/hacia-la-sonada-y-esperada-escuela-de-musica-de-la-ffha-de-la-unsj\/","title":{"rendered":"Hacia la so\u00f1ada y esperada Escuela de M\u00fasica de la FFHA de la UNSJ"},"content":{"rendered":"<div class=\"box-text\">\n<p>La Universidad Nacional de San Juan el Jueves, 19 de Marzo de 2026 firm\u00f3 contrato con la empresa Galvarini y Asociados, quien es responsable de finalizar el edificio del Departamento de M\u00fasica de la Facultad de Filosof\u00eda, Humanidades y Artes, que es la so\u00f1ada Escuela de M\u00fasica.<\/p>\n<p><img loading=\"lazy\" decoding=\"async\" class=\"alignnone size-full wp-image-97949\" src=\"https:\/\/vocesparalelas.com.ar\/sitio\/wp-content\/uploads\/2026\/03\/ESCUELA-MUSICA-01.jpg\" alt=\"\" width=\"800\" height=\"476\" srcset=\"https:\/\/vocesparalelas.com.ar\/sitio\/wp-content\/uploads\/2026\/03\/ESCUELA-MUSICA-01.jpg 800w, https:\/\/vocesparalelas.com.ar\/sitio\/wp-content\/uploads\/2026\/03\/ESCUELA-MUSICA-01-300x179.jpg 300w, https:\/\/vocesparalelas.com.ar\/sitio\/wp-content\/uploads\/2026\/03\/ESCUELA-MUSICA-01-768x457.jpg 768w\" sizes=\"auto, (max-width: 800px) 100vw, 800px\" \/><\/p>\n<p><span style=\"color: #ff6600;\"><strong>Con recursos de la Universidad<\/strong><\/span><\/p>\n<p>Luego de realizar un recorrido cronol\u00f3gico de los avances y retrocesos en la obra del edificio de la Escuela de M\u00fasica, el Rector de la UNSJ, Ing. Tadeo Berenguer puntualiz\u00f3 que \u00ablas tareas esta vez se retoman con recursos propios de la UNSJ. Se tom\u00f3 la decisi\u00f3n el a\u00f1o pasado con un gran acto de solidaridad de todas las unidades acad\u00e9micas que entendieron el pedido de este Rector de priorizar la Escuela de M\u00fasica antes de otras obras que estaban pendientes. As\u00ed, en mayo de 2025 desde Rectorado se pidi\u00f3 al Consejo Superior, cuando se aprob\u00f3 el presupuesto, determinar una afectaci\u00f3n presupuestaria que era el monto espec\u00edfico para poder terminar la obra. O sea, se tom\u00f3 la decisi\u00f3n pol\u00edtica de que esta obra la iba a pagar la Universidad Nacional de San Juan\u201d.<\/p>\n<p>\u201cCon el gran esfuerzo de los excelentes equipos t\u00e9cnicos de la Secretar\u00eda de Obras y Servicios y de la Secretar\u00eda Administrativo Financiera, esta instancia se pudo llevar a cabo y el proceso licitatorio se abri\u00f3 a fines del a\u00f1o pasado. En diciembre se determin\u00f3 qu\u00e9 empresa reun\u00eda las condiciones t\u00e9cnicas, administrativas y legales para que se pudiera concretar este sue\u00f1o tan anhelado por la Universidad. Esta responsabilidad cay\u00f3 en manos de la empresa Galvarini y Asociados, y a partir de ahora vamos a ser los responsables de llevar a cabo este proyecto tan ansiado para todos\u00bb.<\/p>\n<p>\u201cSi bien estamos teniendo tremendos apremios presupuestarios, sepan que esta afectaci\u00f3n viene del presupuesto del a\u00f1o pasado. La excelente y ordenada administraci\u00f3n de la Universidad permiten que podamos hacer estos resguardos presupuestarios\u201d &#8211; sintetiz\u00f3 el Rector de la UNSJ, Ing. Tadeo Berenguer.<\/p>\n<p><span style=\"color: #ff6600;\"><strong>El \u00faltimo 40 por ciento<\/strong><\/span><\/p>\n<p>La obra en terreno de calle Urquiza, ubicado detr\u00e1s del predio del Auditorio Ing. Juan Victoria, tiene m\u00e1s de la mitad de avance. Lo que resta para terminarla, para lo cual hay plazo de un a\u00f1o, son los trabajos finos, de detalles, y ac\u00fastica y finalizaci\u00f3n de las futuras aulas. El presupuesto es de alrededor de 1.600 millones de pesos. \u201cHay que realizar la terminaci\u00f3n y hacerle todas las instalaciones, que tiene puntos muy concretos en la especificidad de la Escuela de M\u00fasica, en todo lo que es la parte del tratamiento ac\u00fastico de pisos, revestimientos: Es una obra en doce meses que tiene 31.500 horas de trabajo y calculamos que trabajar\u00e1n unas 60 o 70 personas en el punto m\u00e1ximo\u201d, consign\u00f3 Roberto Bustamante, gerente general de la empresa.<\/p>\n<p>Luego, el secretario Administrativo Financiero de la UNSJ, Lic. Ricardo Coca explic\u00f3 que \u00abante el detenimiento de la obra p\u00fablica decidida por el gobierno nacional, nos dimos el trabajo presupuestario como para poder disponer de los fondos. La obra es con ajuste alzado, se van haciendo las redeterminaciones de acuerdo al \u00cdndice de Precios al Consumidor &#8211; IPC . Eso permite que tengamos una programaci\u00f3n presupuestaria para este a\u00f1o m\u00e1s lo que quede de obra para el a\u00f1o que viene. Las previsiones est\u00e1n\u201d.<\/p>\n<p>Finalmente, la decana de la FFHA, Mg. Myriam Arrabal se\u00f1al\u00f3 que \u00able damos la bienvenida a la empresa adjudicataria de la obra con la renovada esperanza de que podamos concluir este 40 por ciento de la obra, ya con tratamiento ac\u00fastico y con finalizaci\u00f3n de obra, esperando que en un a\u00f1o podamos estar inaugurando estas tan necesarias aulas para el Departamento de M\u00fasica, que tiene\u00a0nada m\u00e1s y nada menos que la ense\u00f1anza musical de nuestros ni\u00f1os y j\u00f3venes en la provincia de San Juan\u201d.<\/p>\n<p><img loading=\"lazy\" decoding=\"async\" class=\"alignnone size-full wp-image-79515\" src=\"https:\/\/vocesparalelas.com.ar\/sitio\/wp-content\/uploads\/2024\/11\/UNSJ-LOGO-01.jpg\" alt=\"\" width=\"800\" height=\"459\" srcset=\"https:\/\/vocesparalelas.com.ar\/sitio\/wp-content\/uploads\/2024\/11\/UNSJ-LOGO-01.jpg 800w, https:\/\/vocesparalelas.com.ar\/sitio\/wp-content\/uploads\/2024\/11\/UNSJ-LOGO-01-300x172.jpg 300w, https:\/\/vocesparalelas.com.ar\/sitio\/wp-content\/uploads\/2024\/11\/UNSJ-LOGO-01-768x441.jpg 768w\" sizes=\"auto, (max-width: 800px) 100vw, 800px\" \/><\/p>\n<\/div>\n<div class=\"box-slide\">\n<div id=\"carouselExample\" class=\"carousel slide\" data-bs-ride=\"carousel\">\n<div class=\"carousel-inner\"><\/div>\n<\/div>\n<\/div>\n","protected":false},"excerpt":{"rendered":"<p>La Universidad Nacional de San Juan el Jueves, 19 de Marzo de 2026 firm\u00f3 contrato con la empresa Galvarini y<\/p>\n","protected":false},"author":3,"featured_media":97948,"comment_status":"closed","ping_status":"closed","sticky":false,"template":"","format":"standard","meta":{"_acf_changed":false,"_seopress_robots_primary_cat":"none","_seopress_titles_title":"","_seopress_titles_desc":"","_seopress_robots_index":"","colormag_page_container_layout":"default_layout","colormag_page_sidebar_layout":"default_layout","footnotes":""},"categories":[1],"tags":[],"class_list":["post-97944","post","type-post","status-publish","format-standard","has-post-thumbnail","hentry","category-destacadas"],"acf":[],"_links":{"self":[{"href":"https:\/\/vocesparalelas.com.ar\/sitio\/wp-json\/wp\/v2\/posts\/97944","targetHints":{"allow":["GET"]}}],"collection":[{"href":"https:\/\/vocesparalelas.com.ar\/sitio\/wp-json\/wp\/v2\/posts"}],"about":[{"href":"https:\/\/vocesparalelas.com.ar\/sitio\/wp-json\/wp\/v2\/types\/post"}],"author":[{"embeddable":true,"href":"https:\/\/vocesparalelas.com.ar\/sitio\/wp-json\/wp\/v2\/users\/3"}],"replies":[{"embeddable":true,"href":"https:\/\/vocesparalelas.com.ar\/sitio\/wp-json\/wp\/v2\/comments?post=97944"}],"version-history":[{"count":1,"href":"https:\/\/vocesparalelas.com.ar\/sitio\/wp-json\/wp\/v2\/posts\/97944\/revisions"}],"predecessor-version":[{"id":97950,"href":"https:\/\/vocesparalelas.com.ar\/sitio\/wp-json\/wp\/v2\/posts\/97944\/revisions\/97950"}],"wp:featuredmedia":[{"embeddable":true,"href":"https:\/\/vocesparalelas.com.ar\/sitio\/wp-json\/wp\/v2\/media\/97948"}],"wp:attachment":[{"href":"https:\/\/vocesparalelas.com.ar\/sitio\/wp-json\/wp\/v2\/media?parent=97944"}],"wp:term":[{"taxonomy":"category","embeddable":true,"href":"https:\/\/vocesparalelas.com.ar\/sitio\/wp-json\/wp\/v2\/categories?post=97944"},{"taxonomy":"post_tag","embeddable":true,"href":"https:\/\/vocesparalelas.com.ar\/sitio\/wp-json\/wp\/v2\/tags?post=97944"}],"curies":[{"name":"wp","href":"https:\/\/api.w.org\/{rel}","templated":true}]}}