{"id":97924,"date":"2026-03-19T02:30:25","date_gmt":"2026-03-19T05:30:25","guid":{"rendered":"https:\/\/vocesparalelas.com.ar\/sitio\/?p=97924"},"modified":"2026-03-20T13:54:04","modified_gmt":"2026-03-20T16:54:04","slug":"uda-san-juan-reafirma-el-rechazo-a-la-propuesta-del-gobierno","status":"publish","type":"post","link":"https:\/\/vocesparalelas.com.ar\/sitio\/uda-san-juan-reafirma-el-rechazo-a-la-propuesta-del-gobierno\/","title":{"rendered":"UDA San Juan reafirma el rechazo a la propuesta del Gobierno"},"content":{"rendered":"<p>ANTE LA NEGATIVA DEL GOBIERNO DE INCLUIR LA TOTALIDAD DE LOS CARGOS DEL NOMENCLADOR DOCENTE Y LAS HORAS C\u00c1TEDRA.<\/p>\n<ul>\n<li>NO A LA DISCRIMINACI\u00d3N SALARIAL: Rechazamos una oferta que excluye cargos y horas c\u00e1tedra.<\/li>\n<li>NO AVALAREMOS MEDIDAS QUE DIVIDAN A LOS DOCENTES. ILA DOCENCIA SANJUANINA MERECE UNA RECOMPOSICI\u00d3N TOTAL!<\/li>\n<li>JERARQUIZACI\u00d3N DOCENTE: Defendemos el valor de cada rol y el trabajo t\u00e9cnico de la Comisi\u00f3n 1890. Ignorar estas funciones resulta un retroceso para la carrera docente y la organizaci\u00f3n de nuestras instituciones educativas<\/li>\n<li>SALARIO REMUNERATIVO: Los montos de $100.000 y $50.000 deben tener car\u00e1cter remunerativo. Las sumas fijas pulverizan la jerarqu\u00eda salarial: son un parche que hoy aplana la pir\u00e1mide y ma\u00f1ana vac\u00eda los bolsillos de los jubilados y el aguinaldo de los docentes\u00bb<\/li>\n<li>ACTUALIZACI\u00d3N POR IPC: La garantia del poder adquisitivo depende de una Cl\u00e1usula Gatillo autom\u00e1tica por inflaci\u00f3n, sin condicionamientos de recaudaci\u00f3n provincial.<\/li>\n<\/ul>\n<p style=\"text-align: center;\">\u00abSin jerarquizaci\u00f3n no hay calidad educativa.<\/p>\n<p style=\"text-align: center;\">UDA no ser\u00e1 c\u00f3mplice del ajuste a nuestros derechos\u00bb.<\/p>\n<p>&nbsp;<\/p>\n<p>&nbsp;<\/p>\n<p>&nbsp;<\/p>\n<p style=\"text-align: right;\">UDA San Juan<\/p>\n<p style=\"text-align: right;\">\u00danico sindicato con representatividad<\/p>\n<p style=\"text-align: right;\">en todos las gestiones, niveles y modalidades<\/p>\n<p style=\"text-align: right;\">del Sistema Educativo<\/p>\n<p>&nbsp;<\/p>\n<p><img loading=\"lazy\" decoding=\"async\" class=\"alignnone size-full wp-image-86898\" src=\"https:\/\/vocesparalelas.com.ar\/sitio\/wp-content\/uploads\/2025\/05\/UDA-LOGO.jpg\" alt=\"\" width=\"800\" height=\"455\" srcset=\"https:\/\/vocesparalelas.com.ar\/sitio\/wp-content\/uploads\/2025\/05\/UDA-LOGO.jpg 800w, https:\/\/vocesparalelas.com.ar\/sitio\/wp-content\/uploads\/2025\/05\/UDA-LOGO-300x171.jpg 300w, https:\/\/vocesparalelas.com.ar\/sitio\/wp-content\/uploads\/2025\/05\/UDA-LOGO-768x437.jpg 768w\" sizes=\"auto, (max-width: 800px) 100vw, 800px\" \/><\/p>\n","protected":false},"excerpt":{"rendered":"<p>ANTE LA NEGATIVA DEL GOBIERNO DE INCLUIR LA TOTALIDAD DE LOS CARGOS DEL NOMENCLADOR DOCENTE Y LAS HORAS C\u00c1TEDRA. NO<\/p>\n","protected":false},"author":3,"featured_media":74657,"comment_status":"closed","ping_status":"closed","sticky":false,"template":"","format":"standard","meta":{"_acf_changed":false,"_seopress_robots_primary_cat":"none","_seopress_titles_title":"","_seopress_titles_desc":"","_seopress_robots_index":"","colormag_page_container_layout":"default_layout","colormag_page_sidebar_layout":"default_layout","footnotes":""},"categories":[5],"tags":[],"class_list":["post-97924","post","type-post","status-publish","format-standard","has-post-thumbnail","hentry","category-ofrecimientos"],"acf":[],"_links":{"self":[{"href":"https:\/\/vocesparalelas.com.ar\/sitio\/wp-json\/wp\/v2\/posts\/97924","targetHints":{"allow":["GET"]}}],"collection":[{"href":"https:\/\/vocesparalelas.com.ar\/sitio\/wp-json\/wp\/v2\/posts"}],"about":[{"href":"https:\/\/vocesparalelas.com.ar\/sitio\/wp-json\/wp\/v2\/types\/post"}],"author":[{"embeddable":true,"href":"https:\/\/vocesparalelas.com.ar\/sitio\/wp-json\/wp\/v2\/users\/3"}],"replies":[{"embeddable":true,"href":"https:\/\/vocesparalelas.com.ar\/sitio\/wp-json\/wp\/v2\/comments?post=97924"}],"version-history":[{"count":1,"href":"https:\/\/vocesparalelas.com.ar\/sitio\/wp-json\/wp\/v2\/posts\/97924\/revisions"}],"predecessor-version":[{"id":97927,"href":"https:\/\/vocesparalelas.com.ar\/sitio\/wp-json\/wp\/v2\/posts\/97924\/revisions\/97927"}],"wp:featuredmedia":[{"embeddable":true,"href":"https:\/\/vocesparalelas.com.ar\/sitio\/wp-json\/wp\/v2\/media\/74657"}],"wp:attachment":[{"href":"https:\/\/vocesparalelas.com.ar\/sitio\/wp-json\/wp\/v2\/media?parent=97924"}],"wp:term":[{"taxonomy":"category","embeddable":true,"href":"https:\/\/vocesparalelas.com.ar\/sitio\/wp-json\/wp\/v2\/categories?post=97924"},{"taxonomy":"post_tag","embeddable":true,"href":"https:\/\/vocesparalelas.com.ar\/sitio\/wp-json\/wp\/v2\/tags?post=97924"}],"curies":[{"name":"wp","href":"https:\/\/api.w.org\/{rel}","templated":true}]}}