{"id":97912,"date":"2026-03-18T22:05:55","date_gmt":"2026-03-19T01:05:55","guid":{"rendered":"https:\/\/vocesparalelas.com.ar\/sitio\/?p=97912"},"modified":"2026-03-18T22:06:58","modified_gmt":"2026-03-19T01:06:58","slug":"cambios-en-la-plana-mayor-de-la-policia-de-san-juan","status":"publish","type":"post","link":"https:\/\/vocesparalelas.com.ar\/sitio\/cambios-en-la-plana-mayor-de-la-policia-de-san-juan\/","title":{"rendered":"Cambios en la Plana Mayor de la Polic\u00eda de San Juan"},"content":{"rendered":"<p>En un acto oficial realizado en el marco de la pol\u00edtica de fortalecimiento de la seguridad p\u00fablica, el gobernador de San Juan, Dr. Marcelo Orrego presidi\u00f3 el relevo del subjefe de la Polic\u00eda de San Juan, present\u00f3 a la nueva Plana Mayor y concret\u00f3 la entrega de movilidades destinadas a optimizar la capacidad operativa en todo el territorio provincial. Lo acompa\u00f1\u00f3 el vicegobernador Dr. Fabi\u00e1n Mart\u00edn.<\/p>\n<p>La actividad, no s\u00f3lo marc\u00f3 un cambio en la conducci\u00f3n de la fuerza, sino que tambi\u00e9n dio inicio a una nueva etapa organizativa, con impacto en toda la estructura policial.<\/p>\n<p><iframe loading=\"lazy\" title=\"Orrego encabez\u00f3 el relevo del subjefe policial\" width=\"800\" height=\"450\" src=\"https:\/\/www.youtube.com\/embed\/NLh3T93Naag?feature=oembed\" frameborder=\"0\" allow=\"accelerometer; autoplay; clipboard-write; encrypted-media; gyroscope; picture-in-picture; web-share\" referrerpolicy=\"strict-origin-when-cross-origin\" allowfullscreen><\/iframe><\/p>\n<p>En este marco, el gobernador Dr. Marcelo Orrego subray\u00f3 que \u201choy nos convoca un acto de profundo significado: el reconocimiento a m\u00e1s de mil hombres y mujeres de nuestra Polic\u00eda que dan un paso adelante en su carrera. Cada ascenso es el reconocimiento a a\u00f1os de esfuerzo y compromiso, destacando especialmente al personal subalterno, quienes son la cara visible del Estado frente a cada vecino\u201d.<\/p>\n<p>\u201cHablar de seguridad no es hablar de algo abstracto; es hablar de la tranquilidad de las familias y del derecho a vivir en paz, condici\u00f3n indispensable para que una sociedad pueda crecer. Por eso, seguimos trabajando con hechos concretos: incorporamos nuevas movilidades, fortalecemos la capacitaci\u00f3n permanente y ponemos especial atenci\u00f3n en el bienestar integral y el acompa\u00f1amiento de nuestro personal y sus familias\u201d.<\/p>\n<p>En este contexto se entreg\u00f3 reconocimiento a la subjefa saliente, Comisario Cintia Alamo.<\/p>\n<p><strong><span style=\"color: #800000;\">Renovaci\u00f3n de la conducci\u00f3n y efecto en la estructura<\/span><\/strong><\/p>\n<p>El movimiento en la c\u00fapula policial gener\u00f3 un efecto en cadena dentro del organigrama institucional. La promoci\u00f3n de personal superior abri\u00f3 vacantes en distintos niveles, lo que deriv\u00f3 en un proceso de ascensos que alcanza a 1028 efectivos de diversos grados, cuerpos y escalafones.<\/p>\n<p>Esta reconfiguraci\u00f3n impacta tanto en \u00e1reas operativas como administrativas, permitiendo una reorganizaci\u00f3n progresiva de las dependencias policiales y fortaleciendo la presencia territorial de la fuerza.<\/p>\n<p>Adem\u00e1s, se concretaron 12 ascensos a comisario general, quienes pasan a integrar la nueva Plana Mayor, consolidando el esquema de conducci\u00f3n de la instituci\u00f3n.<\/p>\n<p><strong><span style=\"color: #800000;\">Inversi\u00f3n en movilidad y prevenci\u00f3n<\/span><\/strong><\/p>\n<p><img loading=\"lazy\" decoding=\"async\" class=\"alignnone size-full wp-image-97916\" src=\"https:\/\/vocesparalelas.com.ar\/sitio\/wp-content\/uploads\/2026\/03\/POLICIA-SAN-JUAN-02.jpg\" alt=\"\" width=\"800\" height=\"535\" srcset=\"https:\/\/vocesparalelas.com.ar\/sitio\/wp-content\/uploads\/2026\/03\/POLICIA-SAN-JUAN-02.jpg 800w, https:\/\/vocesparalelas.com.ar\/sitio\/wp-content\/uploads\/2026\/03\/POLICIA-SAN-JUAN-02-300x201.jpg 300w, https:\/\/vocesparalelas.com.ar\/sitio\/wp-content\/uploads\/2026\/03\/POLICIA-SAN-JUAN-02-768x514.jpg 768w\" sizes=\"auto, (max-width: 800px) 100vw, 800px\" \/><\/p>\n<p>En el mismo acto, el Gobierno provincial avanz\u00f3 con la entrega de nuevas movilidades policiales, en el marco de un plan de renovaci\u00f3n de flota destinado a mejorar la prevenci\u00f3n y el patrullaje.<\/p>\n<p>Se incorporaron 10 camionetas equipadas como patrulleros, distribuidas seg\u00fan el relevamiento de necesidades en comisar\u00edas de la provincia:<\/p>\n<ul>\n<li>5 camionetas 4&#215;2<\/li>\n<li>5 camionetas 4&#215;4<\/li>\n<\/ul>\n<p>La inversi\u00f3n total asciende a $798.883.712 y permitir\u00e1 reforzar la capacidad de respuesta en distintos puntos del territorio, mejorando la cobertura y la eficiencia en tareas de prevenci\u00f3n del delito.<\/p>\n<p><strong><span style=\"color: #800000;\">Un perfil con trayectoria al frente de la subjefatura<\/span><\/strong><\/p>\n<p><img loading=\"lazy\" decoding=\"async\" class=\"alignnone size-full wp-image-97917\" src=\"https:\/\/vocesparalelas.com.ar\/sitio\/wp-content\/uploads\/2026\/03\/POLICIA-SAN-JUAN-03.jpg\" alt=\"\" width=\"800\" height=\"534\" srcset=\"https:\/\/vocesparalelas.com.ar\/sitio\/wp-content\/uploads\/2026\/03\/POLICIA-SAN-JUAN-03.jpg 800w, https:\/\/vocesparalelas.com.ar\/sitio\/wp-content\/uploads\/2026\/03\/POLICIA-SAN-JUAN-03-300x200.jpg 300w, https:\/\/vocesparalelas.com.ar\/sitio\/wp-content\/uploads\/2026\/03\/POLICIA-SAN-JUAN-03-768x513.jpg 768w\" sizes=\"auto, (max-width: 800px) 100vw, 800px\" \/><\/p>\n<p>El gobernador dispuso el ascenso de Germ\u00e1n Marcelo Videla al grado de comisario general y su designaci\u00f3n como nuevo subjefe de la fuerza, en reconocimiento a su trayectoria, formaci\u00f3n y desempe\u00f1o.<\/p>\n<p>Videla, de 52 a\u00f1os, cuenta con 29 a\u00f1os de servicio en la instituci\u00f3n. Es Licenciado en Seguridad Ciudadana por la Universidad Cat\u00f3lica de Cuyo y T\u00e9cnico Superior en Seguridad egresado de la Escuela de Cadetes \u201cDr. Antonino Aberastain\u201d.<\/p>\n<p>A lo largo de su carrera se desempe\u00f1\u00f3 en comisar\u00edas de Rawson, Albard\u00f3n, Rivadavia y Capital, adem\u00e1s de integrar \u00e1reas clave como el Cuerpo Especial de Vigilancia y la Divisi\u00f3n Asuntos Internos. Tambi\u00e9n ocup\u00f3 cargos de conducci\u00f3n en dependencias estrat\u00e9gicas como la Divisi\u00f3n Delitos, la Secci\u00f3n Homicidios y distintas unidades operativas.<\/p>\n<p>En los \u00faltimos a\u00f1os, lider\u00f3 comisar\u00edas, \u00e1reas judiciales y administrativas, consolidando un perfil orientado a la gesti\u00f3n integral de la seguridad p\u00fablica.<\/p>\n<p>Con estas medidas, el Gobierno de San Juan busca consolidar una Polic\u00eda m\u00e1s eficiente, con mayor capacidad operativa y una estructura renovada que permita dar respuestas m\u00e1s r\u00e1pidas y efectivas a la comunidad.<\/p>\n<p>Participaron del acto: intendente de Rivadavia, Sergio Miodowsky; jefe del RIM 22, coronel Pablo Molina; diputada Nacional, Nancy Pic\u00f3n; secretario de Seguridad y Orden P\u00fablico, Enrique Delgado; ministra de Gobierno, Laura Palma, y jefes de las distintas fuerzas de seguridad de la provincia de San Juan.<\/p>\n<p><img loading=\"lazy\" decoding=\"async\" class=\"alignnone size-full wp-image-59001\" src=\"https:\/\/vocesparalelas.com.ar\/sitio\/wp-content\/uploads\/2023\/05\/POLICIA-LOGO.jpg\" alt=\"\" width=\"800\" height=\"600\" srcset=\"https:\/\/vocesparalelas.com.ar\/sitio\/wp-content\/uploads\/2023\/05\/POLICIA-LOGO.jpg 800w, https:\/\/vocesparalelas.com.ar\/sitio\/wp-content\/uploads\/2023\/05\/POLICIA-LOGO-300x225.jpg 300w, https:\/\/vocesparalelas.com.ar\/sitio\/wp-content\/uploads\/2023\/05\/POLICIA-LOGO-768x576.jpg 768w\" sizes=\"auto, (max-width: 800px) 100vw, 800px\" \/><\/p>\n<p>&nbsp;<\/p>\n","protected":false},"excerpt":{"rendered":"<p>En un acto oficial realizado en el marco de la pol\u00edtica de fortalecimiento de la seguridad p\u00fablica, el gobernador de<\/p>\n","protected":false},"author":3,"featured_media":97915,"comment_status":"closed","ping_status":"closed","sticky":false,"template":"","format":"standard","meta":{"_acf_changed":false,"_seopress_robots_primary_cat":"none","_seopress_titles_title":"","_seopress_titles_desc":"","_seopress_robots_index":"","colormag_page_container_layout":"default_layout","colormag_page_sidebar_layout":"default_layout","footnotes":""},"categories":[1,7],"tags":[],"class_list":["post-97912","post","type-post","status-publish","format-standard","has-post-thumbnail","hentry","category-destacadas","category-videos"],"acf":[],"_links":{"self":[{"href":"https:\/\/vocesparalelas.com.ar\/sitio\/wp-json\/wp\/v2\/posts\/97912","targetHints":{"allow":["GET"]}}],"collection":[{"href":"https:\/\/vocesparalelas.com.ar\/sitio\/wp-json\/wp\/v2\/posts"}],"about":[{"href":"https:\/\/vocesparalelas.com.ar\/sitio\/wp-json\/wp\/v2\/types\/post"}],"author":[{"embeddable":true,"href":"https:\/\/vocesparalelas.com.ar\/sitio\/wp-json\/wp\/v2\/users\/3"}],"replies":[{"embeddable":true,"href":"https:\/\/vocesparalelas.com.ar\/sitio\/wp-json\/wp\/v2\/comments?post=97912"}],"version-history":[{"count":2,"href":"https:\/\/vocesparalelas.com.ar\/sitio\/wp-json\/wp\/v2\/posts\/97912\/revisions"}],"predecessor-version":[{"id":97919,"href":"https:\/\/vocesparalelas.com.ar\/sitio\/wp-json\/wp\/v2\/posts\/97912\/revisions\/97919"}],"wp:featuredmedia":[{"embeddable":true,"href":"https:\/\/vocesparalelas.com.ar\/sitio\/wp-json\/wp\/v2\/media\/97915"}],"wp:attachment":[{"href":"https:\/\/vocesparalelas.com.ar\/sitio\/wp-json\/wp\/v2\/media?parent=97912"}],"wp:term":[{"taxonomy":"category","embeddable":true,"href":"https:\/\/vocesparalelas.com.ar\/sitio\/wp-json\/wp\/v2\/categories?post=97912"},{"taxonomy":"post_tag","embeddable":true,"href":"https:\/\/vocesparalelas.com.ar\/sitio\/wp-json\/wp\/v2\/tags?post=97912"}],"curies":[{"name":"wp","href":"https:\/\/api.w.org\/{rel}","templated":true}]}}