{"id":97828,"date":"2026-03-17T12:09:29","date_gmt":"2026-03-17T15:09:29","guid":{"rendered":"https:\/\/vocesparalelas.com.ar\/sitio\/?p=97828"},"modified":"2026-03-17T12:26:51","modified_gmt":"2026-03-17T15:26:51","slug":"el-gobierno-de-san-juan-otorgo-la-declaracion-de-impacto-ambiental-para-la-actualizacion-del-proyecto-josemaria","status":"publish","type":"post","link":"https:\/\/vocesparalelas.com.ar\/sitio\/el-gobierno-de-san-juan-otorgo-la-declaracion-de-impacto-ambiental-para-la-actualizacion-del-proyecto-josemaria\/","title":{"rendered":"El Gobierno de San Juan otorg\u00f3 la Declaraci\u00f3n de Impacto Ambiental para la actualizaci\u00f3n del Proyecto Josemar\u00eda"},"content":{"rendered":"<p>El Gobierno de San Juan, a trav\u00e9s de la Secretar\u00eda de Gesti\u00f3n Ambiental y Control Minero, dependiente del Ministerio de Miner\u00eda provincial, aprob\u00f3 de manera conjunta la 1ra. y 2da. actualizaciones del Informe de Impacto Ambiental (IIA) para la etapa de explotaci\u00f3n del Proyecto Josemar\u00eda, ubicado en el departamento Iglesia, otorgando la Declaraci\u00f3n de Impacto Ambiental (DIA) correspondiente.<\/p>\n<p>El Proyecto Josemar\u00eda forma parte del distrito Vicu\u00f1a, uno de los principales distritos cupr\u00edferos de la Rep\u00fablica Argentina.<\/p>\n<p>La evaluaci\u00f3n, iniciada el 20 de agosto de 2025, se realiz\u00f3 mediante la revisi\u00f3n conjunta y unificada de ambos per\u00edodos de actualizaci\u00f3n en aplicaci\u00f3n del Decreto 07\/2024, lo que permiti\u00f3 completar el proceso en un plazo inferior a los seis meses. Esta modalidad representa una mejora sustancial en la eficiencia operativa del procedimiento de evaluaci\u00f3n ambiental, sin resignar el rigor del control exigido por la normativa vigente.<\/p>\n<p>La actualizaci\u00f3n comprende la revisi\u00f3n de la gesti\u00f3n ambiental aplicada hasta esta instancia, la verificaci\u00f3n del cumplimiento de los requerimientos establecidos en la DIA, y la identificaci\u00f3n de hechos nuevos significativos \u2014realizados o propuestos\u2014 para los siguientes dos a\u00f1os, conforme a la periodicidad bianual que establece la normativa para la actualizaci\u00f3n del Informe de Impacto Ambiental.<\/p>\n<p>El ministro de Miner\u00eda, Dr. Juan Pablo Perea, se\u00f1al\u00f3 que \u00abesta aprobaci\u00f3n demuestra que San Juan tiene la capacidad t\u00e9cnica e institucional para llevar adelante evaluaciones ambientales rigurosas en plazos razonables. Nuestro compromiso es que cada proyecto cuente con un control ambiental exigente, y que los procedimientos se cumplan con la seriedad que la actividad requiere\u00bb.<\/p>\n<p>Desde la Secretar\u00eda de Gesti\u00f3n Ambiental y Control Minero se precis\u00f3 que \u00abesta actualizaci\u00f3n resulta fundamental porque permite corroborar c\u00f3mo se viene aplicando la gesti\u00f3n ambiental, asegurar el cumplimiento de las exigencias definidas en la DIA y considerar la incorporaci\u00f3n de cambios o hechos relevantes, tanto ejecutados como previstos, para el pr\u00f3ximo per\u00edodo bianual\u00bb.<\/p>\n<p>Con esta aprobaci\u00f3n, el Proyecto Josemar\u00eda mantiene la vigencia de su permiso ambiental principal, en el marco de un proceso que se distingue por la celeridad y rigurosidad de la evaluaci\u00f3n durante esta gesti\u00f3n de gobierno.<\/p>\n<p><img loading=\"lazy\" decoding=\"async\" class=\"alignnone size-full wp-image-65642\" src=\"https:\/\/vocesparalelas.com.ar\/sitio\/wp-content\/uploads\/2023\/11\/GOBIERNO-SAN-JUAN.jpg\" alt=\"\" width=\"800\" height=\"600\" srcset=\"https:\/\/vocesparalelas.com.ar\/sitio\/wp-content\/uploads\/2023\/11\/GOBIERNO-SAN-JUAN.jpg 800w, https:\/\/vocesparalelas.com.ar\/sitio\/wp-content\/uploads\/2023\/11\/GOBIERNO-SAN-JUAN-300x225.jpg 300w, https:\/\/vocesparalelas.com.ar\/sitio\/wp-content\/uploads\/2023\/11\/GOBIERNO-SAN-JUAN-768x576.jpg 768w\" sizes=\"auto, (max-width: 800px) 100vw, 800px\" \/><\/p>\n","protected":false},"excerpt":{"rendered":"<p>El Gobierno de San Juan, a trav\u00e9s de la Secretar\u00eda de Gesti\u00f3n Ambiental y Control Minero, dependiente del Ministerio de<\/p>\n","protected":false},"author":3,"featured_media":75215,"comment_status":"closed","ping_status":"closed","sticky":false,"template":"","format":"standard","meta":{"_acf_changed":false,"_seopress_robots_primary_cat":"none","_seopress_titles_title":"","_seopress_titles_desc":"","_seopress_robots_index":"","colormag_page_container_layout":"default_layout","colormag_page_sidebar_layout":"default_layout","footnotes":""},"categories":[1],"tags":[],"class_list":["post-97828","post","type-post","status-publish","format-standard","has-post-thumbnail","hentry","category-destacadas"],"acf":[],"_links":{"self":[{"href":"https:\/\/vocesparalelas.com.ar\/sitio\/wp-json\/wp\/v2\/posts\/97828","targetHints":{"allow":["GET"]}}],"collection":[{"href":"https:\/\/vocesparalelas.com.ar\/sitio\/wp-json\/wp\/v2\/posts"}],"about":[{"href":"https:\/\/vocesparalelas.com.ar\/sitio\/wp-json\/wp\/v2\/types\/post"}],"author":[{"embeddable":true,"href":"https:\/\/vocesparalelas.com.ar\/sitio\/wp-json\/wp\/v2\/users\/3"}],"replies":[{"embeddable":true,"href":"https:\/\/vocesparalelas.com.ar\/sitio\/wp-json\/wp\/v2\/comments?post=97828"}],"version-history":[{"count":1,"href":"https:\/\/vocesparalelas.com.ar\/sitio\/wp-json\/wp\/v2\/posts\/97828\/revisions"}],"predecessor-version":[{"id":97831,"href":"https:\/\/vocesparalelas.com.ar\/sitio\/wp-json\/wp\/v2\/posts\/97828\/revisions\/97831"}],"wp:featuredmedia":[{"embeddable":true,"href":"https:\/\/vocesparalelas.com.ar\/sitio\/wp-json\/wp\/v2\/media\/75215"}],"wp:attachment":[{"href":"https:\/\/vocesparalelas.com.ar\/sitio\/wp-json\/wp\/v2\/media?parent=97828"}],"wp:term":[{"taxonomy":"category","embeddable":true,"href":"https:\/\/vocesparalelas.com.ar\/sitio\/wp-json\/wp\/v2\/categories?post=97828"},{"taxonomy":"post_tag","embeddable":true,"href":"https:\/\/vocesparalelas.com.ar\/sitio\/wp-json\/wp\/v2\/tags?post=97828"}],"curies":[{"name":"wp","href":"https:\/\/api.w.org\/{rel}","templated":true}]}}