{"id":97805,"date":"2026-04-03T10:26:12","date_gmt":"2026-04-03T13:26:12","guid":{"rendered":"https:\/\/vocesparalelas.com.ar\/sitio\/?p=97805"},"modified":"2026-04-06T22:19:33","modified_gmt":"2026-04-07T01:19:33","slug":"festival-internacional-en-el-canto-hay-unidad-para-coros-infantiles-y-juveniles-de-la-ffha-de-la-unsj","status":"publish","type":"post","link":"https:\/\/vocesparalelas.com.ar\/sitio\/festival-internacional-en-el-canto-hay-unidad-para-coros-infantiles-y-juveniles-de-la-ffha-de-la-unsj\/","title":{"rendered":"Festival Internacional \u201cEn el Canto hay Unidad\u201d para Coros Infantiles y Juveniles de la FFHA de la UNSJ"},"content":{"rendered":"<p>Los Coros de Ni\u00f1os de UNSJ en conjunto con la Sec. de Extensi\u00f3n de la FFHA de la UNSJ invitan a participar del Festival Internacional \u00abEn el canto hay unidad\u00bb para Coros infantiles y juveniles se desarrolla el 15 y 16 de Agosto de 2026 en la Provincia de San Juan, Rep\u00fablica Argentina.<\/p>\n<p><iframe loading=\"lazy\" title=\"UNSJ FFHA CORO NI\u00d1OS PREPARATORIO\" width=\"800\" height=\"450\" src=\"https:\/\/www.youtube.com\/embed\/6qYUb7U7UDU?feature=oembed\" frameborder=\"0\" allow=\"accelerometer; autoplay; clipboard-write; encrypted-media; gyroscope; picture-in-picture; web-share\" referrerpolicy=\"strict-origin-when-cross-origin\" allowfullscreen><\/iframe><\/p>\n<p>El festival abre convocatoria para participar de dos d\u00edas de talleres en el Teatro del Bicentenario, circuitos tur\u00edsticos e intervenciones corales por la Ciudad de San Juan, momentos de intercambio, almuerzos y cenas en comunidad y conciertos de gala en la sala mayor del Teatro del Bicentenario.<\/p>\n<p><iframe loading=\"lazy\" title=\"UNSJ FFHA CORO LOS JILGUERITOS\" width=\"800\" height=\"450\" src=\"https:\/\/www.youtube.com\/embed\/VnrwgBftG40?feature=oembed\" frameborder=\"0\" allow=\"accelerometer; autoplay; clipboard-write; encrypted-media; gyroscope; picture-in-picture; web-share\" referrerpolicy=\"strict-origin-when-cross-origin\" allowfullscreen><\/iframe><\/p>\n<p>&nbsp;<\/p>\n<p>Los coros infantiles y juveniles de voces iguales interesados deber\u00e1n completar el formulario de preinscripci\u00f3n y enviar el link de YouTube de un video de no m\u00e1s de un a\u00f1o de antig\u00fcedad para ser evaluado por el equipo organizador, quien ser\u00e1 el encargado de realizar la selecci\u00f3n de los coros participantes.<\/p>\n<p>El festival abre convocatoria para participar de dos d\u00edas de talleres en el Teatro del Bicentenario, intervenciones corales por la Ciudad de San Juan y conciertos de gala en la sala mayor del Teatro del Bicentenario.<\/p>\n<p>En esta edici\u00f3n 2026 pueden inscribirse de manera particular directores de coro, docentes de m\u00fasica, estudiantes y p\u00fablico en general como asistentes y participar de manera activa de los talleres de formaci\u00f3n para docentes y de todas las actividades que se dar\u00e1n en el marco del Festival.<\/p>\n<p><strong><span style=\"color: #ff6600;\">Talleres<\/span><\/strong><\/p>\n<ul>\n<li>Juegos cantados y Pedagog\u00eda Kod\u00e1ly\u00a0a cargos de Mariana Pechuan y Jorge Fuentes<\/li>\n<li>T\u00e9cnica vocal para coros infantiles a cargos de Luciana Escudero y Fernando Lazari<\/li>\n<li>Taller para Coreutas de las agrupaciones corales participantes del Festival a cargo de Florencia Arce<\/li>\n<\/ul>\n<p>Se entrega certificaci\u00f3n acreditando 40 hs desde la FFHA de la UNSJ. Con resoluci\u00f3n del Ministerio de Educaci\u00f3n<\/p>\n<p><strong><span style=\"color: #ff6600;\">La inscripci\u00f3n<\/span><\/strong><\/p>\n<ul>\n<li>Incluye materiales y todas las comidas, meriendas ma\u00f1ana y tarde, almuerzo y cena de ambos d\u00edas.<\/li>\n<\/ul>\n<p>Escaneando el QR o ingresando al link podr\u00e1n acceder al formulario de inscripci\u00f3n.<\/p>\n<p><a href=\"https:\/\/docs.google.com\/forms\/d\/e\/1FAIpQLSfJl94DlpAdB74QaEJkgAEmNmuoBAP0m-0rbGwnlszS7ZGkdQ\/viewform\">https:\/\/docs.google.com\/forms\/d\/e\/1FAIpQLSfJl94DlpAdB74QaEJkgAEmNmuoBAP0m-0rbGwnlszS7ZGkdQ\/viewform<\/a><\/p>\n<p><strong><span style=\"color: #ff6600;\">Costos<\/span><\/strong><\/p>\n<ul>\n<li>Inscripci\u00f3n para argentinos: $70000<\/li>\n<li>Inscripci\u00f3n para extranjeros: 50 USD<\/li>\n<li>Socios ADICORA 20% descuento<\/li>\n<li>Alumnos Asociaci\u00f3n Kod\u00e1ly Argentina 20% descuento.<\/li>\n<\/ul>\n<p><strong><span style=\"color: #ff6600;\">Inscripciones<\/span><\/strong><\/p>\n<p>Abiertas desde el 1 de Abril y hasta el 1 de Agosto de 2026.<\/p>\n<p>Los Coros de ni\u00f1os UNSJ los esperamos para compartir el canto, la alegr\u00eda y la unidad que s\u00f3lo la m\u00fasica en comunidad puede crear!<\/p>\n<p><strong><span style=\"color: #ff6600;\">Inscripciones<\/span><\/strong><\/p>\n<p>Desde el 16 de Marzo de 2026.<\/p>\n<p><strong><span style=\"color: #ff6600;\">Bases e informaci\u00f3n general del festival<\/span><\/strong><\/p>\n<p><a href=\"https:\/\/www.ffha.unsj.edu.ar\/?page_id=15488\">https:\/\/www.ffha.unsj.edu.ar\/?page_id=15488<\/a><\/p>\n<p>\u00a1Los Coros de ni\u00f1os UNSJ los esperamos para compartir el canto, la alegr\u00eda y la unidad que s\u00f3lo la m\u00fasica en comunidad puede crear!<\/p>\n<p><iframe loading=\"lazy\" title=\"UNSJ FFHA CORO NI\u00d1OS Y J\u00d3VENES (1)\" width=\"800\" height=\"450\" src=\"https:\/\/www.youtube.com\/embed\/nSypsAWgsiA?feature=oembed\" frameborder=\"0\" allow=\"accelerometer; autoplay; clipboard-write; encrypted-media; gyroscope; picture-in-picture; web-share\" referrerpolicy=\"strict-origin-when-cross-origin\" allowfullscreen><\/iframe><\/p>\n<p>&nbsp;<\/p>\n<p>&nbsp;<\/p>\n","protected":false},"excerpt":{"rendered":"<p>Los Coros de Ni\u00f1os de UNSJ en conjunto con la Sec. de Extensi\u00f3n de la FFHA de la UNSJ invitan<\/p>\n","protected":false},"author":3,"featured_media":64215,"comment_status":"closed","ping_status":"closed","sticky":false,"template":"","format":"standard","meta":{"_acf_changed":false,"_seopress_robots_primary_cat":"none","_seopress_titles_title":"","_seopress_titles_desc":"","_seopress_robots_index":"","colormag_page_container_layout":"default_layout","colormag_page_sidebar_layout":"default_layout","footnotes":""},"categories":[9,7],"tags":[],"class_list":["post-97805","post","type-post","status-publish","format-standard","has-post-thumbnail","hentry","category-cursos","category-videos"],"acf":[],"_links":{"self":[{"href":"https:\/\/vocesparalelas.com.ar\/sitio\/wp-json\/wp\/v2\/posts\/97805","targetHints":{"allow":["GET"]}}],"collection":[{"href":"https:\/\/vocesparalelas.com.ar\/sitio\/wp-json\/wp\/v2\/posts"}],"about":[{"href":"https:\/\/vocesparalelas.com.ar\/sitio\/wp-json\/wp\/v2\/types\/post"}],"author":[{"embeddable":true,"href":"https:\/\/vocesparalelas.com.ar\/sitio\/wp-json\/wp\/v2\/users\/3"}],"replies":[{"embeddable":true,"href":"https:\/\/vocesparalelas.com.ar\/sitio\/wp-json\/wp\/v2\/comments?post=97805"}],"version-history":[{"count":3,"href":"https:\/\/vocesparalelas.com.ar\/sitio\/wp-json\/wp\/v2\/posts\/97805\/revisions"}],"predecessor-version":[{"id":98438,"href":"https:\/\/vocesparalelas.com.ar\/sitio\/wp-json\/wp\/v2\/posts\/97805\/revisions\/98438"}],"wp:featuredmedia":[{"embeddable":true,"href":"https:\/\/vocesparalelas.com.ar\/sitio\/wp-json\/wp\/v2\/media\/64215"}],"wp:attachment":[{"href":"https:\/\/vocesparalelas.com.ar\/sitio\/wp-json\/wp\/v2\/media?parent=97805"}],"wp:term":[{"taxonomy":"category","embeddable":true,"href":"https:\/\/vocesparalelas.com.ar\/sitio\/wp-json\/wp\/v2\/categories?post=97805"},{"taxonomy":"post_tag","embeddable":true,"href":"https:\/\/vocesparalelas.com.ar\/sitio\/wp-json\/wp\/v2\/tags?post=97805"}],"curies":[{"name":"wp","href":"https:\/\/api.w.org\/{rel}","templated":true}]}}