{"id":97767,"date":"2026-03-16T11:01:19","date_gmt":"2026-03-16T14:01:19","guid":{"rendered":"https:\/\/vocesparalelas.com.ar\/sitio\/?p=97767"},"modified":"2026-03-16T11:02:27","modified_gmt":"2026-03-16T14:02:27","slug":"prevencion-del-cancer-cervicouterino-en-san-juan","status":"publish","type":"post","link":"https:\/\/vocesparalelas.com.ar\/sitio\/prevencion-del-cancer-cervicouterino-en-san-juan\/","title":{"rendered":"Prevenci\u00f3n del C\u00e1ncer Cervicouterino en San Juan"},"content":{"rendered":"<p>En el marco del mes de sensibilizaci\u00f3n sobre el c\u00e1ncer cervicouterino, el Ministerio de Salud del \u00a0Gobierno de San Juan desarroll\u00f3 la caminata de concientizaci\u00f3n en el Parque de Mayo que convoc\u00f3 alrededor de 300 personas.<\/p>\n<p>La actividad, organizada por la Direcci\u00f3n de Materno Infancia y distintos equipos de salud, pertenecientes a la Secretaria t\u00e9cnica tuvo como objetivo promover la prevenci\u00f3n, informar a la poblaci\u00f3n y facilitar el acceso a estudios y controles de salud, bajo el lema de promover el cuidado de la salud de las mujeres.<\/p>\n<p>En ese sentido, se reforz\u00f3 en esta actividad que la vacunaci\u00f3n contra el Virus del Papiloma Humano (HPV), los controles ginecol\u00f3gicos peri\u00f3dicos y estudios como el PAP y el test de VPH son fundamentales para detectar a tiempo posibles lesiones y prevenir el c\u00e1ncer de cuello de \u00fatero.<\/p>\n<p>En la actividad estuvo presente el secretario T\u00e9cnico, Dr. Alejandro Navarta; la secretaria de Medicina Preventiva, Dra. Sonia S\u00e1nchez; el jefe de Zona Sanitaria I, Dr. Andr\u00e9s Escudero; la directora de Materno Infancia, Dra. Lenka Dumandzic; las referentes del Programa de c\u00e1ncer cervicouterino, Dra. Andrea Rizo y la Dra. Lucia Pizarro; y todo el equipo de Materno Infancia y dem\u00e1s programas de Salud.<\/p>\n<p>La directora de Materno Infancia, Lenka Dumandzic, se\u00f1al\u00f3 que el objetivo de estas acciones es acercar la salud a la comunidad y generar conciencia sobre la importancia de realizar controles peri\u00f3dicos. En ese sentido, explic\u00f3 que el test de VPH es un estudio sencillo que puede realizarse en los centros de salud y hospitales de la provincia, y que permite detectar tempranamente el virus responsable de la mayor\u00eda de los casos de c\u00e1ncer cervicouterino.<\/p>\n<p>La jornada cont\u00f3 con la participaci\u00f3n de Karina Palacios quien realiz\u00f3 las pausas activas, con la coordinaci\u00f3n del equipo del Programa Lucha contra el Sedentarismo, quienes guiaron la caminata.<\/p>\n<p>Adem\u00e1s, se brindaron distintos servicios sanitarios: Realizaron test de HPV, controles de salud, vacunaci\u00f3n a trav\u00e9s del vacunatorio m\u00f3vil, enfermer\u00eda y testeos de VIH, s\u00edfilis. Hepatitis C y D, tambi\u00e9. Estuvieron presentes el equipo de trabajo social y agentes sanitarios de la Zona Sanitaria I, quienes acompa\u00f1aron a los asistentes brindando informaci\u00f3n y orientaci\u00f3n.<\/p>\n<p>Todos estos estudios y controles est\u00e1n disponibles durante todo el a\u00f1o en los centros de salud.<\/p>\n<p>La caminata concluy\u00f3 con un mensaje claro para toda la comunidad: la prevenci\u00f3n, los controles peri\u00f3dicos y la vacunaci\u00f3n son las principales herramientas para reducir el impacto de esta enfermedad y cuidar la salud de las mujeres.<\/p>\n<p><img loading=\"lazy\" decoding=\"async\" class=\"alignnone size-full wp-image-97771\" src=\"https:\/\/vocesparalelas.com.ar\/sitio\/wp-content\/uploads\/2026\/03\/SALUD-CANCER-02.jpg\" alt=\"\" width=\"800\" height=\"533\" srcset=\"https:\/\/vocesparalelas.com.ar\/sitio\/wp-content\/uploads\/2026\/03\/SALUD-CANCER-02.jpg 800w, https:\/\/vocesparalelas.com.ar\/sitio\/wp-content\/uploads\/2026\/03\/SALUD-CANCER-02-300x200.jpg 300w, https:\/\/vocesparalelas.com.ar\/sitio\/wp-content\/uploads\/2026\/03\/SALUD-CANCER-02-768x512.jpg 768w\" sizes=\"auto, (max-width: 800px) 100vw, 800px\" \/><\/p>\n","protected":false},"excerpt":{"rendered":"<p>En el marco del mes de sensibilizaci\u00f3n sobre el c\u00e1ncer cervicouterino, el Ministerio de Salud del \u00a0Gobierno de San Juan<\/p>\n","protected":false},"author":3,"featured_media":97770,"comment_status":"closed","ping_status":"closed","sticky":false,"template":"","format":"standard","meta":{"_acf_changed":false,"_seopress_robots_primary_cat":"none","_seopress_titles_title":"","_seopress_titles_desc":"","_seopress_robots_index":"","colormag_page_container_layout":"default_layout","colormag_page_sidebar_layout":"default_layout","footnotes":""},"categories":[1],"tags":[],"class_list":["post-97767","post","type-post","status-publish","format-standard","has-post-thumbnail","hentry","category-destacadas"],"acf":[],"_links":{"self":[{"href":"https:\/\/vocesparalelas.com.ar\/sitio\/wp-json\/wp\/v2\/posts\/97767","targetHints":{"allow":["GET"]}}],"collection":[{"href":"https:\/\/vocesparalelas.com.ar\/sitio\/wp-json\/wp\/v2\/posts"}],"about":[{"href":"https:\/\/vocesparalelas.com.ar\/sitio\/wp-json\/wp\/v2\/types\/post"}],"author":[{"embeddable":true,"href":"https:\/\/vocesparalelas.com.ar\/sitio\/wp-json\/wp\/v2\/users\/3"}],"replies":[{"embeddable":true,"href":"https:\/\/vocesparalelas.com.ar\/sitio\/wp-json\/wp\/v2\/comments?post=97767"}],"version-history":[{"count":3,"href":"https:\/\/vocesparalelas.com.ar\/sitio\/wp-json\/wp\/v2\/posts\/97767\/revisions"}],"predecessor-version":[{"id":97774,"href":"https:\/\/vocesparalelas.com.ar\/sitio\/wp-json\/wp\/v2\/posts\/97767\/revisions\/97774"}],"wp:featuredmedia":[{"embeddable":true,"href":"https:\/\/vocesparalelas.com.ar\/sitio\/wp-json\/wp\/v2\/media\/97770"}],"wp:attachment":[{"href":"https:\/\/vocesparalelas.com.ar\/sitio\/wp-json\/wp\/v2\/media?parent=97767"}],"wp:term":[{"taxonomy":"category","embeddable":true,"href":"https:\/\/vocesparalelas.com.ar\/sitio\/wp-json\/wp\/v2\/categories?post=97767"},{"taxonomy":"post_tag","embeddable":true,"href":"https:\/\/vocesparalelas.com.ar\/sitio\/wp-json\/wp\/v2\/tags?post=97767"}],"curies":[{"name":"wp","href":"https:\/\/api.w.org\/{rel}","templated":true}]}}