{"id":97735,"date":"2026-03-14T09:02:46","date_gmt":"2026-03-14T12:02:46","guid":{"rendered":"https:\/\/vocesparalelas.com.ar\/sitio\/?p=97735"},"modified":"2026-03-16T09:12:52","modified_gmt":"2026-03-16T12:12:52","slug":"de-la-oscuridad-a-la-luz-y-los-colores","status":"publish","type":"post","link":"https:\/\/vocesparalelas.com.ar\/sitio\/de-la-oscuridad-a-la-luz-y-los-colores\/","title":{"rendered":"De la oscuridad a la luz y los colores"},"content":{"rendered":"<p>Por el Arzobispo de San Juan de Cuyo, Monse\u00f1or Jorge Lozano<\/p>\n<p>Retomamos nuestro itinerario catecumenal. Hoy en el Evangelio seg\u00fan San Juan (9, 1-41), nos encontramos con una escena profundamente humana y espiritual: Jes\u00fas se acerca a un hombre ciego de nacimiento, alguien que nunca hab\u00eda conocido la luz, las formas, los colores. Sin buscarlo, este hombre recibe el don inesperado de la visi\u00f3n; Jes\u00fas lo sana y lo env\u00eda a lavarse en la piscina de Silo\u00e9 (que significa \u201cEnviado\u201d). Imagino emocionado su sorpresa al poder con templar la maravilla del arco iris, el cielo estrellado, la sonrisa de un ni\u00f1o, las manos de una anciana\u2026<\/p>\n<p>Junto con la curaci\u00f3n f\u00edsica, este acto simboliza una transformaci\u00f3n interior: el ciego comienza a ver con los ojos del alma, descubriendo qui\u00e9n es Jes\u00fas. Se da un proceso semejante al de la Samaritana. Primero dice \u201cese hombre\u201d, luego \u201ces un profeta\u201d hasta que finalmente confiesa con plena fe: \u201cCreo, Se\u00f1or\u201d, y se postra ante \u00c9l.<\/p>\n<p>En el proceso de catecumenado, la historia del ciego de nacimiento es central. Nos recuerda que la fe no es un destino al que se llega de golpe, sino un proceso de descubrimiento. Como el ciego, muchas veces estamos inmersos en nuestras propias oscuridades, nuestras preguntas y dudas. Sin embargo, la luz de Cristo nos alcanza, a veces incluso cuando no lo buscamos conscientemente. Esa luz es la que nos permite mirar la vida con esperanza, descubrir el sentido profundo de nuestra existencia y, sobre todo, reconocer a Jes\u00fas como la fuente de esa luz (el domingo pasado lo ve\u00edamos como la \u201cfuente de agua viva\u201d).<\/p>\n<p>El Evangelio muestra que el camino del ciego no fue sencillo. Tras recibir la vista, enfrenta la incredulidad y el rechazo de quienes lo rodean. Cuestionan su testimonio, dudan de la autenticidad de su experiencia. El evangelio nos muestra que mientras se va \u201ciluminando\u201d de modo creciente la fe del ciego, se profundiza la ceguera espiritual de los fariseos. Esto nos habla de un aspecto fundamental del catecumenado y la vida cristiana: la fe suele ser puesta a prueba, no solo por nuestras propias debilidades, sino tambi\u00e9n por la incomprensi\u00f3n o el rechazo del entorno.<\/p>\n<p>El gesto de hacer barro nos remite al momento primigenio en que Dios crea a Ad\u00e1n con tierra y agua. As\u00ed, se nos presenta al Se\u00f1or realizando una nueva creaci\u00f3n.<\/p>\n<p>El lavado en la piscina es m\u00e1s que un gesto higi\u00e9nico; es el s\u00edmbolo del bautismo: en el agua, dejamos atr\u00e1s las tinieblas y recibimos la luz de la fe. Es all\u00ed donde somos iluminados, donde comenzamos una vida nueva como hijos de la luz. El ciego de nacimiento, lavado en Silo\u00e9, nos llama a dejar que Jes\u00fas nos transforme y a vivir en la luz, testimoniando con valent\u00eda haber sido sanados por \u00c9l.<\/p>\n<p>Este segundo hito del camino del catecumenado, en el clima cuaresmal, es una invitaci\u00f3n a contemplar nuestro propio proceso de fe. \u00bfEn qu\u00e9 momentos hemos experimentado la oscuridad? \u00bfC\u00f3mo hemos recibido la luz de Cristo? \u00bfQu\u00e9 dificultades enfrentamos al testimoniar esa luz? El relato nos anima a perseverar, confiando en que la luz de Jes\u00fas es m\u00e1s fuerte que cualquier tiniebla. Ser bautizados implica ser iluminados y llamados a testimoniar, aun cuando otros no comprendan. Hoy, renovemos la alegr\u00eda de nuestro bautismo y recordemos que, como el ciego, fuimos hechos hijos de la luz para caminar y vivir en ella.<\/p>\n<p>Pidamos a Jes\u00fas: que nos conceda la humildad y la apertura para reconocer nuestras cegueras y dejarnos iluminar. Renovemos la confianza: en la fuerza de la luz de Cristo, aun en tiempos de dificultad y persecuci\u00f3n. Compromet\u00e1monos: a testimoniar con alegr\u00eda y valent\u00eda la fe recibida en nuestro bautismo.<\/p>\n<p>Ma\u00f1ana celebramos la memoria del Cura Brochero. \u00c9l fue un apasionado ap\u00f3stol de Jes\u00fas predicando los Ejercicios Espirituales a muchos, y promoviendo el desarrollo de sus comunidades. Pidamos la gracia de as\u00ed amar a Jes\u00fas y a su Pueblo.<\/p>\n<p>Que este domingo sea un paso m\u00e1s en nuestro camino cuaresmal, acerc\u00e1ndonos a la Pascua como verdaderos hijos de la luz. Dejemos las tinieblas.<\/p>\n<p>Jes\u00fas es la Luz.<\/p>\n<p><iframe loading=\"lazy\" title=\"SAN JUAN MONSE\u00d1OR JORGE LOZANO \" width=\"800\" height=\"450\" src=\"https:\/\/www.youtube.com\/embed\/ehMyWqvTuk8?feature=oembed\" frameborder=\"0\" allow=\"accelerometer; autoplay; clipboard-write; encrypted-media; gyroscope; picture-in-picture; web-share\" referrerpolicy=\"strict-origin-when-cross-origin\" allowfullscreen><\/iframe><\/p>\n<p>&nbsp;<\/p>\n<p><img loading=\"lazy\" decoding=\"async\" class=\"alignnone size-full wp-image-61416\" src=\"https:\/\/vocesparalelas.com.ar\/sitio\/wp-content\/uploads\/2023\/07\/ARZOBISPADO-EDIFICIO.jpg\" alt=\"\" width=\"800\" height=\"600\" srcset=\"https:\/\/vocesparalelas.com.ar\/sitio\/wp-content\/uploads\/2023\/07\/ARZOBISPADO-EDIFICIO.jpg 800w, https:\/\/vocesparalelas.com.ar\/sitio\/wp-content\/uploads\/2023\/07\/ARZOBISPADO-EDIFICIO-300x225.jpg 300w, https:\/\/vocesparalelas.com.ar\/sitio\/wp-content\/uploads\/2023\/07\/ARZOBISPADO-EDIFICIO-768x576.jpg 768w\" sizes=\"auto, (max-width: 800px) 100vw, 800px\" \/><\/p>\n","protected":false},"excerpt":{"rendered":"<p>Por el Arzobispo de San Juan de Cuyo, Monse\u00f1or Jorge Lozano Retomamos nuestro itinerario catecumenal. Hoy en el Evangelio seg\u00fan<\/p>\n","protected":false},"author":3,"featured_media":81112,"comment_status":"closed","ping_status":"closed","sticky":false,"template":"","format":"standard","meta":{"_acf_changed":false,"_seopress_robots_primary_cat":"none","_seopress_titles_title":"","_seopress_titles_desc":"","_seopress_robots_index":"","colormag_page_container_layout":"default_layout","colormag_page_sidebar_layout":"default_layout","footnotes":""},"categories":[10,7],"tags":[],"class_list":["post-97735","post","type-post","status-publish","format-standard","has-post-thumbnail","hentry","category-opiniones","category-videos"],"acf":[],"_links":{"self":[{"href":"https:\/\/vocesparalelas.com.ar\/sitio\/wp-json\/wp\/v2\/posts\/97735","targetHints":{"allow":["GET"]}}],"collection":[{"href":"https:\/\/vocesparalelas.com.ar\/sitio\/wp-json\/wp\/v2\/posts"}],"about":[{"href":"https:\/\/vocesparalelas.com.ar\/sitio\/wp-json\/wp\/v2\/types\/post"}],"author":[{"embeddable":true,"href":"https:\/\/vocesparalelas.com.ar\/sitio\/wp-json\/wp\/v2\/users\/3"}],"replies":[{"embeddable":true,"href":"https:\/\/vocesparalelas.com.ar\/sitio\/wp-json\/wp\/v2\/comments?post=97735"}],"version-history":[{"count":1,"href":"https:\/\/vocesparalelas.com.ar\/sitio\/wp-json\/wp\/v2\/posts\/97735\/revisions"}],"predecessor-version":[{"id":97738,"href":"https:\/\/vocesparalelas.com.ar\/sitio\/wp-json\/wp\/v2\/posts\/97735\/revisions\/97738"}],"wp:featuredmedia":[{"embeddable":true,"href":"https:\/\/vocesparalelas.com.ar\/sitio\/wp-json\/wp\/v2\/media\/81112"}],"wp:attachment":[{"href":"https:\/\/vocesparalelas.com.ar\/sitio\/wp-json\/wp\/v2\/media?parent=97735"}],"wp:term":[{"taxonomy":"category","embeddable":true,"href":"https:\/\/vocesparalelas.com.ar\/sitio\/wp-json\/wp\/v2\/categories?post=97735"},{"taxonomy":"post_tag","embeddable":true,"href":"https:\/\/vocesparalelas.com.ar\/sitio\/wp-json\/wp\/v2\/tags?post=97735"}],"curies":[{"name":"wp","href":"https:\/\/api.w.org\/{rel}","templated":true}]}}