{"id":97730,"date":"2026-03-13T21:46:39","date_gmt":"2026-03-14T00:46:39","guid":{"rendered":"https:\/\/vocesparalelas.com.ar\/sitio\/?p=97730"},"modified":"2026-03-13T23:46:58","modified_gmt":"2026-03-14T02:46:58","slug":"el-honor-de-formar-parte-del-cuerpo-de-bandera-argentina-2026-de-los-ipus-de-la-unsj","status":"publish","type":"post","link":"https:\/\/vocesparalelas.com.ar\/sitio\/el-honor-de-formar-parte-del-cuerpo-de-bandera-argentina-2026-de-los-ipus-de-la-unsj\/","title":{"rendered":"El honor de formar parte del Cuerpo de Bandera Argentina 2026 de los IPUS de la UNSJ"},"content":{"rendered":"<p>La Escuela Industrial \u201cDomingo Faustino Sarmiento\u201d (EIDFS) estuvo encargada de organizar el acto de cambio de los Cuerpos de Banderas de los Institutos Preuniversitarios (IPUS), que se realiz\u00f3 en el sal\u00f3n principal del Edificio Central de la Universidad Nacional de San Juan (UNSJ), donde estuvieron presentes autoridades, docentes, nodocentes, familias y estudiantes.<\/p>\n<p><span style=\"color: #0000ff;\"><strong>Cuerpo de Bandera Argentina de la Escuela Industrial \u201cDomingo Faustino Sarmiento\u201d de la UNSJ<\/strong><\/span><\/p>\n<ul>\n<li>Abanderada Mar\u00eda Roc\u00edo Olivares Mergo<\/li>\n<li>1\u00ba Escota Titular Roc\u00edo Agostina Guerrero S\u00e1nchez<\/li>\n<li>2\u00ba Escota Titular \u00c1ngela Victoria Correa G\u00f3mez<\/li>\n<li>1\u00ba escolta suplente Juan Manuel Zumel Gonz\u00e1lez<\/li>\n<li>2\u00ba escolta suplente Ana Luj\u00e1n Gizzi<\/li>\n<li>3\u00ba escolta suplente Francisco Salvador Recio Italia<\/li>\n<li>4\u00ba escolta suplente Martina Manrique<\/li>\n<li>5\u00ba escolta suplente Emiliano Leonel Meneses Alcaide<\/li>\n<li>6\u00ba escolta suplente Paula Agostina Ag\u00fcero Plana<\/li>\n<li>\u00a07\u00ba escolta suplente Santiago Daniel Quiroga Putelli<\/li>\n<\/ul>\n<p><strong><span style=\"color: #0000ff;\">Cuerpo de Bandera de la Escuela de Comercio \u201cLibertador General San Mart\u00edn\u201d de la UNSJ<\/span><\/strong><\/p>\n<ul>\n<li>Abanderada Mar\u00eda Consuelo del Jes\u00fas Yu\u00f1es Laplagne<\/li>\n<li>1\u00baEscota Titular Priscila Ingrid Roco Saurez<\/li>\n<li>2\u00ba Escota Titular Guadalupe Faraldo Putruele<\/li>\n<li>3\u00ba Escota Suplente Moreno Anabel Peletier Ortiz,<\/li>\n<li>4\u00ba Escolta Suplente Constanza Pacheco<\/li>\n<li>5\u00ba Escolta Suplente Emma Delfina S\u00e1nchez Ramos<\/li>\n<li>6\u00ba Escolta Suplente Ambar Irina Rojas Cabrera,<\/li>\n<li>7\u00ba Escolta Suplente Sof\u00eda Rosario Almonacid N\u00fa\u00f1ez<\/li>\n<li>8\u00ba Escolta Suplente Lourdes Luciana Castro Gonz\u00e1lez<\/li>\n<li>9\u00ba Escolta Suplente Victoria Josefina Godoy \u00c1varez<\/li>\n<\/ul>\n<p><span style=\"color: #0000ff;\"><strong>Cuerpo de Bandera del Colegio Central Universitario \u201cDr. Mariano Moreno\u201d de la UNSJ<\/strong><\/span><\/p>\n<ul>\n<li>Abanderada Victoria Elizabeth Adrover S\u00e1nchez<\/li>\n<li>1\u00ba Escota Titular Francesco Gelusini Murua ,<\/li>\n<li>2\u00ba Escota Titular Pierina Luj\u00e1n Gonz\u00e1lez Rubi\u00f1o,<\/li>\n<li>1\u00ba Escolta Suplente B\u00e1rbara Valentina Torres Galaz,<\/li>\n<li>2\u00ba Escolta Suplente Sof\u00eda Bel\u00e9n Monta\u00f1ez Galas<\/li>\n<li>Victoria Mut Cerdera, acompa\u00f1ante del Cuerpo de Bandera de Ceremonias<\/li>\n<\/ul>\n<p>En este contexto, la vicerrectora de la UNSJ Prof. Andrea Leceta valoriz\u00f3 que \u00abel esfuerzo de cada estudiante que tuvo el honor de portar la Bandera Nacional Argentina , es el resultado de la dedicaci\u00f3n y perseverancia que tuvieron a lo largo de los a\u00f1os. Es muy reconfortante para ellos que los acompa\u00f1e su familia, amigos y compa\u00f1eros\u201d.<\/p>\n<p>Por su parte, la secretaria Acad\u00e9mica de la UNSJ, Prof. Rosa Ferrer subray\u00f3 que \u00abfelicito a los nuevos portantes que lograron tener un reconocimiento por sus trayectorias como estudiantes. Este a\u00f1o los Institutos tendr\u00e1n muchos desaf\u00edos en cuanto a renovaciones, formaciones en distintas l\u00edneas de capacitaci\u00f3n para docentes, pero tambi\u00e9n muchos talleres y compromisos con los estudiantes y con el personal nodocente\u00bb.<\/p>\n<p>Seguidamente, la coordinadora de los IPUS de la UNSJ, Prof. Gisela Suligoy dio un reconocimiento quienes representaron a las instituciones en el 2025 como Cuerpo de Bandera. Varios de ellos fueron mis alumnos, tambi\u00e9n varios ingresantes; todos fueron excelentes en sus recorridos acad\u00e9micos aun cursando carreras muy exigentes. En un mundo tan cambiante\u00a0 los estudiantes se adaptan perfectamente. Son muy flexibles, tienen el poder de adaptaci\u00f3n y nos ense\u00f1an d\u00eda a d\u00eda a aprender cosas nuevas\u201d.<\/p>\n<p>Por parte, la directora de la EIDFS de la UNSJ Lic. Mar\u00eda Fernanda Rostagno destac\u00f3 que \u00abla locuci\u00f3n estuvo a cargo de la profesora Mar\u00eda Isabel Paredes y del profesor Alfredo Bart\u00f3l. El equipo de Comunicaci\u00f3n de Rectorado tambi\u00e9n estuvo aportando su trabajo. Estamos felices por ser parte de esto y agasajar a estos estudiantes que lograron algo muy dif\u00edcil\u201d.<\/p>\n<p>Juan Manuel Zumel, primer Escolta Suplente, \u00c1ngela Correa, segunda Escolta y Roci\u00f3 Olivares, abanderada, fueron algunos de las y los protagonistas de este acto. Todos\/as son estudiantes de la Industrial y coincidieron en que este honor es un reconocimiento al gran esfuerzo que significa estudiar en una de las escuelas m\u00e1s exigentes de San Juan.<\/p>\n<p><img loading=\"lazy\" decoding=\"async\" class=\"alignnone size-full wp-image-79515\" src=\"https:\/\/vocesparalelas.com.ar\/sitio\/wp-content\/uploads\/2024\/11\/UNSJ-LOGO-01.jpg\" alt=\"\" width=\"800\" height=\"459\" srcset=\"https:\/\/vocesparalelas.com.ar\/sitio\/wp-content\/uploads\/2024\/11\/UNSJ-LOGO-01.jpg 800w, https:\/\/vocesparalelas.com.ar\/sitio\/wp-content\/uploads\/2024\/11\/UNSJ-LOGO-01-300x172.jpg 300w, https:\/\/vocesparalelas.com.ar\/sitio\/wp-content\/uploads\/2024\/11\/UNSJ-LOGO-01-768x441.jpg 768w\" sizes=\"auto, (max-width: 800px) 100vw, 800px\" \/><\/p>\n<p>&nbsp;<\/p>\n","protected":false},"excerpt":{"rendered":"<p>La Escuela Industrial \u201cDomingo Faustino Sarmiento\u201d (EIDFS) estuvo encargada de organizar el acto de cambio de los Cuerpos de Banderas<\/p>\n","protected":false},"author":3,"featured_media":97733,"comment_status":"closed","ping_status":"closed","sticky":false,"template":"","format":"standard","meta":{"_acf_changed":false,"_seopress_robots_primary_cat":"none","_seopress_titles_title":"","_seopress_titles_desc":"","_seopress_robots_index":"","colormag_page_container_layout":"default_layout","colormag_page_sidebar_layout":"default_layout","footnotes":""},"categories":[1],"tags":[],"class_list":["post-97730","post","type-post","status-publish","format-standard","has-post-thumbnail","hentry","category-destacadas"],"acf":[],"_links":{"self":[{"href":"https:\/\/vocesparalelas.com.ar\/sitio\/wp-json\/wp\/v2\/posts\/97730","targetHints":{"allow":["GET"]}}],"collection":[{"href":"https:\/\/vocesparalelas.com.ar\/sitio\/wp-json\/wp\/v2\/posts"}],"about":[{"href":"https:\/\/vocesparalelas.com.ar\/sitio\/wp-json\/wp\/v2\/types\/post"}],"author":[{"embeddable":true,"href":"https:\/\/vocesparalelas.com.ar\/sitio\/wp-json\/wp\/v2\/users\/3"}],"replies":[{"embeddable":true,"href":"https:\/\/vocesparalelas.com.ar\/sitio\/wp-json\/wp\/v2\/comments?post=97730"}],"version-history":[{"count":1,"href":"https:\/\/vocesparalelas.com.ar\/sitio\/wp-json\/wp\/v2\/posts\/97730\/revisions"}],"predecessor-version":[{"id":97734,"href":"https:\/\/vocesparalelas.com.ar\/sitio\/wp-json\/wp\/v2\/posts\/97730\/revisions\/97734"}],"wp:featuredmedia":[{"embeddable":true,"href":"https:\/\/vocesparalelas.com.ar\/sitio\/wp-json\/wp\/v2\/media\/97733"}],"wp:attachment":[{"href":"https:\/\/vocesparalelas.com.ar\/sitio\/wp-json\/wp\/v2\/media?parent=97730"}],"wp:term":[{"taxonomy":"category","embeddable":true,"href":"https:\/\/vocesparalelas.com.ar\/sitio\/wp-json\/wp\/v2\/categories?post=97730"},{"taxonomy":"post_tag","embeddable":true,"href":"https:\/\/vocesparalelas.com.ar\/sitio\/wp-json\/wp\/v2\/tags?post=97730"}],"curies":[{"name":"wp","href":"https:\/\/api.w.org\/{rel}","templated":true}]}}