{"id":97717,"date":"2026-03-13T21:27:08","date_gmt":"2026-03-14T00:27:08","guid":{"rendered":"https:\/\/vocesparalelas.com.ar\/sitio\/?p=97717"},"modified":"2026-03-16T19:04:54","modified_gmt":"2026-03-16T22:04:54","slug":"mandato-escolar-docente-de-uda-san-juan","status":"publish","type":"post","link":"https:\/\/vocesparalelas.com.ar\/sitio\/mandato-escolar-docente-de-uda-san-juan\/","title":{"rendered":"Mandato Escolar Docente de UDA San Juan"},"content":{"rendered":"<p>Ante la importancia de la reuni\u00f3n paritaria decisiva del Lunes, 16 de Marzo, UDA San Juan pone a disposici\u00f3n de las instituciones el Mandato Escolar Digital que se puede imprimir en Papel.<\/p>\n<p>Es fundamental que cada docente registre su decisi\u00f3n para establecer la postura oficial de la entidad.<\/p>\n<p>PROPUESTA SALARIALES DEL GOBIERNO DE SAN JUAN PERIODO (MARZO &#8211; JUNIO)<\/p>\n<p><strong><span style=\"color: #ff6600;\">OPCI\u00d3N 1:<\/span><\/strong><\/p>\n<ul>\n<li>Incrementar para el mes de marzo de 2026 el valor \u00edndice en 5%, con base del valor \u00edndice de diciembre 2025.<\/li>\n<li>Incrementar en 6 puntos el c\u00f3digo A01 en el nomenclador docente para el mes de marzo 2026.<\/li>\n<li>Incrementar en 6 puntos el c\u00f3digo E60 para el mes de marzo.<\/li>\n<li>Otorgar un bono de ciento veinte mil pesos ($120.000,00) para el mes de marzo, pagadero a la fecha quince de abril de dos mil veintis\u00e9is.<\/li>\n<li>Incrementar para el mes de mayo de 2026 el valor \u00edndice en 2%, con base del valor \u00edndice del mes de marzo 2026.<\/li>\n<li>Incrementar en 2 puntos el c\u00f3digo A01 en el nomenclador docente para el mes de mayo 2026.<\/li>\n<li>Incrementar en 4 puntos el c\u00f3digo E60 para el mes de mayo.<\/li>\n<li>Incrementar para el mes de junio de 2026 el valor \u00edndice en 3%, con base del valor \u00edndice del mes de mayo 2026.<\/li>\n<li>Implementar para el mes de junio de 2026, cl\u00e1usula de revisi\u00f3n (gatillo) en funci\u00f3n a la evoluci\u00f3n de la econom\u00eda y situaci\u00f3n fiscal de la Provincia.<\/li>\n<\/ul>\n<p><strong><span style=\"color: #ff6600;\">OPCI\u00d3N 2:<\/span><\/strong><\/p>\n<ul>\n<li>Incrementar para el mes de marzo de 2026 el valor \u00edndice en 5%, con base del valor \u00edndice de diciembre 2025.<\/li>\n<li>Incrementar en 6 puntos el c\u00f3digo A01 en el nomenclador docente para el mes de marzo 2026.<\/li>\n<li>Incrementar en 5 puntos el c\u00f3digo E60 para el mes de marzo.<\/li>\n<li>Incrementar en 5 puntos el c\u00f3digo E60 para el mes de abril.<\/li>\n<li>Incrementar para el mes de mayo de 2026 el valor \u00edndice en 2%, con base del valor \u00edndice del mes de marzo 2026.<\/li>\n<li>Incrementar en 2 puntos el c\u00f3digo A01 en el nomenclador docente para el mes de mayo 2026.<\/li>\n<li>Incrementar para el mes de junio de 2026 el valor \u00edndice en 3%, con base del valor \u00edndice del mes de mayo 2026.<\/li>\n<li>Implementar para el mes de junio de 2026, cl\u00e1usula de revisi\u00f3n (gatillo) en funci\u00f3n a la evoluci\u00f3n de la econom\u00eda y situaci\u00f3n fiscal de la Provincia.<\/li>\n<\/ul>\n<p><strong><span style=\"color: #ff6600;\">Informaci\u00f3n Importante<\/span><\/strong><\/p>\n<ul>\n<li>Para garantizar la m\u00e1xima transparencia, los resultados de este mandato y los datos recolectados son presentados formalmente en la Mesa Paritaria ante las autoridades gubernamentales.<\/li>\n<li>Plazo l\u00edmite hasta el Lunes 16 de Marzo, a las 10 hs .<\/li>\n<\/ul>\n<p><span style=\"color: #ff6600;\"><strong>Registra tu mandato digital<\/strong><\/span><\/p>\n<p><a href=\"https:\/\/form.jotform.com\/udasjinfo\/paritaria-salarial-docente-marzo-a-\">https:\/\/form.jotform.com\/udasjinfo\/paritaria-salarial-docente-marzo-a-<\/a><\/p>\n<p><strong><span style=\"color: #ff6600;\">Descara mandato e imprime en papel<\/span><\/strong><\/p>\n<p><a href=\"https:\/\/drive.google.com\/file\/d\/1VM-yo3iuqkr3ckHV0iPBSEmYlTMrU_S1\/view?usp=sharing\">https:\/\/drive.google.com\/file\/d\/1VM-yo3iuqkr3ckHV0iPBSEmYlTMrU_S1\/view?usp=sharing<\/a><\/p>\n<p>&nbsp;<\/p>\n<blockquote class=\"wp-embedded-content\" data-secret=\"kcGuPF7BPd\"><p><a href=\"https:\/\/vocesparalelas.com.ar\/sitio\/nueva-propuesta-salarial-docente-del-gobierno-de-san-juan\/\">Nueva Propuesta Salarial Docente del Gobierno de San Juan<\/a><\/p><\/blockquote>\n<p><iframe loading=\"lazy\" class=\"wp-embedded-content\" sandbox=\"allow-scripts\" security=\"restricted\" style=\"position: absolute; visibility: hidden;\" title=\"\u00abNueva Propuesta Salarial Docente del Gobierno de San Juan\u00bb \u2014 Voces Paralelas\" src=\"https:\/\/vocesparalelas.com.ar\/sitio\/nueva-propuesta-salarial-docente-del-gobierno-de-san-juan\/embed\/#?secret=klr4CNL1Lf#?secret=kcGuPF7BPd\" data-secret=\"kcGuPF7BPd\" width=\"600\" height=\"338\" frameborder=\"0\" marginwidth=\"0\" marginheight=\"0\" scrolling=\"no\"><\/iframe><\/p>\n<p>&nbsp;<\/p>\n","protected":false},"excerpt":{"rendered":"<p>Ante la importancia de la reuni\u00f3n paritaria decisiva del Lunes, 16 de Marzo, UDA San Juan pone a disposici\u00f3n de<\/p>\n","protected":false},"author":3,"featured_media":74657,"comment_status":"closed","ping_status":"closed","sticky":false,"template":"","format":"standard","meta":{"_acf_changed":false,"_seopress_robots_primary_cat":"none","_seopress_titles_title":"","_seopress_titles_desc":"","_seopress_robots_index":"","colormag_page_container_layout":"default_layout","colormag_page_sidebar_layout":"default_layout","footnotes":""},"categories":[5],"tags":[],"class_list":["post-97717","post","type-post","status-publish","format-standard","has-post-thumbnail","hentry","category-ofrecimientos"],"acf":[],"_links":{"self":[{"href":"https:\/\/vocesparalelas.com.ar\/sitio\/wp-json\/wp\/v2\/posts\/97717","targetHints":{"allow":["GET"]}}],"collection":[{"href":"https:\/\/vocesparalelas.com.ar\/sitio\/wp-json\/wp\/v2\/posts"}],"about":[{"href":"https:\/\/vocesparalelas.com.ar\/sitio\/wp-json\/wp\/v2\/types\/post"}],"author":[{"embeddable":true,"href":"https:\/\/vocesparalelas.com.ar\/sitio\/wp-json\/wp\/v2\/users\/3"}],"replies":[{"embeddable":true,"href":"https:\/\/vocesparalelas.com.ar\/sitio\/wp-json\/wp\/v2\/comments?post=97717"}],"version-history":[{"count":1,"href":"https:\/\/vocesparalelas.com.ar\/sitio\/wp-json\/wp\/v2\/posts\/97717\/revisions"}],"predecessor-version":[{"id":97720,"href":"https:\/\/vocesparalelas.com.ar\/sitio\/wp-json\/wp\/v2\/posts\/97717\/revisions\/97720"}],"wp:featuredmedia":[{"embeddable":true,"href":"https:\/\/vocesparalelas.com.ar\/sitio\/wp-json\/wp\/v2\/media\/74657"}],"wp:attachment":[{"href":"https:\/\/vocesparalelas.com.ar\/sitio\/wp-json\/wp\/v2\/media?parent=97717"}],"wp:term":[{"taxonomy":"category","embeddable":true,"href":"https:\/\/vocesparalelas.com.ar\/sitio\/wp-json\/wp\/v2\/categories?post=97717"},{"taxonomy":"post_tag","embeddable":true,"href":"https:\/\/vocesparalelas.com.ar\/sitio\/wp-json\/wp\/v2\/tags?post=97717"}],"curies":[{"name":"wp","href":"https:\/\/api.w.org\/{rel}","templated":true}]}}