{"id":97707,"date":"2026-03-13T22:35:12","date_gmt":"2026-03-14T01:35:12","guid":{"rendered":"https:\/\/vocesparalelas.com.ar\/sitio\/?p=97707"},"modified":"2026-03-16T19:02:58","modified_gmt":"2026-03-16T22:02:58","slug":"se-inauguro-las-sesiones-del-concejo-deliberante-de-la-municipalidad-de-rivadavia-de-san-juan","status":"publish","type":"post","link":"https:\/\/vocesparalelas.com.ar\/sitio\/se-inauguro-las-sesiones-del-concejo-deliberante-de-la-municipalidad-de-rivadavia-de-san-juan\/","title":{"rendered":"Se inaugur\u00f3 las sesiones del Concejo Deliberante de la Municipalidad de Rivadavia de San Juan"},"content":{"rendered":"<p>Miodowsky inaugur\u00f3 las sesiones y anunci\u00f3 m\u00e1s de 40 obras y un plan de modernizaci\u00f3n municipal para 2026<\/p>\n<p>El intendente de Rivadavia present\u00f3 el balance de gesti\u00f3n 2025 y detall\u00f3 el plan de obras, urbanizaci\u00f3n, servicios y atenci\u00f3n vecinal que impulsa su gesti\u00f3n durante 2026.<\/p>\n<p>El intendente de la Municipalidad de la Ciudad de Rivadavia, Sergio Miodowsky, inaugur\u00f3 el tercer per\u00edodo de sesiones ordinarias del Concejo Deliberante con un discurso en el que realiz\u00f3 un balance de la gesti\u00f3n durante 2025 y anunci\u00f3 los principales proyectos que el municipio desarrollar\u00e1 durante 2026.<\/p>\n<p>En la previa, el vicegobernador, Dr. Fabi\u00e1n Mart\u00edn puntualiz\u00f3 la importancia de acompa\u00f1ar al intendente Sergio Miodowsky\u00a0 en su departamento Rivadavia.<\/p>\n<p><iframe loading=\"lazy\" title=\"RIVADAVIA VICEGOBERNADOR DR FABI\u00c1N MART\u00cdN \" width=\"800\" height=\"450\" src=\"https:\/\/www.youtube.com\/embed\/RskNkq8oNIU?feature=oembed\" frameborder=\"0\" allow=\"accelerometer; autoplay; clipboard-write; encrypted-media; gyroscope; picture-in-picture; web-share\" referrerpolicy=\"strict-origin-when-cross-origin\" allowfullscreen><\/iframe><\/p>\n<p>Posteriormente, el intendente Sergio Miodowsky respondi\u00f3 preguntas de los Periodistas San Juan sobre lo que se fortalece en su gesti\u00f3n 2026.<\/p>\n<p><iframe loading=\"lazy\" title=\"RIVADAVIA INTENDENTE SERGIO MIODOWSKY \" width=\"800\" height=\"450\" src=\"https:\/\/www.youtube.com\/embed\/1cGkvhNrWNA?feature=oembed\" frameborder=\"0\" allow=\"accelerometer; autoplay; clipboard-write; encrypted-media; gyroscope; picture-in-picture; web-share\" referrerpolicy=\"strict-origin-when-cross-origin\" allowfullscreen><\/iframe><\/p>\n<p>&nbsp;<\/p>\n<p><img loading=\"lazy\" decoding=\"async\" class=\"alignnone size-full wp-image-97727\" src=\"https:\/\/vocesparalelas.com.ar\/sitio\/wp-content\/uploads\/2026\/03\/RIVADAVIA-SESION-07.jpg\" alt=\"\" width=\"800\" height=\"533\" srcset=\"https:\/\/vocesparalelas.com.ar\/sitio\/wp-content\/uploads\/2026\/03\/RIVADAVIA-SESION-07.jpg 800w, https:\/\/vocesparalelas.com.ar\/sitio\/wp-content\/uploads\/2026\/03\/RIVADAVIA-SESION-07-300x200.jpg 300w, https:\/\/vocesparalelas.com.ar\/sitio\/wp-content\/uploads\/2026\/03\/RIVADAVIA-SESION-07-768x512.jpg 768w\" sizes=\"auto, (max-width: 800px) 100vw, 800px\" \/><\/p>\n<p>&nbsp;<\/p>\n<p>Se enton\u00f3 el Himno Nacional Argentino con el acompa\u00f1amiento de la Banda de M\u00fasica del RIM 22<\/p>\n<p><iframe loading=\"lazy\" title=\"RIVADAVIA HIMNO NACIONAL ARGENTINO \" width=\"800\" height=\"450\" src=\"https:\/\/www.youtube.com\/embed\/OTzlJT5B0fI?feature=oembed\" frameborder=\"0\" allow=\"accelerometer; autoplay; clipboard-write; encrypted-media; gyroscope; picture-in-picture; web-share\" referrerpolicy=\"strict-origin-when-cross-origin\" allowfullscreen><\/iframe><\/p>\n<p>Durante su mensaje, el jefe comunal destac\u00f3 que el a\u00f1o pasado estuvo marcado por un contexto econ\u00f3mico complejo, aunque asegur\u00f3 que la gesti\u00f3n logr\u00f3 avanzar con obras, programas sociales y mejoras en los servicios municipales.<br \/>\n\u201cHemos transitado un a\u00f1o lleno de dificultades, pero tambi\u00e9n con enormes transformaciones urbanas y logros sociales que nos permiten mirar hacia adelante con la misma convicci\u00f3n con la que iniciamos esta gesti\u00f3n\u201d, se\u00f1al\u00f3.<br \/>\nUno de los ejes centrales del discurso fue la obra p\u00fablica. El intendente remarc\u00f3 que durante el \u00faltimo a\u00f1o se ejecutaron 65.000 metros cuadrados de pavimentaci\u00f3n y repavimentaci\u00f3n en distintos sectores del departamento.<br \/>\nA estas obras se suman trabajos de urbanizaci\u00f3n que incluyeron 11.000 metros cuadrados de veredas, 1.100 metros cuadrados de cunetas, 12.000 metros lineales de cord\u00f3n y zapata y 11.000 metros cuadrados de banquinas, en distintos barrios y sectores del departamento.<\/p>\n<p>Entre las obras destacadas, Miodowsky mencion\u00f3 la pavimentaci\u00f3n de Villa Chacabuco, realizada con financiamiento \u00edntegramente municipal.<\/p>\n<p>\u201cNo es una obra m\u00e1s; es la respuesta a m\u00e1s de 60 a\u00f1os de espera y al sue\u00f1o de generaciones de vecinos que anhelaban ver sus calles pavimentadas\u201d, expres\u00f3.<\/p>\n<p>Tambi\u00e9n se concretaron obras de urbanizaci\u00f3n, recuperaci\u00f3n de plazas y espacios p\u00fablicos y la construcci\u00f3n de infraestructura comunitaria, entre ellas el Polideportivo y SUM del Barrio Jard\u00edn Policial.<\/p>\n<p><iframe loading=\"lazy\" title=\"RIVADAVIA INTENDENTE SERGIO MIODOWSKY \" width=\"800\" height=\"450\" src=\"https:\/\/www.youtube.com\/embed\/HtvvrIZNH1Y?feature=oembed\" frameborder=\"0\" allow=\"accelerometer; autoplay; clipboard-write; encrypted-media; gyroscope; picture-in-picture; web-share\" referrerpolicy=\"strict-origin-when-cross-origin\" allowfullscreen><\/iframe><\/p>\n<p>El intendente tambi\u00e9n destac\u00f3 proyectos vinculados al desarrollo urbano y tur\u00edstico del departamento, como el Parador del Ciclista en Marquesado, la puesta en valor del Polo Comercial Rastreador Calivar y la instalaci\u00f3n de la primera parada de colectivos climatizada del pa\u00eds en la Plaza Madre Universal.<\/p>\n<p>En la segunda parte de su discurso, Miodowsky present\u00f3 los principales proyectos que el municipio impulsar\u00e1 durante el pr\u00f3ximo a\u00f1o.<\/p>\n<p>\u201cPara el per\u00edodo 2026 hemos proyectado m\u00e1s de 40 obras en distintos puntos de Rivadavia, que abarcan pavimentaci\u00f3n, urbanizaci\u00f3n, espacios p\u00fablicos, infraestructura barrial y mejoras en el transporte p\u00fablico\u201d, anunci\u00f3.<br \/>\nActualmente se encuentran en ejecuci\u00f3n 35.000 metros cuadrados de pavimento con fondos municipales y 47.000 metros cuadrados con financiamiento del programa provincial FODERE.<\/p>\n<p>El intendente explic\u00f3 que el municipio decidi\u00f3 ampliar el ritmo de obras incorporando financiamiento propio.<br \/>\n\u201cEntendimos que era necesario ir m\u00e1s all\u00e1. Por eso este a\u00f1o decidimos lanzar un plan de pavimentaci\u00f3n con fondos municipales que complementa los recursos provinciales y acelera el ritmo de las obras\u201d, sostuvo.<\/p>\n<p>Entre los proyectos anunciados se incluyen nuevas obras de pavimentaci\u00f3n y repavimentaci\u00f3n en distintas calles del departamento, adem\u00e1s de trabajos de urbanizaci\u00f3n, construcci\u00f3n de veredas y mejoras en infraestructura barrial.<\/p>\n<p>Tambi\u00e9n se prev\u00e9n intervenciones en plazas, parques y espacios p\u00fablicos, con el objetivo de fortalecer los espacios de encuentro y recreaci\u00f3n para los vecinos.<\/p>\n<p>En materia de mobiliario urbano, el municipio continuar\u00e1 avanzando con la instalaci\u00f3n de nuevas paradas de colectivo climatizadas en puntos estrat\u00e9gicos del departamento, como la Universidad Nacional de San Juan, la Universidad Cat\u00f3lica de Cuyo y el Hospital Marcial Quiroga.<\/p>\n<p>Otro de los anuncios importantes fue la implementaci\u00f3n de un Programa Integral de Modernizaci\u00f3n Tributaria y Control Comercial.<\/p>\n<p>El plan incluir\u00e1 el reempadronamiento general de actividades econ\u00f3micas mediante herramientas de georreferenciaci\u00f3n, lo que permitir\u00e1 actualizar el padr\u00f3n de contribuyentes y mejorar la planificaci\u00f3n municipal.<\/p>\n<p>Tambi\u00e9n se avanzar\u00e1 en la digitalizaci\u00f3n de tr\u00e1mites y en la implementaci\u00f3n de sistemas de inspecci\u00f3n con herramientas tecnol\u00f3gicas que permitir\u00e1n realizar controles comerciales en tiempo real.<\/p>\n<p>En el \u00e1rea de servicios p\u00fablicos, el municipio continuar\u00e1 fortaleciendo los operativos de limpieza y mantenimiento urbano.<\/p>\n<p>Durante 2026 se incorporar\u00e1n 50 nuevos contenedores de gran tama\u00f1o para optimizar el sistema de recolecci\u00f3n de residuos y mejorar el orden urbano en los distintos barrios.<\/p>\n<p>El intendente tambi\u00e9n anunci\u00f3 que durante el pr\u00f3ximo a\u00f1o el municipio continuar\u00e1 fortaleciendo las pol\u00edticas sociales, con programas de prevenci\u00f3n, capacitaci\u00f3n y acompa\u00f1amiento comunitario.<\/p>\n<p>Entre las iniciativas se destacan acciones de prevenci\u00f3n de violencia de g\u00e9nero, capacitaciones para familias e instituciones sobre prevenci\u00f3n del abuso infantil y programas de concientizaci\u00f3n sobre salud mental y prevenci\u00f3n del suicidio.<\/p>\n<p>Tambi\u00e9n se impulsar\u00e1n capacitaciones vinculadas a la Ley Lucio y la Ley Olimpia, orientadas a fortalecer la protecci\u00f3n de la infancia y abordar la violencia digital.<\/p>\n<p>\u201cSeguimos trabajando con una mirada clara: ordenar los recursos del municipio para que lleguen a quienes m\u00e1s lo necesitan, acompa\u00f1ar a cada familia en los momentos dif\u00edciles y construir un Rivadavia m\u00e1s justo y solidario\u201d, afirm\u00f3.<\/p>\n<p>En el cierre de su discurso, el intendente reafirm\u00f3 el compromiso de la gesti\u00f3n con el desarrollo del departamento.<br \/>\n\u201cQueremos seguir construyendo una ciudad m\u00e1s ordenada, moderna y con m\u00e1s oportunidades para todos.<\/p>\n<p>Transformar una ciudad no se logra con discursos, se logra con trabajo, con gesti\u00f3n y con la firme decisi\u00f3n de cumplir con la palabra dada\u201d, concluy\u00f3.<\/p>\n<p>Se adjunta el Documento del Discurso Anual 2026 del Intendente de la Municipalidad de la Ciudad de Rivadavia, Sergio Miodowsky<\/p>\n<p><a href=\"https:\/\/vocesparalelas.com.ar\/sitio\/wp-content\/uploads\/2026\/03\/Discurso-anual-2026.docx\">Discurso anual 2026<\/a><\/p>\n<p><img loading=\"lazy\" decoding=\"async\" class=\"alignnone size-full wp-image-96825\" src=\"https:\/\/vocesparalelas.com.ar\/sitio\/wp-content\/uploads\/2026\/02\/RIVADAVIA-LOO-2026.jpg\" alt=\"\" width=\"800\" height=\"498\" srcset=\"https:\/\/vocesparalelas.com.ar\/sitio\/wp-content\/uploads\/2026\/02\/RIVADAVIA-LOO-2026.jpg 800w, https:\/\/vocesparalelas.com.ar\/sitio\/wp-content\/uploads\/2026\/02\/RIVADAVIA-LOO-2026-300x187.jpg 300w, https:\/\/vocesparalelas.com.ar\/sitio\/wp-content\/uploads\/2026\/02\/RIVADAVIA-LOO-2026-768x478.jpg 768w\" sizes=\"auto, (max-width: 800px) 100vw, 800px\" \/><\/p>\n","protected":false},"excerpt":{"rendered":"<p>Miodowsky inaugur\u00f3 las sesiones y anunci\u00f3 m\u00e1s de 40 obras y un plan de modernizaci\u00f3n municipal para 2026 El intendente<\/p>\n","protected":false},"author":3,"featured_media":97726,"comment_status":"closed","ping_status":"closed","sticky":false,"template":"","format":"standard","meta":{"_acf_changed":false,"_seopress_robots_primary_cat":"none","_seopress_titles_title":"","_seopress_titles_desc":"","_seopress_robots_index":"","colormag_page_container_layout":"default_layout","colormag_page_sidebar_layout":"default_layout","footnotes":""},"categories":[10,7],"tags":[],"class_list":["post-97707","post","type-post","status-publish","format-standard","has-post-thumbnail","hentry","category-opiniones","category-videos"],"acf":[],"_links":{"self":[{"href":"https:\/\/vocesparalelas.com.ar\/sitio\/wp-json\/wp\/v2\/posts\/97707","targetHints":{"allow":["GET"]}}],"collection":[{"href":"https:\/\/vocesparalelas.com.ar\/sitio\/wp-json\/wp\/v2\/posts"}],"about":[{"href":"https:\/\/vocesparalelas.com.ar\/sitio\/wp-json\/wp\/v2\/types\/post"}],"author":[{"embeddable":true,"href":"https:\/\/vocesparalelas.com.ar\/sitio\/wp-json\/wp\/v2\/users\/3"}],"replies":[{"embeddable":true,"href":"https:\/\/vocesparalelas.com.ar\/sitio\/wp-json\/wp\/v2\/comments?post=97707"}],"version-history":[{"count":1,"href":"https:\/\/vocesparalelas.com.ar\/sitio\/wp-json\/wp\/v2\/posts\/97707\/revisions"}],"predecessor-version":[{"id":97729,"href":"https:\/\/vocesparalelas.com.ar\/sitio\/wp-json\/wp\/v2\/posts\/97707\/revisions\/97729"}],"wp:featuredmedia":[{"embeddable":true,"href":"https:\/\/vocesparalelas.com.ar\/sitio\/wp-json\/wp\/v2\/media\/97726"}],"wp:attachment":[{"href":"https:\/\/vocesparalelas.com.ar\/sitio\/wp-json\/wp\/v2\/media?parent=97707"}],"wp:term":[{"taxonomy":"category","embeddable":true,"href":"https:\/\/vocesparalelas.com.ar\/sitio\/wp-json\/wp\/v2\/categories?post=97707"},{"taxonomy":"post_tag","embeddable":true,"href":"https:\/\/vocesparalelas.com.ar\/sitio\/wp-json\/wp\/v2\/tags?post=97707"}],"curies":[{"name":"wp","href":"https:\/\/api.w.org\/{rel}","templated":true}]}}