{"id":97688,"date":"2026-03-12T20:49:25","date_gmt":"2026-03-12T23:49:25","guid":{"rendered":"https:\/\/vocesparalelas.com.ar\/sitio\/?p=97688"},"modified":"2026-03-17T00:27:24","modified_gmt":"2026-03-17T03:27:24","slug":"talleres-para-emprendedores-principiantes-en-san-juan","status":"publish","type":"post","link":"https:\/\/vocesparalelas.com.ar\/sitio\/talleres-para-emprendedores-principiantes-en-san-juan\/","title":{"rendered":"Talleres para emprendedores principiantes en San Juan"},"content":{"rendered":"<div class=\"cuerpo-principal\">\n<div class=\"itemBody gsp_content_wrapper_wrp_set gsp_block_wrp_wrp_ssblock_59914 gsp_content_wrapper_parent_set\">\n<div class=\"itemFullText\">\n<p>Desde la Direcci\u00f3n de Econom\u00eda Social del Ministerio <span class=\"itemAuthor\">de Familia y Desarrollo Humano del Gobierno de San Juan\u00a0<\/span>brinda una serie de talleres para incentivar a la formaci\u00f3n de nuevos emprendedores.<\/p>\n<p>Se busca brindar herramientas y algunos materiales, para que principiantes puedan empezar sus nuevas iniciativas vinculadas a una artesan\u00eda o una habilidad manual. Los dos primeros talleres se dictaron el 10 y 12 de Marzo de 2026.<\/p>\n<p>Uno de los espacios fue para aprender a realizar platos de sitio o individuales de hilo de totora pl\u00e1stica a partir de t\u00e9cnicas b\u00e1sicas de tejido a crochet, a partir de los puntos medio punto y bareta doble. El taller estuvo a cargo de personal t\u00e9cnico del Ministerio de Familia y Desarrollo <span class=\"itemAuthor\">H<\/span>umano, Ver\u00f3nica Araya y Laura Gallardo que son expertas en artesan\u00edas textiles.<\/p>\n<p>A partir de los conceptos compartidos, la idea es que los artesanos puedan hacer otros objetos como organizadores, bolsitos, paneras, contenedores.<\/p>\n<p>El otro taller es de huevos de chocolate, a cargo de Bettiana Morales, propietaria de la pasteleria Mil Suspiros. Ella dio una charla demostrativa y explicativa sobre c\u00f3mo elegir las materias primas, el templado del chocolate, c\u00f3mo unirlos y secretos para que queden brillantes, rellenos y nuevas t\u00e9cnicas de decoraci\u00f3n para obtener huevos de Pascuas, como chocotrasnfer, papel de arroz, paletas de Pascuas, entre otras opciones.<\/p>\n<p>El pr\u00f3ximo taller es sobre sublimaci\u00f3n, programado para el Martes, 17 de Marzo.<\/p>\n<\/div>\n<div class=\"clr\"><\/div>\n<div class=\"itemContentFooter\">\n<p><img loading=\"lazy\" decoding=\"async\" class=\"alignnone size-full wp-image-65642\" src=\"https:\/\/vocesparalelas.com.ar\/sitio\/wp-content\/uploads\/2023\/11\/GOBIERNO-SAN-JUAN.jpg\" alt=\"\" width=\"800\" height=\"600\" srcset=\"https:\/\/vocesparalelas.com.ar\/sitio\/wp-content\/uploads\/2023\/11\/GOBIERNO-SAN-JUAN.jpg 800w, https:\/\/vocesparalelas.com.ar\/sitio\/wp-content\/uploads\/2023\/11\/GOBIERNO-SAN-JUAN-300x225.jpg 300w, https:\/\/vocesparalelas.com.ar\/sitio\/wp-content\/uploads\/2023\/11\/GOBIERNO-SAN-JUAN-768x576.jpg 768w\" sizes=\"auto, (max-width: 800px) 100vw, 800px\" \/><\/p>\n<div class=\"clr\"><\/div>\n<\/div>\n<div class=\"clr\"><\/div>\n<\/div>\n<div class=\"itemSocialSharing\">\n<div class=\"itemTwitterButton\"><\/div>\n<div class=\"itemFacebookButton\">\n<div id=\"fb-root\" class=\" fb_reset\">\n<div>\n<div><\/div>\n<\/div>\n<\/div>\n<\/div>\n<\/div>\n<div class=\"clr\"><\/div>\n<\/div>\n","protected":false},"excerpt":{"rendered":"<p>Desde la Direcci\u00f3n de Econom\u00eda Social del Ministerio de Familia y Desarrollo Humano del Gobierno de San Juan\u00a0brinda una serie<\/p>\n","protected":false},"author":3,"featured_media":97691,"comment_status":"closed","ping_status":"closed","sticky":false,"template":"","format":"standard","meta":{"_acf_changed":false,"_seopress_robots_primary_cat":"none","_seopress_titles_title":"","_seopress_titles_desc":"","_seopress_robots_index":"","colormag_page_container_layout":"default_layout","colormag_page_sidebar_layout":"default_layout","footnotes":""},"categories":[9],"tags":[],"class_list":["post-97688","post","type-post","status-publish","format-standard","has-post-thumbnail","hentry","category-cursos"],"acf":[],"_links":{"self":[{"href":"https:\/\/vocesparalelas.com.ar\/sitio\/wp-json\/wp\/v2\/posts\/97688","targetHints":{"allow":["GET"]}}],"collection":[{"href":"https:\/\/vocesparalelas.com.ar\/sitio\/wp-json\/wp\/v2\/posts"}],"about":[{"href":"https:\/\/vocesparalelas.com.ar\/sitio\/wp-json\/wp\/v2\/types\/post"}],"author":[{"embeddable":true,"href":"https:\/\/vocesparalelas.com.ar\/sitio\/wp-json\/wp\/v2\/users\/3"}],"replies":[{"embeddable":true,"href":"https:\/\/vocesparalelas.com.ar\/sitio\/wp-json\/wp\/v2\/comments?post=97688"}],"version-history":[{"count":2,"href":"https:\/\/vocesparalelas.com.ar\/sitio\/wp-json\/wp\/v2\/posts\/97688\/revisions"}],"predecessor-version":[{"id":97693,"href":"https:\/\/vocesparalelas.com.ar\/sitio\/wp-json\/wp\/v2\/posts\/97688\/revisions\/97693"}],"wp:featuredmedia":[{"embeddable":true,"href":"https:\/\/vocesparalelas.com.ar\/sitio\/wp-json\/wp\/v2\/media\/97691"}],"wp:attachment":[{"href":"https:\/\/vocesparalelas.com.ar\/sitio\/wp-json\/wp\/v2\/media?parent=97688"}],"wp:term":[{"taxonomy":"category","embeddable":true,"href":"https:\/\/vocesparalelas.com.ar\/sitio\/wp-json\/wp\/v2\/categories?post=97688"},{"taxonomy":"post_tag","embeddable":true,"href":"https:\/\/vocesparalelas.com.ar\/sitio\/wp-json\/wp\/v2\/tags?post=97688"}],"curies":[{"name":"wp","href":"https:\/\/api.w.org\/{rel}","templated":true}]}}