{"id":97684,"date":"2026-03-12T20:33:58","date_gmt":"2026-03-12T23:33:58","guid":{"rendered":"https:\/\/vocesparalelas.com.ar\/sitio\/?p=97684"},"modified":"2026-03-12T23:34:12","modified_gmt":"2026-03-13T02:34:12","slug":"la-deteccion-temprana-glaucoma-para-prevenir-la-perdida-de-vision","status":"publish","type":"post","link":"https:\/\/vocesparalelas.com.ar\/sitio\/la-deteccion-temprana-glaucoma-para-prevenir-la-perdida-de-vision\/","title":{"rendered":"La detecci\u00f3n temprana \u00abGlaucoma\u00bb para prevenir la p\u00e9rdida de visi\u00f3n"},"content":{"rendered":"<p>Cada 12 de Marzo se conmemora el D\u00eda Mundial del Glaucoma y el Servicio de Oftalmolog\u00eda del Hospital Dr. Marcial Quiroga recuerda la importancia de realizar los controles oftalmol\u00f3gicos peri\u00f3dicos para detectar de forma temprana esta enfermedad que puede provocar da\u00f1os irreversibles en la visi\u00f3n.<\/p>\n<p>El glaucoma es un grupo de enfermedades oculares que da\u00f1an progresivamente el nervio \u00f3ptico, generalmente debido al aumento de la presi\u00f3n intraocular. Si no se diagnostica y trata a tiempo, puede provocar p\u00e9rdida irreversible de la visi\u00f3n e incluso ceguera.<\/p>\n<p>Conocido como el \u201cladr\u00f3n silencioso de la vista\u201d, el glaucoma suele desarrollarse sin s\u00edntomas en sus primeras etapas, avanzando de manera progresiva y sin dolor hasta afectar el campo visual perif\u00e9rico.<\/p>\n<p>Desde el Servicio de Oftalmolog\u00eda se destaca que la presi\u00f3n ocular elevada se produce por un desequilibrio entre la producci\u00f3n y el drenaje del humor acuoso, el l\u00edquido que nutre y mantiene la presi\u00f3n dentro del ojo.<\/p>\n<p>En este contexto, la jefa del Servicio de Oftalmolog\u00eda del Hospital Dr. Marcial Quiroga, Dra. Ver\u00f3nica V\u00e1zquez explic\u00f3 que \u00abel glaucoma es una enfermedad que muchas veces no presenta s\u00edntomas al inicio, por eso es fundamental realizar controles oftalmol\u00f3gicos peri\u00f3dicos. Detectarlo a tiempo permite iniciar tratamientos que ayudan a frenar su progresi\u00f3n y preservar la visi\u00f3n de los pacientes. Si bien el glaucoma no tiene cura, hoy contamos con tratamientos efectivos como colirios, l\u00e1ser o cirug\u00eda, que permiten controlar la enfermedad y evitar la p\u00e9rdida de visi\u00f3n cuando se diagnostica de forma temprana\u201d.<\/p>\n<p>En el Hospital se realizan los estudios necesarios para el diagn\u00f3stico y seguimiento de esta enfermedad. Entre ellos se encuentran la tonometr\u00eda, que mide la presi\u00f3n intraocular, y la gonioscop\u00eda, que eval\u00faa la anatom\u00eda del \u00e1ngulo de drenaje del ojo. Estos estudios se complementan con fondo de ojo, campimetr\u00eda que analiza el campo visual y paquimetr\u00eda, que mide el espesor corneal, permitiendo as\u00ed un diagn\u00f3stico completo.<\/p>\n<p>Entre los principales factores de riesgo se encuentran ser mayor de 40 a\u00f1os, tener antecedentes familiares de glaucoma y la presi\u00f3n intraocular elevada. Tambi\u00e9n influyen enfermedades como la diabetes o la hipertensi\u00f3n, la miop\u00eda alta, el uso prolongado de corticoides y los traumatismos oculares.<\/p>\n<p>Por este motivo, se recomienda realizar controles oftalmol\u00f3gicos anuales a partir de los 40 a\u00f1os, especialmente en personas con antecedentes familiares o factores de riesgo.<\/p>\n<p>Desde el Hospital Dr. Marcial Quiroga tambi\u00e9n se recuerda la importancia de adoptar h\u00e1bitos saludables, como mantener una alimentaci\u00f3n equilibrada rica en frutas y verduras, realizar actividad f\u00edsica moderada y evitar el tabaco y el consumo excesivo de alcohol, medidas que contribuyen al cuidado de la salud ocular.<\/p>\n<p><img loading=\"lazy\" decoding=\"async\" class=\"alignnone size-full wp-image-50515\" src=\"https:\/\/vocesparalelas.com.ar\/sitio\/wp-content\/uploads\/2022\/07\/HMQ-FRENTE.jpg\" alt=\"\" width=\"800\" height=\"600\" srcset=\"https:\/\/vocesparalelas.com.ar\/sitio\/wp-content\/uploads\/2022\/07\/HMQ-FRENTE.jpg 800w, https:\/\/vocesparalelas.com.ar\/sitio\/wp-content\/uploads\/2022\/07\/HMQ-FRENTE-300x225.jpg 300w, https:\/\/vocesparalelas.com.ar\/sitio\/wp-content\/uploads\/2022\/07\/HMQ-FRENTE-768x576.jpg 768w\" sizes=\"auto, (max-width: 800px) 100vw, 800px\" \/><\/p>\n","protected":false},"excerpt":{"rendered":"<p>Cada 12 de Marzo se conmemora el D\u00eda Mundial del Glaucoma y el Servicio de Oftalmolog\u00eda del Hospital Dr. Marcial<\/p>\n","protected":false},"author":3,"featured_media":83495,"comment_status":"closed","ping_status":"closed","sticky":false,"template":"","format":"standard","meta":{"_acf_changed":false,"_seopress_robots_primary_cat":"none","_seopress_titles_title":"","_seopress_titles_desc":"","_seopress_robots_index":"","colormag_page_container_layout":"default_layout","colormag_page_sidebar_layout":"default_layout","footnotes":""},"categories":[1],"tags":[],"class_list":["post-97684","post","type-post","status-publish","format-standard","has-post-thumbnail","hentry","category-destacadas"],"acf":[],"_links":{"self":[{"href":"https:\/\/vocesparalelas.com.ar\/sitio\/wp-json\/wp\/v2\/posts\/97684","targetHints":{"allow":["GET"]}}],"collection":[{"href":"https:\/\/vocesparalelas.com.ar\/sitio\/wp-json\/wp\/v2\/posts"}],"about":[{"href":"https:\/\/vocesparalelas.com.ar\/sitio\/wp-json\/wp\/v2\/types\/post"}],"author":[{"embeddable":true,"href":"https:\/\/vocesparalelas.com.ar\/sitio\/wp-json\/wp\/v2\/users\/3"}],"replies":[{"embeddable":true,"href":"https:\/\/vocesparalelas.com.ar\/sitio\/wp-json\/wp\/v2\/comments?post=97684"}],"version-history":[{"count":1,"href":"https:\/\/vocesparalelas.com.ar\/sitio\/wp-json\/wp\/v2\/posts\/97684\/revisions"}],"predecessor-version":[{"id":97687,"href":"https:\/\/vocesparalelas.com.ar\/sitio\/wp-json\/wp\/v2\/posts\/97684\/revisions\/97687"}],"wp:featuredmedia":[{"embeddable":true,"href":"https:\/\/vocesparalelas.com.ar\/sitio\/wp-json\/wp\/v2\/media\/83495"}],"wp:attachment":[{"href":"https:\/\/vocesparalelas.com.ar\/sitio\/wp-json\/wp\/v2\/media?parent=97684"}],"wp:term":[{"taxonomy":"category","embeddable":true,"href":"https:\/\/vocesparalelas.com.ar\/sitio\/wp-json\/wp\/v2\/categories?post=97684"},{"taxonomy":"post_tag","embeddable":true,"href":"https:\/\/vocesparalelas.com.ar\/sitio\/wp-json\/wp\/v2\/tags?post=97684"}],"curies":[{"name":"wp","href":"https:\/\/api.w.org\/{rel}","templated":true}]}}