{"id":97680,"date":"2026-03-12T23:16:41","date_gmt":"2026-03-13T02:16:41","guid":{"rendered":"https:\/\/vocesparalelas.com.ar\/sitio\/?p=97680"},"modified":"2026-03-14T10:07:15","modified_gmt":"2026-03-14T13:07:15","slug":"nueva-propuesta-salarial-docente-del-gobierno-de-san-juan","status":"publish","type":"post","link":"https:\/\/vocesparalelas.com.ar\/sitio\/nueva-propuesta-salarial-docente-del-gobierno-de-san-juan\/","title":{"rendered":"Nueva Propuesta Salarial Docente del Gobierno de San Juan"},"content":{"rendered":"<p>En la Ciudad de San Juan, el Jueves, 12 de Marzo, se reanud\u00f3 la Paritaria Docente 2026, en la sala del Ministerio de Educaci\u00f3n del Gobierno de San Juan.<\/p>\n<p>En ella, participaron la Ministra de Educaci\u00f3n, Lic. Silvia Fuentes, el Ministro de Econom\u00eda, Finanzas y Hacienda, CPN Roberto Guti\u00e9rrez, el Secretario General de la Gobernaci\u00f3n, Lic. Emilio Achem y la Secretaria General de UDAP, Lic. Patricia Quiroga, la Secretaria General de UDA, Prof. Karina Navarro, la Asociaci\u00f3n del Magisterio de Ense\u00f1anza T\u00e9cnica, el Secretario General Prof. Daniel Quiroga y dem\u00e1s representantes de las partes<\/p>\n<p>Se deja constancia que la integraci\u00f3n personal de cada Asociaci\u00f3n Sindical no afecta ni modifica el valor de la cantidad de votos de cada una previsto en el Decreto N\u00b0 121-2007.<\/p>\n<p><strong><span style=\"color: #ff6600;\">Propuesta Salarial del Gobierno de San Juan<\/span><\/strong><\/p>\n<p><span style=\"color: #ff6600;\"><strong>Opci\u00f3n 1<\/strong><\/span><\/p>\n<ul>\n<li>Incrementar para el mes de marzo de 2026 el valor \u00cdndice en 5%, con base del valor \u00cdndice de diciembre 2025.<\/li>\n<li>Incrementar en 6 puntos el c\u00f3digo A01 en el nomenclador docente para el mes de Marzo 2026.<\/li>\n<li>Incrementar en 6 puntos el c\u00f3digo E60 para el mes de Marzo.<\/li>\n<li>Otorgar un bono de ciento veinte mil pesos ($120.000,00) para el mes de Marzo, pagadero a la fecha quince de Abril de 2026.<\/li>\n<li>Incrementar para el mes de Mayo de 2026 el valor \u00edndice en 2%, con base del valor \u00cdndice del mes de mes de marzo 2026.<\/li>\n<li>Incrementar en 2 puntos el c\u00f3digo A01 en el nomenclador docente para el mes de mayo 2026.<\/li>\n<li>Incrementar en 4 puntos el c\u00f3digo E60 para el mes de mayo.<\/li>\n<li>Incrementar para el mes de Junio de 2026 el valor \u00cdndice en 3%, con base del valor \u00edndice del mes de Mayo 2026.<\/li>\n<li>Implementar para el mes de Junio de 2026, cl\u00e1usula de revisi\u00f3n (gatillo) en funci\u00f3n a la evoluci\u00f3n de la econom\u00eda y situaci\u00f3n fiscal de la Provincia.<\/li>\n<\/ul>\n<p><span style=\"color: #ff6600;\"><strong>Opci\u00f3n 2<\/strong><\/span><\/p>\n<ul>\n<li>Incrementar para el mes de Marzo de 2026 el valor \u00edndice en 5%, con base del valor \u00cdndice de Diciembre 2025.<\/li>\n<li>Incrementar en 6 puntos el c\u00f3digo A01 en el nomenclador docente para el mes de Marzo 2026.<\/li>\n<li>Incrementar en 5 puntos el c\u00f3digo E60 para el mes de Marzo.<\/li>\n<li>Incrementar en 5 puntos el c\u00f3digo E60 para el mes de Abril.<\/li>\n<li>Incrementar para el mes de Mayo de 2026 el valor \u00cdndice en 2%, con base del valor \u00edndice del mes de Marzo 2026.<\/li>\n<li>Incrementar en 2 puntos el c\u00f3digo A01 en el nomenclador docente para el mes de Mayo 2026.<\/li>\n<li>Incrementar para el mes de Junio de 2026 el valor \u00edndice en 3%, con base del valor \u00cdndice del mes de Mayo 2026.<\/li>\n<li>Implementar para el mes de Junio de 2026, cl\u00e1usula de revisi\u00f3n (gatillo) en funci\u00f3n a la evoluci\u00f3n de la econom\u00eda y situaci\u00f3n fiscal de la Provincia.<\/li>\n<\/ul>\n<p>La parte empleadora propone tambi\u00e9n, empezar a trabajar a partir del segundo semestre, en el estudio de radios docentes 4, 5, 6 y 7, adem\u00e1s de evaluar la situaci\u00f3n de J\u00e1chal y Caucete.<\/p>\n<p>La parte sindical, quiere dejar constancia que, en todo el tiempo transcurrido en esta sesi\u00f3n, se han realizado m\u00faltiples an\u00e1lisis de propuestas y contrapropuestas ya expuestas en actas anteriores, respecto de las necesidades de los docentes.<\/p>\n<p>Que, respecto de las dos propuestas del Gobierno y dem\u00e1s consideraciones, se limitan a expresar, dado el contexto peculiar, que representa la vigencia de la ley de modernizaci\u00f3n laboral, pondr\u00e1 las propuestas a consideraci\u00f3n y consulta de sus respectivas bases.<\/p>\n<p>Las partes, acuerdan continuar la negociaci\u00f3n paritaria para el Lunes, 16 de marzo de 2026, a las catorce horas.<\/p>\n<p>Siendo las 22:50 horas, se da por terminada la sesi\u00f3n.<\/p>\n<p><img loading=\"lazy\" decoding=\"async\" class=\"alignnone size-full wp-image-65642\" src=\"https:\/\/vocesparalelas.com.ar\/sitio\/wp-content\/uploads\/2023\/11\/GOBIERNO-SAN-JUAN.jpg\" alt=\"\" width=\"800\" height=\"600\" srcset=\"https:\/\/vocesparalelas.com.ar\/sitio\/wp-content\/uploads\/2023\/11\/GOBIERNO-SAN-JUAN.jpg 800w, https:\/\/vocesparalelas.com.ar\/sitio\/wp-content\/uploads\/2023\/11\/GOBIERNO-SAN-JUAN-300x225.jpg 300w, https:\/\/vocesparalelas.com.ar\/sitio\/wp-content\/uploads\/2023\/11\/GOBIERNO-SAN-JUAN-768x576.jpg 768w\" sizes=\"auto, (max-width: 800px) 100vw, 800px\" \/><\/p>\n","protected":false},"excerpt":{"rendered":"<p>En la Ciudad de San Juan, el Jueves, 12 de Marzo, se reanud\u00f3 la Paritaria Docente 2026, en la sala<\/p>\n","protected":false},"author":3,"featured_media":96731,"comment_status":"closed","ping_status":"closed","sticky":false,"template":"","format":"standard","meta":{"_acf_changed":false,"_seopress_robots_primary_cat":"none","_seopress_titles_title":"","_seopress_titles_desc":"","_seopress_robots_index":"","colormag_page_container_layout":"default_layout","colormag_page_sidebar_layout":"default_layout","footnotes":""},"categories":[5],"tags":[],"class_list":["post-97680","post","type-post","status-publish","format-standard","has-post-thumbnail","hentry","category-ofrecimientos"],"acf":[],"_links":{"self":[{"href":"https:\/\/vocesparalelas.com.ar\/sitio\/wp-json\/wp\/v2\/posts\/97680","targetHints":{"allow":["GET"]}}],"collection":[{"href":"https:\/\/vocesparalelas.com.ar\/sitio\/wp-json\/wp\/v2\/posts"}],"about":[{"href":"https:\/\/vocesparalelas.com.ar\/sitio\/wp-json\/wp\/v2\/types\/post"}],"author":[{"embeddable":true,"href":"https:\/\/vocesparalelas.com.ar\/sitio\/wp-json\/wp\/v2\/users\/3"}],"replies":[{"embeddable":true,"href":"https:\/\/vocesparalelas.com.ar\/sitio\/wp-json\/wp\/v2\/comments?post=97680"}],"version-history":[{"count":1,"href":"https:\/\/vocesparalelas.com.ar\/sitio\/wp-json\/wp\/v2\/posts\/97680\/revisions"}],"predecessor-version":[{"id":97683,"href":"https:\/\/vocesparalelas.com.ar\/sitio\/wp-json\/wp\/v2\/posts\/97680\/revisions\/97683"}],"wp:featuredmedia":[{"embeddable":true,"href":"https:\/\/vocesparalelas.com.ar\/sitio\/wp-json\/wp\/v2\/media\/96731"}],"wp:attachment":[{"href":"https:\/\/vocesparalelas.com.ar\/sitio\/wp-json\/wp\/v2\/media?parent=97680"}],"wp:term":[{"taxonomy":"category","embeddable":true,"href":"https:\/\/vocesparalelas.com.ar\/sitio\/wp-json\/wp\/v2\/categories?post=97680"},{"taxonomy":"post_tag","embeddable":true,"href":"https:\/\/vocesparalelas.com.ar\/sitio\/wp-json\/wp\/v2\/tags?post=97680"}],"curies":[{"name":"wp","href":"https:\/\/api.w.org\/{rel}","templated":true}]}}