{"id":97662,"date":"2026-03-12T21:23:07","date_gmt":"2026-03-13T00:23:07","guid":{"rendered":"https:\/\/vocesparalelas.com.ar\/sitio\/?p=97662"},"modified":"2026-03-12T21:24:45","modified_gmt":"2026-03-13T00:24:45","slug":"se-fortalecen-lazos-de-trabajo-del-iim-de-la-fi-de-la-unsj-y-el-gobierno-de-san-juan","status":"publish","type":"post","link":"https:\/\/vocesparalelas.com.ar\/sitio\/se-fortalecen-lazos-de-trabajo-del-iim-de-la-fi-de-la-unsj-y-el-gobierno-de-san-juan\/","title":{"rendered":"Se fortalecen lazos de trabajo del IIM de la FI de la UNSJ y el Gobierno de San Juan"},"content":{"rendered":"<p>El secretario de Ciencia, Tecnolog\u00eda e Innovaci\u00f3n del Gobierno de San Juan, Dr. Germ\u00e1n Von Euw y el director de Promoci\u00f3n de la Actividad Cient\u00edfica y Tecnol\u00f3gica, Ing. Federico Ramos, participaron de la presentaci\u00f3n de un modelo matem\u00e1tico que permite determinar la redondez de part\u00edculas de arena utilizadas en t\u00e9cnicas de fracking.<\/p>\n<p>Ellos visitaron el Instituto de Investigaciones Mineras de la Facultad de Ingenier\u00eda de la Universidad Nacional de San Juan, para asistir a la presentaci\u00f3n de un desarrollo que es el resultado de m\u00e1s de diez a\u00f1os de investigaci\u00f3n.<\/p>\n<p>Este trabajo dio lugar a la d\u00e9cima patente obtenida por la Universidad. En este caso, se trata de una t\u00e9cnica de extracci\u00f3n de hidrocarburos no tradicionales conocida como fracturaci\u00f3n hidr\u00e1ulica (fracking) que tiene como un insumo cr\u00edtico las arenas sil\u00edceas que sirven de apuntalante de la fractura de la roca.<\/p>\n<p>A fin de verificar que estas arenas puedan soportar las alt\u00edsimas presiones involucradas, se realizan diversos ensayos estandarizados. Entre ellos, dos ensayos determinantes son an\u00e1lisis de la geometr\u00eda del grano de arena que determinan las variables denominadas redondez y esfericidad.<\/p>\n<p>Adem\u00e1s, los funcionarios realizaron un recorrido por las instalaciones del Instituto y visitaron el Laboratorio de Nanotecnolog\u00eda Aplicada a la Miner\u00eda. Actualmente el laboratorio se encuentra en proceso de acondicionamiento y puesta a punto de su equipamiento, como parte de las tareas previas a su pr\u00f3xima inauguraci\u00f3n. Durante la visita se pudo observar el avance en la organizaci\u00f3n y preparaci\u00f3n de este nuevo espacio cient\u00edfico-tecnol\u00f3gico.<\/p>\n<p><img loading=\"lazy\" decoding=\"async\" class=\"alignnone size-large wp-image-41814\" src=\"https:\/\/vocesparalelas.com.ar\/sitio\/wp-content\/uploads\/2021\/09\/FI-MINERIA-800x476.jpg\" alt=\"\" width=\"800\" height=\"476\" srcset=\"https:\/\/vocesparalelas.com.ar\/sitio\/wp-content\/uploads\/2021\/09\/FI-MINERIA-800x476.jpg 800w, https:\/\/vocesparalelas.com.ar\/sitio\/wp-content\/uploads\/2021\/09\/FI-MINERIA-300x178.jpg 300w, https:\/\/vocesparalelas.com.ar\/sitio\/wp-content\/uploads\/2021\/09\/FI-MINERIA-768x457.jpg 768w, https:\/\/vocesparalelas.com.ar\/sitio\/wp-content\/uploads\/2021\/09\/FI-MINERIA.jpg 1024w\" sizes=\"auto, (max-width: 800px) 100vw, 800px\" \/><\/p>\n<p>El laboratorio tiene como objetivo generar conocimiento y desarrollar soluciones tecnol\u00f3gicas para el sector minero, agregando valor a materiales locales y mejorando procesos industriales mediante la manipulaci\u00f3n de la materia a escala at\u00f3mica y molecular.<\/p>\n<p>Cabe destacar que una parte significativa del equipamiento de este laboratorio fue financiada por la Secretar\u00eda de Ciencia, Tecnolog\u00eda e Innovaci\u00f3n del Ministerio de Producci\u00f3n, Trabajo e Innovaci\u00f3n del Gobierno de San Juan, a trav\u00e9s del Programa Apoyarnos en la Ciencia, en el marco del Proyecto NanoDust.<\/p>\n<p><img loading=\"lazy\" decoding=\"async\" class=\"alignnone size-full wp-image-97666\" src=\"https:\/\/vocesparalelas.com.ar\/sitio\/wp-content\/uploads\/2026\/03\/FI-UNSJ-SAN-JUAN-01.jpg\" alt=\"\" width=\"800\" height=\"586\" srcset=\"https:\/\/vocesparalelas.com.ar\/sitio\/wp-content\/uploads\/2026\/03\/FI-UNSJ-SAN-JUAN-01.jpg 800w, https:\/\/vocesparalelas.com.ar\/sitio\/wp-content\/uploads\/2026\/03\/FI-UNSJ-SAN-JUAN-01-300x220.jpg 300w, https:\/\/vocesparalelas.com.ar\/sitio\/wp-content\/uploads\/2026\/03\/FI-UNSJ-SAN-JUAN-01-768x563.jpg 768w\" sizes=\"auto, (max-width: 800px) 100vw, 800px\" \/><\/p>\n<p>&nbsp;<\/p>\n","protected":false},"excerpt":{"rendered":"<p>El secretario de Ciencia, Tecnolog\u00eda e Innovaci\u00f3n del Gobierno de San Juan, Dr. Germ\u00e1n Von Euw y el director de<\/p>\n","protected":false},"author":3,"featured_media":97665,"comment_status":"closed","ping_status":"closed","sticky":false,"template":"","format":"standard","meta":{"_acf_changed":false,"_seopress_robots_primary_cat":"none","_seopress_titles_title":"","_seopress_titles_desc":"","_seopress_robots_index":"","colormag_page_container_layout":"default_layout","colormag_page_sidebar_layout":"default_layout","footnotes":""},"categories":[1],"tags":[],"class_list":["post-97662","post","type-post","status-publish","format-standard","has-post-thumbnail","hentry","category-destacadas"],"acf":[],"_links":{"self":[{"href":"https:\/\/vocesparalelas.com.ar\/sitio\/wp-json\/wp\/v2\/posts\/97662","targetHints":{"allow":["GET"]}}],"collection":[{"href":"https:\/\/vocesparalelas.com.ar\/sitio\/wp-json\/wp\/v2\/posts"}],"about":[{"href":"https:\/\/vocesparalelas.com.ar\/sitio\/wp-json\/wp\/v2\/types\/post"}],"author":[{"embeddable":true,"href":"https:\/\/vocesparalelas.com.ar\/sitio\/wp-json\/wp\/v2\/users\/3"}],"replies":[{"embeddable":true,"href":"https:\/\/vocesparalelas.com.ar\/sitio\/wp-json\/wp\/v2\/comments?post=97662"}],"version-history":[{"count":3,"href":"https:\/\/vocesparalelas.com.ar\/sitio\/wp-json\/wp\/v2\/posts\/97662\/revisions"}],"predecessor-version":[{"id":97669,"href":"https:\/\/vocesparalelas.com.ar\/sitio\/wp-json\/wp\/v2\/posts\/97662\/revisions\/97669"}],"wp:featuredmedia":[{"embeddable":true,"href":"https:\/\/vocesparalelas.com.ar\/sitio\/wp-json\/wp\/v2\/media\/97665"}],"wp:attachment":[{"href":"https:\/\/vocesparalelas.com.ar\/sitio\/wp-json\/wp\/v2\/media?parent=97662"}],"wp:term":[{"taxonomy":"category","embeddable":true,"href":"https:\/\/vocesparalelas.com.ar\/sitio\/wp-json\/wp\/v2\/categories?post=97662"},{"taxonomy":"post_tag","embeddable":true,"href":"https:\/\/vocesparalelas.com.ar\/sitio\/wp-json\/wp\/v2\/tags?post=97662"}],"curies":[{"name":"wp","href":"https:\/\/api.w.org\/{rel}","templated":true}]}}