{"id":97643,"date":"2026-03-12T19:46:02","date_gmt":"2026-03-12T22:46:02","guid":{"rendered":"https:\/\/vocesparalelas.com.ar\/sitio\/?p=97643"},"modified":"2026-03-12T20:07:15","modified_gmt":"2026-03-12T23:07:15","slug":"cierre-de-la-argentina-week-2026-en-nueva-york-eeuu","status":"publish","type":"post","link":"https:\/\/vocesparalelas.com.ar\/sitio\/cierre-de-la-argentina-week-2026-en-nueva-york-eeuu\/","title":{"rendered":"Cierre de la Argentina Week 2026 en Nueva York, EEUU"},"content":{"rendered":"<p>El gobernador de San Juan, Rep\u00fablica Argentina, Dr. Marcelo Orrego, particip\u00f3 en la ciudad de New York del evento de cierre de la Argentina Week 2026, un encuentro que reuni\u00f3 a empresarios, inversores internacionales y funcionarios argentinos con el objetivo de posicionar al pa\u00eds como destino de inversiones.<\/p>\n<p>La actividad se desarroll\u00f3 en las oficinas de Microsoft en Times Square y fue organizada por AmCham Argentina, la C\u00e1mara de Comercio de Estados Unidos en el pa\u00eds. El encuentro reuni\u00f3 a m\u00e1s de 270 asistentes entre representantes del sector privado y autoridades nacionales y provinciales.<\/p>\n<p>Durante la jornada participaron tambi\u00e9n el ministro de Econom\u00eda, Luis Caputo, el ministro de Desregulaci\u00f3n y Transformaci\u00f3n del Estado, Federico Sturzenegger, y el embajador argentino en Estados Unidos, Alejandro Oxenford, junto a gobernadores de distintas provincias.<\/p>\n<p>El evento funcion\u00f3 como cierre de las actividades de la Argentina Week, iniciativa que busca fortalecer la relaci\u00f3n bilateral con Estados Unidos y promover oportunidades de inversi\u00f3n en sectores estrat\u00e9gicos como energ\u00eda, miner\u00eda, agroindustria, tecnolog\u00eda e infraestructura.<\/p>\n<p>En ese marco, AmCham entreg\u00f3 el Premio AmCham al Empresario del A\u00f1o 2025. El reconocimiento al Empresario Argentino del A\u00f1o fue otorgado a Miguel Galuccio, presidente y CEO de Vista Energy, mientras que el premio al Empresario Estadounidense del A\u00f1o fue para Mark Nelson, vicepresidente de Chevron Corporation.<\/p>\n<p>Durante la recepci\u00f3n tambi\u00e9n se otorgaron menciones especiales a compa\u00f1\u00edas destacadas por su compromiso con la inversi\u00f3n productiva y el crecimiento econ\u00f3mico argentino en el marco del R\u00e9gimen de Incentivo para Grandes Inversiones.<\/p>\n<p><span style=\"color: #ff6600;\"><strong>Entre las empresas reconocidas<\/strong><\/span><\/p>\n<ul>\n<li>Andes Corporaci\u00f3n Minera,<\/li>\n<li>Galan SDE,<\/li>\n<li>Generaci\u00f3n El\u00e9ctrica Argentina Renovable,<\/li>\n<li>Minas Argentinas,<\/li>\n<li>Rinc\u00f3n Mining,<\/li>\n<li>SIDERSA,<\/li>\n<li>Southern Energy,<\/li>\n<li>Terminal Timb\u00faes,<\/li>\n<li>VMOS e<\/li>\n<li>YPF Luz.<\/li>\n<\/ul>\n<p>La agenda contin\u00faa con nuevas actividades institucionales, entre ellas una presentaci\u00f3n en el consulado argentino en Nueva York, donde gobernadores argentinos exponen ante empresarios y financistas de Estados Unidos, las oportunidades de inversi\u00f3n y los proyectos estrat\u00e9gicos de cada provincia, con el objetivo de atraer capitales y fortalecer el desarrollo productivo a la Rep\u00fablica Argentina.<\/p>\n<p>&nbsp;<\/p>\n<p><img loading=\"lazy\" decoding=\"async\" class=\"alignnone size-full wp-image-65642\" src=\"https:\/\/vocesparalelas.com.ar\/sitio\/wp-content\/uploads\/2023\/11\/GOBIERNO-SAN-JUAN.jpg\" alt=\"\" width=\"800\" height=\"600\" srcset=\"https:\/\/vocesparalelas.com.ar\/sitio\/wp-content\/uploads\/2023\/11\/GOBIERNO-SAN-JUAN.jpg 800w, https:\/\/vocesparalelas.com.ar\/sitio\/wp-content\/uploads\/2023\/11\/GOBIERNO-SAN-JUAN-300x225.jpg 300w, https:\/\/vocesparalelas.com.ar\/sitio\/wp-content\/uploads\/2023\/11\/GOBIERNO-SAN-JUAN-768x576.jpg 768w\" sizes=\"auto, (max-width: 800px) 100vw, 800px\" \/><\/p>\n","protected":false},"excerpt":{"rendered":"<p>El gobernador de San Juan, Rep\u00fablica Argentina, Dr. Marcelo Orrego, particip\u00f3 en la ciudad de New York del evento de<\/p>\n","protected":false},"author":3,"featured_media":97648,"comment_status":"closed","ping_status":"closed","sticky":false,"template":"","format":"standard","meta":{"_acf_changed":false,"_seopress_robots_primary_cat":"none","_seopress_titles_title":"","_seopress_titles_desc":"","_seopress_robots_index":"","colormag_page_container_layout":"default_layout","colormag_page_sidebar_layout":"default_layout","footnotes":""},"categories":[1],"tags":[],"class_list":["post-97643","post","type-post","status-publish","format-standard","has-post-thumbnail","hentry","category-destacadas"],"acf":[],"_links":{"self":[{"href":"https:\/\/vocesparalelas.com.ar\/sitio\/wp-json\/wp\/v2\/posts\/97643","targetHints":{"allow":["GET"]}}],"collection":[{"href":"https:\/\/vocesparalelas.com.ar\/sitio\/wp-json\/wp\/v2\/posts"}],"about":[{"href":"https:\/\/vocesparalelas.com.ar\/sitio\/wp-json\/wp\/v2\/types\/post"}],"author":[{"embeddable":true,"href":"https:\/\/vocesparalelas.com.ar\/sitio\/wp-json\/wp\/v2\/users\/3"}],"replies":[{"embeddable":true,"href":"https:\/\/vocesparalelas.com.ar\/sitio\/wp-json\/wp\/v2\/comments?post=97643"}],"version-history":[{"count":3,"href":"https:\/\/vocesparalelas.com.ar\/sitio\/wp-json\/wp\/v2\/posts\/97643\/revisions"}],"predecessor-version":[{"id":97651,"href":"https:\/\/vocesparalelas.com.ar\/sitio\/wp-json\/wp\/v2\/posts\/97643\/revisions\/97651"}],"wp:featuredmedia":[{"embeddable":true,"href":"https:\/\/vocesparalelas.com.ar\/sitio\/wp-json\/wp\/v2\/media\/97648"}],"wp:attachment":[{"href":"https:\/\/vocesparalelas.com.ar\/sitio\/wp-json\/wp\/v2\/media?parent=97643"}],"wp:term":[{"taxonomy":"category","embeddable":true,"href":"https:\/\/vocesparalelas.com.ar\/sitio\/wp-json\/wp\/v2\/categories?post=97643"},{"taxonomy":"post_tag","embeddable":true,"href":"https:\/\/vocesparalelas.com.ar\/sitio\/wp-json\/wp\/v2\/tags?post=97643"}],"curies":[{"name":"wp","href":"https:\/\/api.w.org\/{rel}","templated":true}]}}