{"id":97638,"date":"2026-03-12T19:03:43","date_gmt":"2026-03-12T22:03:43","guid":{"rendered":"https:\/\/vocesparalelas.com.ar\/sitio\/?p=97638"},"modified":"2026-03-12T19:03:43","modified_gmt":"2026-03-12T22:03:43","slug":"san-juan-presente-en-la-mesas-de-dialogo-de-idea-en-nueva-york-eeuu","status":"publish","type":"post","link":"https:\/\/vocesparalelas.com.ar\/sitio\/san-juan-presente-en-la-mesas-de-dialogo-de-idea-en-nueva-york-eeuu\/","title":{"rendered":"San Juan presente en la mesas de di\u00e1logo de IDEA en Nueva York, EEUU"},"content":{"rendered":"<p>El gobernador particip\u00f3 en uno de los paneles de las mesas de di\u00e1logo organizadas por IDEA en el Consulado Argentino en Nueva York, actividad que marc\u00f3 el cierre de la agenda de Argentina Week 2026.<\/p>\n<p>El encuentro fue seguido por m\u00e1s de 200 participantes, entre diplom\u00e1ticos, autoridades, empresarios y financistas de proyectos de distintos pa\u00edses del mundo interesados en invertir en sectores estrat\u00e9gicos.<\/p>\n<p>Orrego disert\u00f3 en un panel sobre miner\u00eda junto a los gobernadores de Jujuy, Salta y Catamarca. Tambi\u00e9n participaron el ministro de Econom\u00eda, Luis Caputo, y otros mandatarios provinciales que formaron parte de Argentina Week y expusieron en distintos paneles sectoriales.<\/p>\n<p>Durante su exposici\u00f3n, el gobernador destac\u00f3 las ventajas que ofrece San Juan para las inversiones. En ese sentido, se\u00f1al\u00f3 que la provincia concentra el mayor monto de inversiones solicitadas en el marco del RIGI y que es considerada la mejor jurisdicci\u00f3n de Am\u00e9rica Latina para la inversi\u00f3n minera.<\/p>\n<p>Adem\u00e1s, remarc\u00f3 el papel de la miner\u00eda como motor de la econom\u00eda provincial, aunque puso especial \u00e9nfasis en la necesidad de generar empleo, fortalecer a los proveedores locales, sostener la diversidad de la matriz productiva y garantizar un cuidado ambiental estricto.<\/p>\n<p>&nbsp;<\/p>\n<p><img loading=\"lazy\" decoding=\"async\" class=\"alignnone size-full wp-image-65642\" src=\"https:\/\/vocesparalelas.com.ar\/sitio\/wp-content\/uploads\/2023\/11\/GOBIERNO-SAN-JUAN.jpg\" alt=\"\" width=\"800\" height=\"600\" srcset=\"https:\/\/vocesparalelas.com.ar\/sitio\/wp-content\/uploads\/2023\/11\/GOBIERNO-SAN-JUAN.jpg 800w, https:\/\/vocesparalelas.com.ar\/sitio\/wp-content\/uploads\/2023\/11\/GOBIERNO-SAN-JUAN-300x225.jpg 300w, https:\/\/vocesparalelas.com.ar\/sitio\/wp-content\/uploads\/2023\/11\/GOBIERNO-SAN-JUAN-768x576.jpg 768w\" sizes=\"auto, (max-width: 800px) 100vw, 800px\" \/><\/p>\n","protected":false},"excerpt":{"rendered":"<p>El gobernador particip\u00f3 en uno de los paneles de las mesas de di\u00e1logo organizadas por IDEA en el Consulado Argentino<\/p>\n","protected":false},"author":3,"featured_media":97641,"comment_status":"closed","ping_status":"closed","sticky":false,"template":"","format":"standard","meta":{"_acf_changed":false,"_seopress_robots_primary_cat":"none","_seopress_titles_title":"","_seopress_titles_desc":"","_seopress_robots_index":"","colormag_page_container_layout":"default_layout","colormag_page_sidebar_layout":"default_layout","footnotes":""},"categories":[1],"tags":[],"class_list":["post-97638","post","type-post","status-publish","format-standard","has-post-thumbnail","hentry","category-destacadas"],"acf":[],"_links":{"self":[{"href":"https:\/\/vocesparalelas.com.ar\/sitio\/wp-json\/wp\/v2\/posts\/97638","targetHints":{"allow":["GET"]}}],"collection":[{"href":"https:\/\/vocesparalelas.com.ar\/sitio\/wp-json\/wp\/v2\/posts"}],"about":[{"href":"https:\/\/vocesparalelas.com.ar\/sitio\/wp-json\/wp\/v2\/types\/post"}],"author":[{"embeddable":true,"href":"https:\/\/vocesparalelas.com.ar\/sitio\/wp-json\/wp\/v2\/users\/3"}],"replies":[{"embeddable":true,"href":"https:\/\/vocesparalelas.com.ar\/sitio\/wp-json\/wp\/v2\/comments?post=97638"}],"version-history":[{"count":1,"href":"https:\/\/vocesparalelas.com.ar\/sitio\/wp-json\/wp\/v2\/posts\/97638\/revisions"}],"predecessor-version":[{"id":97642,"href":"https:\/\/vocesparalelas.com.ar\/sitio\/wp-json\/wp\/v2\/posts\/97638\/revisions\/97642"}],"wp:featuredmedia":[{"embeddable":true,"href":"https:\/\/vocesparalelas.com.ar\/sitio\/wp-json\/wp\/v2\/media\/97641"}],"wp:attachment":[{"href":"https:\/\/vocesparalelas.com.ar\/sitio\/wp-json\/wp\/v2\/media?parent=97638"}],"wp:term":[{"taxonomy":"category","embeddable":true,"href":"https:\/\/vocesparalelas.com.ar\/sitio\/wp-json\/wp\/v2\/categories?post=97638"},{"taxonomy":"post_tag","embeddable":true,"href":"https:\/\/vocesparalelas.com.ar\/sitio\/wp-json\/wp\/v2\/tags?post=97638"}],"curies":[{"name":"wp","href":"https:\/\/api.w.org\/{rel}","templated":true}]}}