{"id":97614,"date":"2026-03-11T11:42:51","date_gmt":"2026-03-11T14:42:51","guid":{"rendered":"https:\/\/vocesparalelas.com.ar\/sitio\/?p=97614"},"modified":"2026-03-12T22:41:36","modified_gmt":"2026-03-13T01:41:36","slug":"rivadavia-capacita-2026-con-mas-cursos-y-herramientas-para-el-trabajo","status":"publish","type":"post","link":"https:\/\/vocesparalelas.com.ar\/sitio\/rivadavia-capacita-2026-con-mas-cursos-y-herramientas-para-el-trabajo\/","title":{"rendered":"\u201cRivadavia Capacita 2026\u201d con m\u00e1s cursos y herramientas para el trabajo"},"content":{"rendered":"<div>La Municipalidad de la Ciudad de Rivadavia lanz\u00f3 una nueva edici\u00f3n del programa \u201cRivadavia Capacita 2026\u201d, una iniciativa destinada a brindar formaci\u00f3n en oficios y herramientas concretas para mejorar las oportunidades laborales de los vecinos del departamento.<\/div>\n<div><\/div>\n<div>El programa impulsado por la gesti\u00f3n del intendente Sergio Miodowsky propone una amplia oferta de capacitaciones vinculadas a oficios, servicios, gastronom\u00eda, turismo y nuevas habilidades laborales, con el objetivo de fortalecer la empleabilidad y acompa\u00f1ar a quienes buscan insertarse o mejorar su posici\u00f3n en el mercado de trabajo.<\/div>\n<div><\/div>\n<div>Las inscripciones se realizan el Viernes, 13 de Marzo, de 8 a 12 horas, en la Secretar\u00eda de Gobierno, Avenida Libertador General San Mart\u00edn 5168 &#8211; O -. Los cursos tienen una duraci\u00f3n aproximada de cuatro meses y los cupos son limitados.<\/div>\n<div><\/div>\n<div><img loading=\"lazy\" decoding=\"async\" class=\"alignnone size-full wp-image-97617\" src=\"https:\/\/vocesparalelas.com.ar\/sitio\/wp-content\/uploads\/2026\/03\/RIVADAVIA-CASA.jpg\" alt=\"\" width=\"800\" height=\"494\" srcset=\"https:\/\/vocesparalelas.com.ar\/sitio\/wp-content\/uploads\/2026\/03\/RIVADAVIA-CASA.jpg 800w, https:\/\/vocesparalelas.com.ar\/sitio\/wp-content\/uploads\/2026\/03\/RIVADAVIA-CASA-300x185.jpg 300w, https:\/\/vocesparalelas.com.ar\/sitio\/wp-content\/uploads\/2026\/03\/RIVADAVIA-CASA-768x474.jpg 768w\" sizes=\"auto, (max-width: 800px) 100vw, 800px\" \/><\/div>\n<div><\/div>\n<div>Para participar, los interesados deber\u00e1n cumplir con algunos requisitos b\u00e1sicos: ser mayores de 18 a\u00f1os, presentar fotocopia de DNI y realizar una inscripci\u00f3n por persona. Adem\u00e1s, se inform\u00f3 que habr\u00e1 cupos limitados para personas provenientes de otros departamentos.<\/div>\n<div><\/div>\n<div><span style=\"color: #ff6600;\"><strong>El programa incluye una variada propuesta de formaci\u00f3n en oficios y servicios<\/strong><\/span><\/div>\n<div><\/div>\n<ul>\n<li>Atenci\u00f3n al Cliente<\/li>\n<li>Barista<\/li>\n<li>Bartender<\/li>\n<li>Panader\u00eda y Pizzer\u00eda<\/li>\n<li>Pasteler\u00eda de Producci\u00f3n<\/li>\n<li>Pasteler\u00eda Gourmet<\/li>\n<li>Recepcionista para Hoteles<\/li>\n<li>Organizaci\u00f3n de Eventos<\/li>\n<li>Bordado Creativo<\/li>\n<li>Barber\u00eda y Corte Unisex Nivel 1 y 2<\/li>\n<li>Carpinter\u00eda Nivel 1 y 2<\/li>\n<li>Masoterapia<\/li>\n<li>Oratoria Nivel 1 y 2<\/li>\n<li>Auxiliar de Instalaci\u00f3n de Aires Acondicionados Split<\/li>\n<li>Instalador El\u00e9ctrico Domiciliario<\/li>\n<li>Metalmec\u00e1nica (Soldador)<\/li>\n<li>Soldadura Pesada<\/li>\n<li>Reparaci\u00f3n de Celulares Nivel 1 y 2<\/li>\n<li>Higiene y Seguridad Laboral<\/li>\n<\/ul>\n<div>Estas capacitaciones buscan responder a demandas reales del mercado laboral, brindando conocimientos pr\u00e1cticos que permitan generar nuevas oportunidades de trabajo o fortalecer emprendimientos propios.<\/div>\n<div><\/div>\n<div>Desde el municipio se inform\u00f3 adem\u00e1s que algunas capacitaciones requieren secundario completo o en curso, debido al contenido t\u00e9cnico de las mismas. Entre ellas se encuentran:<\/div>\n<ul>\n<li>Auxiliar Administrativo Educativo<\/li>\n<li>Auxiliar de Instalaci\u00f3n de Aires Acondicionados Split<\/li>\n<li>Higiene y Seguridad Laboral<\/li>\n<li>Instalador El\u00e9ctrico Domiciliario<\/li>\n<li>Ceremonial y Protocolo<\/li>\n<\/ul>\n<div>Con esta nueva edici\u00f3n de Rivadavia Capacita, el municipio contin\u00faa apostando a la formaci\u00f3n como herramienta clave para el desarrollo personal y laboral de los vecinos, promoviendo el acceso a conocimientos que faciliten la inserci\u00f3n laboral y el crecimiento de emprendimientos locales.<\/div>\n<div><\/div>\n<div>La propuesta forma parte de una pol\u00edtica sostenida de capacitaci\u00f3n impulsada por la gesti\u00f3n municipal, orientada a generar oportunidades reales de progreso y acompa\u00f1ar a los rivadavienses en la construcci\u00f3n de su futuro laboral.<\/div>\n<div><\/div>\n<div><img loading=\"lazy\" decoding=\"async\" class=\"alignnone size-full wp-image-96825\" src=\"https:\/\/vocesparalelas.com.ar\/sitio\/wp-content\/uploads\/2026\/02\/RIVADAVIA-LOO-2026.jpg\" alt=\"\" width=\"800\" height=\"498\" srcset=\"https:\/\/vocesparalelas.com.ar\/sitio\/wp-content\/uploads\/2026\/02\/RIVADAVIA-LOO-2026.jpg 800w, https:\/\/vocesparalelas.com.ar\/sitio\/wp-content\/uploads\/2026\/02\/RIVADAVIA-LOO-2026-300x187.jpg 300w, https:\/\/vocesparalelas.com.ar\/sitio\/wp-content\/uploads\/2026\/02\/RIVADAVIA-LOO-2026-768x478.jpg 768w\" sizes=\"auto, (max-width: 800px) 100vw, 800px\" \/><\/div>\n","protected":false},"excerpt":{"rendered":"<p>La Municipalidad de la Ciudad de Rivadavia lanz\u00f3 una nueva edici\u00f3n del programa \u201cRivadavia Capacita 2026\u201d, una iniciativa destinada a<\/p>\n","protected":false},"author":3,"featured_media":88926,"comment_status":"closed","ping_status":"closed","sticky":false,"template":"","format":"standard","meta":{"_acf_changed":false,"_seopress_robots_primary_cat":"none","_seopress_titles_title":"","_seopress_titles_desc":"","_seopress_robots_index":"","colormag_page_container_layout":"default_layout","colormag_page_sidebar_layout":"default_layout","footnotes":""},"categories":[9],"tags":[],"class_list":["post-97614","post","type-post","status-publish","format-standard","has-post-thumbnail","hentry","category-cursos"],"acf":[],"_links":{"self":[{"href":"https:\/\/vocesparalelas.com.ar\/sitio\/wp-json\/wp\/v2\/posts\/97614","targetHints":{"allow":["GET"]}}],"collection":[{"href":"https:\/\/vocesparalelas.com.ar\/sitio\/wp-json\/wp\/v2\/posts"}],"about":[{"href":"https:\/\/vocesparalelas.com.ar\/sitio\/wp-json\/wp\/v2\/types\/post"}],"author":[{"embeddable":true,"href":"https:\/\/vocesparalelas.com.ar\/sitio\/wp-json\/wp\/v2\/users\/3"}],"replies":[{"embeddable":true,"href":"https:\/\/vocesparalelas.com.ar\/sitio\/wp-json\/wp\/v2\/comments?post=97614"}],"version-history":[{"count":1,"href":"https:\/\/vocesparalelas.com.ar\/sitio\/wp-json\/wp\/v2\/posts\/97614\/revisions"}],"predecessor-version":[{"id":97618,"href":"https:\/\/vocesparalelas.com.ar\/sitio\/wp-json\/wp\/v2\/posts\/97614\/revisions\/97618"}],"wp:featuredmedia":[{"embeddable":true,"href":"https:\/\/vocesparalelas.com.ar\/sitio\/wp-json\/wp\/v2\/media\/88926"}],"wp:attachment":[{"href":"https:\/\/vocesparalelas.com.ar\/sitio\/wp-json\/wp\/v2\/media?parent=97614"}],"wp:term":[{"taxonomy":"category","embeddable":true,"href":"https:\/\/vocesparalelas.com.ar\/sitio\/wp-json\/wp\/v2\/categories?post=97614"},{"taxonomy":"post_tag","embeddable":true,"href":"https:\/\/vocesparalelas.com.ar\/sitio\/wp-json\/wp\/v2\/tags?post=97614"}],"curies":[{"name":"wp","href":"https:\/\/api.w.org\/{rel}","templated":true}]}}