{"id":97608,"date":"2026-03-11T11:02:01","date_gmt":"2026-03-11T14:02:01","guid":{"rendered":"https:\/\/vocesparalelas.com.ar\/sitio\/?p=97608"},"modified":"2026-03-11T11:02:01","modified_gmt":"2026-03-11T14:02:01","slug":"se-presento-en-san-juan-el-libro-el-futuro-de-las-pymes-de-damian-di-pace","status":"publish","type":"post","link":"https:\/\/vocesparalelas.com.ar\/sitio\/se-presento-en-san-juan-el-libro-el-futuro-de-las-pymes-de-damian-di-pace\/","title":{"rendered":"Se present\u00f3 en San Juan el libro \u201cEl Futuro de las Pymes\u201d de Dami\u00e1n Di Pace"},"content":{"rendered":"<p>La C\u00e1mara de Comercio y Servicios de San Juan, junto a Rock and Play, organizaron el encuentro \u201cEl Futuro de las Pymes\u201d, una jornada que convoc\u00f3 a empresarios, comerciantes y profesionales interesados en analizar el presente y las perspectivas del sector productivo. La actividad cont\u00f3 adem\u00e1s con el apoyo del Gobierno de San Juan y del Consejo Profesional de Ciencias Econ\u00f3micas.<\/p>\n<p>El evento tuvo como disertante principal al reconocido analista y economista Dami\u00e1n Di Pace, quien brind\u00f3 una exposici\u00f3n centrada en el contexto econ\u00f3mico actual y los desaf\u00edos que enfrentan las peque\u00f1as y medianas empresas en el pa\u00eds.<\/p>\n<p>Durante su presentaci\u00f3n, el economista Dami\u00e1n Di Pace abord\u00f3 la coyuntura econ\u00f3mica y destac\u00f3 el rol clave de las pymes como motor de la actividad productiva y generadoras de empleo. Tambi\u00e9n analiz\u00f3 las proyecciones para distintos sectores productivos, entre ellos la industria, el comercio minorista y dos actividades estrat\u00e9gicas para la provincia: la vitivinicultura y la miner\u00eda.<\/p>\n<p>La charla se desarroll\u00f3 a sala colmada y reuni\u00f3 a un p\u00fablico diverso, integrado por representantes de distintos sectores productivos, comerciantes, empresarios y profesionales. La amplia convocatoria reflej\u00f3 el inter\u00e9s que existe en la provincia por comprender las tendencias econ\u00f3micas y prepararse para los desaf\u00edos que enfrentar\u00e1n las pymes en los pr\u00f3ximos a\u00f1os.<\/p>\n<p>Desde la organizaci\u00f3n destacaron la importancia de generar estos espacios de reflexi\u00f3n y an\u00e1lisis, que permiten acercar informaci\u00f3n y herramientas a quienes forman parte del entramado productivo local.<\/p>\n<p>La actividad cont\u00f3 con el acompa\u00f1amiento del Gobierno de San Juan; el Ministerio de Producci\u00f3n, Trabajo e Innovaci\u00f3n y la Universidad Nacional de San Juan, entre otros auspiciantes.<\/p>\n<p>&nbsp;<\/p>\n<p><img loading=\"lazy\" decoding=\"async\" class=\"alignnone size-full wp-image-97612\" src=\"https:\/\/vocesparalelas.com.ar\/sitio\/wp-content\/uploads\/2026\/03\/Damian-02.jpg\" alt=\"\" width=\"800\" height=\"466\" srcset=\"https:\/\/vocesparalelas.com.ar\/sitio\/wp-content\/uploads\/2026\/03\/Damian-02.jpg 800w, https:\/\/vocesparalelas.com.ar\/sitio\/wp-content\/uploads\/2026\/03\/Damian-02-300x175.jpg 300w, https:\/\/vocesparalelas.com.ar\/sitio\/wp-content\/uploads\/2026\/03\/Damian-02-768x447.jpg 768w\" sizes=\"auto, (max-width: 800px) 100vw, 800px\" \/><\/p>\n<p>&nbsp;<\/p>\n","protected":false},"excerpt":{"rendered":"<p>La C\u00e1mara de Comercio y Servicios de San Juan, junto a Rock and Play, organizaron el encuentro \u201cEl Futuro de<\/p>\n","protected":false},"author":3,"featured_media":97611,"comment_status":"closed","ping_status":"closed","sticky":false,"template":"","format":"standard","meta":{"_acf_changed":false,"_seopress_robots_primary_cat":"none","_seopress_titles_title":"","_seopress_titles_desc":"","_seopress_robots_index":"","colormag_page_container_layout":"default_layout","colormag_page_sidebar_layout":"default_layout","footnotes":""},"categories":[1],"tags":[],"class_list":["post-97608","post","type-post","status-publish","format-standard","has-post-thumbnail","hentry","category-destacadas"],"acf":[],"_links":{"self":[{"href":"https:\/\/vocesparalelas.com.ar\/sitio\/wp-json\/wp\/v2\/posts\/97608","targetHints":{"allow":["GET"]}}],"collection":[{"href":"https:\/\/vocesparalelas.com.ar\/sitio\/wp-json\/wp\/v2\/posts"}],"about":[{"href":"https:\/\/vocesparalelas.com.ar\/sitio\/wp-json\/wp\/v2\/types\/post"}],"author":[{"embeddable":true,"href":"https:\/\/vocesparalelas.com.ar\/sitio\/wp-json\/wp\/v2\/users\/3"}],"replies":[{"embeddable":true,"href":"https:\/\/vocesparalelas.com.ar\/sitio\/wp-json\/wp\/v2\/comments?post=97608"}],"version-history":[{"count":1,"href":"https:\/\/vocesparalelas.com.ar\/sitio\/wp-json\/wp\/v2\/posts\/97608\/revisions"}],"predecessor-version":[{"id":97613,"href":"https:\/\/vocesparalelas.com.ar\/sitio\/wp-json\/wp\/v2\/posts\/97608\/revisions\/97613"}],"wp:featuredmedia":[{"embeddable":true,"href":"https:\/\/vocesparalelas.com.ar\/sitio\/wp-json\/wp\/v2\/media\/97611"}],"wp:attachment":[{"href":"https:\/\/vocesparalelas.com.ar\/sitio\/wp-json\/wp\/v2\/media?parent=97608"}],"wp:term":[{"taxonomy":"category","embeddable":true,"href":"https:\/\/vocesparalelas.com.ar\/sitio\/wp-json\/wp\/v2\/categories?post=97608"},{"taxonomy":"post_tag","embeddable":true,"href":"https:\/\/vocesparalelas.com.ar\/sitio\/wp-json\/wp\/v2\/tags?post=97608"}],"curies":[{"name":"wp","href":"https:\/\/api.w.org\/{rel}","templated":true}]}}