{"id":97602,"date":"2026-03-11T09:59:08","date_gmt":"2026-03-11T12:59:08","guid":{"rendered":"https:\/\/vocesparalelas.com.ar\/sitio\/?p=97602"},"modified":"2026-03-12T22:47:31","modified_gmt":"2026-03-13T01:47:31","slug":"reapertura-del-sistema-de-licencias-medicas-online-de-san-juan","status":"publish","type":"post","link":"https:\/\/vocesparalelas.com.ar\/sitio\/reapertura-del-sistema-de-licencias-medicas-online-de-san-juan\/","title":{"rendered":"Reapertura del sistema de licencias m\u00e9dicas online de San Juan"},"content":{"rendered":"<p>La Direcci\u00f3n de Control y Reconocimientos M\u00e9dicos, dependiente del Ministerio de Salud del Gobierno de San Juan, comunica a la poblaci\u00f3n que desde el Lunes. 9 de Marzo se encuentra nuevamente en funcionamiento el sistema de presentaci\u00f3n de licencias m\u00e9dicas de manera online.<\/p>\n<p><span style=\"color: #ff0000;\"><strong>El tr\u00e1mite puede realizarse a trav\u00e9s del siguiente enlace:<\/strong><\/span><\/p>\n<p><a href=\"https:\/\/gedoc.sanjuan.gob.ar\/GeDoc\/DCRM\/SolicitudDeCartaMedica\">https:\/\/gedoc.sanjuan.gob.ar\/GeDoc\/DCRM\/SolicitudDeCartaMedica<\/a><\/p>\n<p>Este servicio est\u00e1 disponible los 365 d\u00edas del a\u00f1o, incluyendo feriados y fines de semana, con el objetivo de brindar mayor comodidad y accesibilidad a los ciudadanos.<\/p>\n<p>Asimismo, se recuerda que contin\u00faa vigente el sistema presencial para la gesti\u00f3n de licencias m\u00e9dicas, en calle Agust\u00edn Gnecco 360 Sur, entre Avenida Jos\u00e9 Ignacio de la Roza y C\u00f3rdoba. El horario de atenci\u00f3n es de 7:30 a 13:30 horas, exclusivamente.<\/p>\n<p>Por otra parte, se informa que el correo electr\u00f3nico institucional est\u00e1 habilitado \u00fanicamente para la realizaci\u00f3n de consultas y no se encuentra validado para la presentaci\u00f3n de licencias m\u00e9dicas.<\/p>\n<p style=\"text-align: right;\">Direcci\u00f3n de Control y Reconocimientos M\u00e9dicos<br \/>\nMinisterio de Salud de la Provincia<\/p>\n<p>&nbsp;<\/p>\n<p><img loading=\"lazy\" decoding=\"async\" class=\"alignnone size-full wp-image-65642\" src=\"https:\/\/vocesparalelas.com.ar\/sitio\/wp-content\/uploads\/2023\/11\/GOBIERNO-SAN-JUAN.jpg\" alt=\"\" width=\"800\" height=\"600\" srcset=\"https:\/\/vocesparalelas.com.ar\/sitio\/wp-content\/uploads\/2023\/11\/GOBIERNO-SAN-JUAN.jpg 800w, https:\/\/vocesparalelas.com.ar\/sitio\/wp-content\/uploads\/2023\/11\/GOBIERNO-SAN-JUAN-300x225.jpg 300w, https:\/\/vocesparalelas.com.ar\/sitio\/wp-content\/uploads\/2023\/11\/GOBIERNO-SAN-JUAN-768x576.jpg 768w\" sizes=\"auto, (max-width: 800px) 100vw, 800px\" \/><\/p>\n","protected":false},"excerpt":{"rendered":"<p>La Direcci\u00f3n de Control y Reconocimientos M\u00e9dicos, dependiente del Ministerio de Salud del Gobierno de San Juan, comunica a la<\/p>\n","protected":false},"author":3,"featured_media":27237,"comment_status":"closed","ping_status":"closed","sticky":false,"template":"","format":"standard","meta":{"_acf_changed":false,"_seopress_robots_primary_cat":"none","_seopress_titles_title":"","_seopress_titles_desc":"","_seopress_robots_index":"","colormag_page_container_layout":"default_layout","colormag_page_sidebar_layout":"default_layout","footnotes":""},"categories":[5],"tags":[],"class_list":["post-97602","post","type-post","status-publish","format-standard","has-post-thumbnail","hentry","category-ofrecimientos"],"acf":[],"_links":{"self":[{"href":"https:\/\/vocesparalelas.com.ar\/sitio\/wp-json\/wp\/v2\/posts\/97602","targetHints":{"allow":["GET"]}}],"collection":[{"href":"https:\/\/vocesparalelas.com.ar\/sitio\/wp-json\/wp\/v2\/posts"}],"about":[{"href":"https:\/\/vocesparalelas.com.ar\/sitio\/wp-json\/wp\/v2\/types\/post"}],"author":[{"embeddable":true,"href":"https:\/\/vocesparalelas.com.ar\/sitio\/wp-json\/wp\/v2\/users\/3"}],"replies":[{"embeddable":true,"href":"https:\/\/vocesparalelas.com.ar\/sitio\/wp-json\/wp\/v2\/comments?post=97602"}],"version-history":[{"count":3,"href":"https:\/\/vocesparalelas.com.ar\/sitio\/wp-json\/wp\/v2\/posts\/97602\/revisions"}],"predecessor-version":[{"id":97607,"href":"https:\/\/vocesparalelas.com.ar\/sitio\/wp-json\/wp\/v2\/posts\/97602\/revisions\/97607"}],"wp:featuredmedia":[{"embeddable":true,"href":"https:\/\/vocesparalelas.com.ar\/sitio\/wp-json\/wp\/v2\/media\/27237"}],"wp:attachment":[{"href":"https:\/\/vocesparalelas.com.ar\/sitio\/wp-json\/wp\/v2\/media?parent=97602"}],"wp:term":[{"taxonomy":"category","embeddable":true,"href":"https:\/\/vocesparalelas.com.ar\/sitio\/wp-json\/wp\/v2\/categories?post=97602"},{"taxonomy":"post_tag","embeddable":true,"href":"https:\/\/vocesparalelas.com.ar\/sitio\/wp-json\/wp\/v2\/tags?post=97602"}],"curies":[{"name":"wp","href":"https:\/\/api.w.org\/{rel}","templated":true}]}}