{"id":97598,"date":"2026-03-11T09:42:42","date_gmt":"2026-03-11T12:42:42","guid":{"rendered":"https:\/\/vocesparalelas.com.ar\/sitio\/?p=97598"},"modified":"2026-03-13T00:16:30","modified_gmt":"2026-03-13T03:16:30","slug":"el-desafio-de-la-espiritualidad-y-permanecer-unidos-a-cristo","status":"publish","type":"post","link":"https:\/\/vocesparalelas.com.ar\/sitio\/el-desafio-de-la-espiritualidad-y-permanecer-unidos-a-cristo\/","title":{"rendered":"El desaf\u00edo de la Espiritualidad y permanecer Unidos a Cristo"},"content":{"rendered":"<p>Por el Arzobispo de San Juan de Cuyo, Monse\u00f1or Jorge Lozano<\/p>\n<p>Lema:\u00a0\u00abCaminemos juntos la Cuaresma\u201d<\/p>\n<ul>\n<li>O\u00eddos atentos: \u00abEscucha activa\u00bb que propone el desaf\u00edo del S\u00ednodo.<\/li>\n<li>Coraz\u00f3n en Dios: Resume la Espiritualidad como \u00abestar con Vos\u00bb y la amistad con Jes\u00fas.<\/li>\n<li>Manos abiertas a los hermanos<strong>:<\/strong> Traduce la Misi\u00f3n y el servicio concreto del lavatorio de pies.<\/li>\n<\/ul>\n<p><span style=\"color: #ff6600;\"><strong>Cuarta Meditaci\u00f3n para la Cuaresma 2026<\/strong><\/span><\/p>\n<p><span style=\"color: #ff6600;\"><strong>El desaf\u00edo de la Espiritualidad<\/strong><\/span><\/p>\n<p>Permanecer Unidos a Cristo: Espiritualidad y Belleza en el Camino Cuaresmal<\/p>\n<p><span style=\"color: #ff6600;\"><strong>Introducci\u00f3n: Permanecer Unidos a Cristo<\/strong><\/span><\/p>\n<p>En esta cuarta meditaci\u00f3n de Cuaresma, te invito a volver el coraz\u00f3n a lo esencial: la uni\u00f3n vital con Jesucristo. Caminar hacia la Pascua es, ante todo, dejarnos encontrar por \u00c9l y fortalecer ese v\u00ednculo que nos da vida, alienta en la esperanza y carga de sentido nuestra existencia. La Cuaresma es tiempo de volver a las ra\u00edces de nuestra fe, de redescubrir la fuerza de la comuni\u00f3n y la belleza de un coraz\u00f3n unido al Se\u00f1or.<\/p>\n<p><strong><span style=\"color: #ff6600;\">Texto B\u00edblico: Juan 15, 4-5<\/span><\/strong><\/p>\n<p>El texto evang\u00e9lico que se eligi\u00f3 como iluminaci\u00f3n para el desaf\u00edo de la Espiritualidad es el de la alegor\u00eda que utiliza Jes\u00fas sobre la vid y los sarmientos.<\/p>\n<p><em>\u00a0\u201cPermanezcan en m\u00ed, como yo en ustedes. As\u00ed como el sarmiento no puede dar fruto por s\u00ed mismo si no permanece en la vid, tampoco ustedes si no permanecen en m\u00ed. Yo soy la vid, ustedes los sarmientos. El que permanece en m\u00ed y yo en \u00e9l, da mucho fruto, porque separados de m\u00ed no pueden hacer nada\u201d.<\/em><\/p>\n<p>Jes\u00fas utiliza esta imagen para hablarnos de la vida en comuni\u00f3n. As\u00ed como el sarmiento recibe la savia de la vid y sin ella no puede subsistir, nuestra vida espiritual solo florece si permanecemos en Cristo. Los vi\u00f1edos de San Juan nos invitan a descubrir que la uni\u00f3n con Jes\u00fas es fuente de fecundidad, alegr\u00eda y verdadera libertad. Alejados de \u00c9l, la vida se marchita; en \u00c9l, todo florece.<\/p>\n<p>La fe cristiana es mucho m\u00e1s que una filosof\u00eda de vida o la adhesi\u00f3n a un c\u00f3digo \u00e9tico. Se comienza a ser cristiano \u201cpor el encuentro con un acontecimiento, con una Persona, que da un nuevo horizonte a la vida y, con ello, una orientaci\u00f3n decisiva\u201d (DCE 1).<\/p>\n<p>Muchos de nosotros hemos ido a la catequesis siendo ni\u00f1os y adolescentes, nos hemos enterado de cosas de Jes\u00fas y conocido partes de la Biblia; pero no siempre hemos adherido a \u00c9l de todo coraz\u00f3n, o tal vez lo hicimos de modo<\/p>\n<p>intermitente. La primera carta de San Juan nos da una clave precisa: \u201cNosotros hemos conocido el amor que Dios nos tiene y hemos cre\u00eddo en \u00e9l\u201d (I Juan 4, 16). Reci\u00e9n al reconocernos amados, amamos. No es una elecci\u00f3n de una fe entre otras, sino una respuesta de amor al amor.<\/p>\n<p>Lo dice Jes\u00fas a sus disc\u00edpulos en la \u00daltima Cena, como consecuencia de la alegor\u00eda de la vid y los sarmientos: \u201cno me eligieron ustedes a m\u00ed, sino que yo los eleg\u00ed a ustedes\u201d (Juan 15, 16). La iniciativa siempre es de Jes\u00fas.<\/p>\n<p><span style=\"color: #ff6600;\"><strong>Espiritualidad de Comuni\u00f3n: hermanos, no rivales<\/strong><\/span><\/p>\n<p>La uni\u00f3n con Cristo nos lleva naturalmente a la comuni\u00f3n entre nosotros. Somos parte de una misma vid, llamados a crecer juntos, no a competir. La espiritualidad de comuni\u00f3n implica reconocernos hermanos, compartir la fe, las cargas y las alegr\u00edas. En la Iglesia aprendemos a mirar al otro con los ojos de Jes\u00fas, celebrando la diversidad como riqueza y nunca como amenaza.<\/p>\n<p>Este v\u00ednculo con Cristo no es una idea, sino un misterio que comienza en el Bautismo. All\u00ed, el Esp\u00edritu Santo nos injerta en el Cuerpo de Cristo y nos abre a la vida de la Trinidad. Vivir en comuni\u00f3n es reflejar ese amor trinitario: apertura, donaci\u00f3n, acogida. Por eso en la Vigilia Pascual renovaremos nuestras promesas bautismales, recordando este llamado a vivir desde la ra\u00edz profunda del amor de Dios.<\/p>\n<p><span style=\"color: #ff6600;\"><strong>Encuentro Concreto con Jesucristo en la Vida Cotidiana<\/strong><\/span><\/p>\n<p>Estamos unidos en Cristo no solo en el templo, sino en cada momento del d\u00eda. \u00c9l se hace presente en lo sencillo: la familia, el trabajo, el descanso, el dolor. Cada encuentro puede ser cauce de comuni\u00f3n si lo vivimos con conciencia y apertura. Jes\u00fas nos espera en los gestos concretos, en el rostro del otro, en la escucha, en la generosidad, en la paciencia.<\/p>\n<p>Permanecer en Cristo requiere nutrirnos de la oraci\u00f3n silenciosa y confiada, de la Palabra que ilumina y gu\u00eda, de los sacramentos que sanan y fortalecen, y del caminar juntos como pueblo peregrino. La oraci\u00f3n diaria es el ox\u00edgeno del alma; la Palabra, la br\u00fajula; la Eucarist\u00eda, el alimento que nos sostiene en el camino.<\/p>\n<p>A su vez, nos impulsa a encarnar la fe en obras concretas. No hay aut\u00e9ntica vida espiritual sin compromiso con los m\u00e1s peque\u00f1os, los que sufren, los excluidos. Nuestra oraci\u00f3n se vuelve fecunda cuando nos mueve a la misericordia, al servicio gratuito, al abrazo al que est\u00e1 solo o necesitado.<\/p>\n<p>Es posible y necesario unir contemplaci\u00f3n y acci\u00f3n. Ser cristiano es orar y trabajar, amar a Dios y al pr\u00f3jimo sin separaciones. Nuestra vida se transforma y transforma el entorno cuando vivimos este equilibrio: recogimiento interior y manos abiertas. En la oraci\u00f3n descubrimos la fuerza para servir; en el servicio, hallamos a Cristo vivo.<\/p>\n<p><iframe loading=\"lazy\" title=\"SAN JUAN MONSE\u00d1OR JORGE LOZANO \" width=\"800\" height=\"450\" src=\"https:\/\/www.youtube.com\/embed\/l2GD2w7FtLo?feature=oembed\" frameborder=\"0\" allow=\"accelerometer; autoplay; clipboard-write; encrypted-media; gyroscope; picture-in-picture; web-share\" referrerpolicy=\"strict-origin-when-cross-origin\" allowfullscreen><\/iframe><\/p>\n<p>&nbsp;<\/p>\n<p><img loading=\"lazy\" decoding=\"async\" class=\"alignnone size-full wp-image-61416\" src=\"https:\/\/vocesparalelas.com.ar\/sitio\/wp-content\/uploads\/2023\/07\/ARZOBISPADO-EDIFICIO.jpg\" alt=\"\" width=\"800\" height=\"600\" srcset=\"https:\/\/vocesparalelas.com.ar\/sitio\/wp-content\/uploads\/2023\/07\/ARZOBISPADO-EDIFICIO.jpg 800w, https:\/\/vocesparalelas.com.ar\/sitio\/wp-content\/uploads\/2023\/07\/ARZOBISPADO-EDIFICIO-300x225.jpg 300w, https:\/\/vocesparalelas.com.ar\/sitio\/wp-content\/uploads\/2023\/07\/ARZOBISPADO-EDIFICIO-768x576.jpg 768w\" sizes=\"auto, (max-width: 800px) 100vw, 800px\" \/><\/p>\n","protected":false},"excerpt":{"rendered":"<p>Por el Arzobispo de San Juan de Cuyo, Monse\u00f1or Jorge Lozano Lema:\u00a0\u00abCaminemos juntos la Cuaresma\u201d O\u00eddos atentos: \u00abEscucha activa\u00bb que<\/p>\n","protected":false},"author":3,"featured_media":96814,"comment_status":"closed","ping_status":"closed","sticky":false,"template":"","format":"standard","meta":{"_acf_changed":false,"_seopress_robots_primary_cat":"none","_seopress_titles_title":"","_seopress_titles_desc":"","_seopress_robots_index":"","colormag_page_container_layout":"default_layout","colormag_page_sidebar_layout":"default_layout","footnotes":""},"categories":[10,7],"tags":[],"class_list":["post-97598","post","type-post","status-publish","format-standard","has-post-thumbnail","hentry","category-opiniones","category-videos"],"acf":[],"_links":{"self":[{"href":"https:\/\/vocesparalelas.com.ar\/sitio\/wp-json\/wp\/v2\/posts\/97598","targetHints":{"allow":["GET"]}}],"collection":[{"href":"https:\/\/vocesparalelas.com.ar\/sitio\/wp-json\/wp\/v2\/posts"}],"about":[{"href":"https:\/\/vocesparalelas.com.ar\/sitio\/wp-json\/wp\/v2\/types\/post"}],"author":[{"embeddable":true,"href":"https:\/\/vocesparalelas.com.ar\/sitio\/wp-json\/wp\/v2\/users\/3"}],"replies":[{"embeddable":true,"href":"https:\/\/vocesparalelas.com.ar\/sitio\/wp-json\/wp\/v2\/comments?post=97598"}],"version-history":[{"count":1,"href":"https:\/\/vocesparalelas.com.ar\/sitio\/wp-json\/wp\/v2\/posts\/97598\/revisions"}],"predecessor-version":[{"id":97601,"href":"https:\/\/vocesparalelas.com.ar\/sitio\/wp-json\/wp\/v2\/posts\/97598\/revisions\/97601"}],"wp:featuredmedia":[{"embeddable":true,"href":"https:\/\/vocesparalelas.com.ar\/sitio\/wp-json\/wp\/v2\/media\/96814"}],"wp:attachment":[{"href":"https:\/\/vocesparalelas.com.ar\/sitio\/wp-json\/wp\/v2\/media?parent=97598"}],"wp:term":[{"taxonomy":"category","embeddable":true,"href":"https:\/\/vocesparalelas.com.ar\/sitio\/wp-json\/wp\/v2\/categories?post=97598"},{"taxonomy":"post_tag","embeddable":true,"href":"https:\/\/vocesparalelas.com.ar\/sitio\/wp-json\/wp\/v2\/tags?post=97598"}],"curies":[{"name":"wp","href":"https:\/\/api.w.org\/{rel}","templated":true}]}}