{"id":97590,"date":"2026-03-10T18:17:53","date_gmt":"2026-03-10T21:17:53","guid":{"rendered":"https:\/\/vocesparalelas.com.ar\/sitio\/?p=97590"},"modified":"2026-03-10T22:19:06","modified_gmt":"2026-03-11T01:19:06","slug":"marcha-8m-donde-se-encontraron-mujeres-guerreras-y-luchadoras-en-san-juan","status":"publish","type":"post","link":"https:\/\/vocesparalelas.com.ar\/sitio\/marcha-8m-donde-se-encontraron-mujeres-guerreras-y-luchadoras-en-san-juan\/","title":{"rendered":"Marcha 8M donde se encontraron mujeres guerreras y luchadoras en San Juan"},"content":{"rendered":"<p>En San Juan, el Lunes, 9 de Marzo se desarroll\u00f3 la Marcha 8M donde se encontraron mujeres de distintos estamentos que unieron sus fuerzas para conmemorar a las mujeres guerreras y luchadoras.<\/p>\n<p><iframe loading=\"lazy\" title=\"SAN JUAN 8M 2026\" width=\"563\" height=\"1000\" src=\"https:\/\/www.youtube.com\/embed\/Yr-rOUIklm4?feature=oembed\" frameborder=\"0\" allow=\"accelerometer; autoplay; clipboard-write; encrypted-media; gyroscope; picture-in-picture; web-share\" referrerpolicy=\"strict-origin-when-cross-origin\" allowfullscreen><\/iframe><\/p>\n<p>Una jornada de memoria, de lucha y de organizaci\u00f3n colectiva. Recuerda las hist\u00f3ricas luchas de las mujeres trabajadoras que se levantaron contra la explotaci\u00f3n, reclamaron igualdad de derechos y alcanzaron mejoras laborales que hoy forman parte de las conquistas sociales.<\/p>\n<p><iframe loading=\"lazy\" title=\"SAN JUAN 8 M 2026\" width=\"563\" height=\"1000\" src=\"https:\/\/www.youtube.com\/embed\/Qkob5E6LG4Y?feature=oembed\" frameborder=\"0\" allow=\"accelerometer; autoplay; clipboard-write; encrypted-media; gyroscope; picture-in-picture; web-share\" referrerpolicy=\"strict-origin-when-cross-origin\" allowfullscreen><\/iframe><\/p>\n<p>En la educaci\u00f3n p\u00fablica, esta fecha tiene un significado profundo. La docencia es un trabajo sostenido mayoritariamente por mujeres que, todos los d\u00edas, con responsabilidad y compromiso, sostienen la escuela p\u00fablica defendiendo el derecho social a la educaci\u00f3n.<\/p>\n<p><iframe loading=\"lazy\" title=\"SAN JUAN 8M 2026\" width=\"563\" height=\"1000\" src=\"https:\/\/www.youtube.com\/embed\/bvJhIJt0oig?feature=oembed\" frameborder=\"0\" allow=\"accelerometer; autoplay; clipboard-write; encrypted-media; gyroscope; picture-in-picture; web-share\" referrerpolicy=\"strict-origin-when-cross-origin\" allowfullscreen><\/iframe><\/p>\n<p>Los docentes de las provincias est\u00e1n atravesando un conflicto salarial que no alcanzan, pago de sumas en negro, discriminaci\u00f3n hacia jubilados y pol\u00edticas como el presentismo que extorsionan y castigan a quienes sostenemos las instituciones Educativas.<\/p>\n<p><img loading=\"lazy\" decoding=\"async\" class=\"alignnone size-large wp-image-97594\" src=\"https:\/\/vocesparalelas.com.ar\/sitio\/wp-content\/uploads\/2026\/03\/SAN-JUAN-8M-2026-02-653x800.jpg\" alt=\"\" width=\"653\" height=\"800\" srcset=\"https:\/\/vocesparalelas.com.ar\/sitio\/wp-content\/uploads\/2026\/03\/SAN-JUAN-8M-2026-02-653x800.jpg 653w, https:\/\/vocesparalelas.com.ar\/sitio\/wp-content\/uploads\/2026\/03\/SAN-JUAN-8M-2026-02-245x300.jpg 245w, https:\/\/vocesparalelas.com.ar\/sitio\/wp-content\/uploads\/2026\/03\/SAN-JUAN-8M-2026-02-768x941.jpg 768w, https:\/\/vocesparalelas.com.ar\/sitio\/wp-content\/uploads\/2026\/03\/SAN-JUAN-8M-2026-02.jpg 800w\" sizes=\"auto, (max-width: 653px) 100vw, 653px\" \/><\/p>\n<p>&nbsp;<\/p>\n<p><iframe loading=\"lazy\" title=\"SAN JUAN 8M 2026\" width=\"563\" height=\"1000\" src=\"https:\/\/www.youtube.com\/embed\/bvJhIJt0oig?feature=oembed\" frameborder=\"0\" allow=\"accelerometer; autoplay; clipboard-write; encrypted-media; gyroscope; picture-in-picture; web-share\" referrerpolicy=\"strict-origin-when-cross-origin\" allowfullscreen><\/iframe><\/p>\n","protected":false},"excerpt":{"rendered":"<p>En San Juan, el Lunes, 9 de Marzo se desarroll\u00f3 la Marcha 8M donde se encontraron mujeres de distintos estamentos<\/p>\n","protected":false},"author":3,"featured_media":97593,"comment_status":"closed","ping_status":"closed","sticky":false,"template":"","format":"standard","meta":{"_acf_changed":false,"_seopress_robots_primary_cat":"none","_seopress_titles_title":"","_seopress_titles_desc":"","_seopress_robots_index":"","colormag_page_container_layout":"default_layout","colormag_page_sidebar_layout":"default_layout","footnotes":""},"categories":[1,7],"tags":[],"class_list":["post-97590","post","type-post","status-publish","format-standard","has-post-thumbnail","hentry","category-destacadas","category-videos"],"acf":[],"_links":{"self":[{"href":"https:\/\/vocesparalelas.com.ar\/sitio\/wp-json\/wp\/v2\/posts\/97590","targetHints":{"allow":["GET"]}}],"collection":[{"href":"https:\/\/vocesparalelas.com.ar\/sitio\/wp-json\/wp\/v2\/posts"}],"about":[{"href":"https:\/\/vocesparalelas.com.ar\/sitio\/wp-json\/wp\/v2\/types\/post"}],"author":[{"embeddable":true,"href":"https:\/\/vocesparalelas.com.ar\/sitio\/wp-json\/wp\/v2\/users\/3"}],"replies":[{"embeddable":true,"href":"https:\/\/vocesparalelas.com.ar\/sitio\/wp-json\/wp\/v2\/comments?post=97590"}],"version-history":[{"count":3,"href":"https:\/\/vocesparalelas.com.ar\/sitio\/wp-json\/wp\/v2\/posts\/97590\/revisions"}],"predecessor-version":[{"id":97597,"href":"https:\/\/vocesparalelas.com.ar\/sitio\/wp-json\/wp\/v2\/posts\/97590\/revisions\/97597"}],"wp:featuredmedia":[{"embeddable":true,"href":"https:\/\/vocesparalelas.com.ar\/sitio\/wp-json\/wp\/v2\/media\/97593"}],"wp:attachment":[{"href":"https:\/\/vocesparalelas.com.ar\/sitio\/wp-json\/wp\/v2\/media?parent=97590"}],"wp:term":[{"taxonomy":"category","embeddable":true,"href":"https:\/\/vocesparalelas.com.ar\/sitio\/wp-json\/wp\/v2\/categories?post=97590"},{"taxonomy":"post_tag","embeddable":true,"href":"https:\/\/vocesparalelas.com.ar\/sitio\/wp-json\/wp\/v2\/tags?post=97590"}],"curies":[{"name":"wp","href":"https:\/\/api.w.org\/{rel}","templated":true}]}}