{"id":97581,"date":"2026-03-10T21:22:15","date_gmt":"2026-03-11T00:22:15","guid":{"rendered":"https:\/\/vocesparalelas.com.ar\/sitio\/?p=97581"},"modified":"2026-03-11T21:48:59","modified_gmt":"2026-03-12T00:48:59","slug":"los-gremios-docentes-de-san-juan-uda-amet-y-udap-invitan-a-la-marcha-de-antorchas","status":"publish","type":"post","link":"https:\/\/vocesparalelas.com.ar\/sitio\/los-gremios-docentes-de-san-juan-uda-amet-y-udap-invitan-a-la-marcha-de-antorchas\/","title":{"rendered":"Los Gremios Docentes de San Juan UDA, AMET y UDAP invitan a la Marcha de Antorchas"},"content":{"rendered":"<p>En conferencia de prensa los Gremios Docentes de San Juan UDA, AMET y UDAP dejan sin efecto el Paro por 48 \u00a0hs. y remplazan con una Marcha de Antorchas el Mi\u00e9rcoles, 11 de Marzo, a las 20 hs. frente a la Catedral.<\/p>\n<p><iframe loading=\"lazy\" title=\"SAN JUAN UDA MARCHA DOCENTE DE ANTORCHAS\" width=\"563\" height=\"1000\" src=\"https:\/\/www.youtube.com\/embed\/tK7GABvjRuE?feature=oembed\" frameborder=\"0\" allow=\"accelerometer; autoplay; clipboard-write; encrypted-media; gyroscope; picture-in-picture; web-share\" referrerpolicy=\"strict-origin-when-cross-origin\" allowfullscreen><\/iframe><\/p>\n<article class=\"article-body article-body--second-paragraph\">En este contexto, la secretaria general de UDAP, Lic. Patricia Quiroga destac\u00f3 que \u00abla medida de fuerza por 48 horas queda sin efecto en solidaridad con los docentes que deber\u00edan cubrir el 75% de asistencia obligatoria no se realizar\u00e1 para no sobrecargar al personal restante\u201d.\u00bbAdem\u00e1s, la Subsecretar\u00eda de Trabajo envi\u00f3 una notificaci\u00f3n a los sindicatos docentes sobre la obligaci\u00f3n de garantizar un presentismo m\u00ednimo del 75% durante cualquier medida de fuerza. Este deber est\u00e1 previsto en el art\u00edculo 24 de la Ley 25.877, es decir,\u00a0la reforma laboral que sancion\u00f3 el Congreso de la Naci\u00f3n, proyecto que envi\u00f3 el presidente Economista Javier Milei\u00bb.Seguidamente, la secretaria general de UDA, Lic. Karina Navarro recalc\u00f3 que \u00abla indiferencia por parte del gobernador hacia el conflicto docente. Existe una persecuci\u00f3n al sector. Levantamos la medida, pero esto no significa que el conflicto termine\u201d.<\/p>\n<p>A su tiempo, el secretario adjunto de AMET, Prof. Adri\u00e1n Ruiz puntualiz\u00f3 que \u00abla ley que aplic\u00f3 la Subsecretar\u00eda de Trabajo deber\u00eda contemplar un plazo de cinco d\u00edas para su aplicaci\u00f3n, plazo que no se cumpli\u00f3. El Gobierno prev\u00e9 descontar los d\u00edas de paro\u00bb.<\/p>\n<p>Es importante recordar que los docentes levantan la huelga programada pero se mantienen la protesta mediante la movilizaci\u00f3n y dejan abierta la expectativa sobre la continuidad de las negociaciones salariales con el Gobierno de San Juan.<\/p>\n<\/article>\n<article class=\"article-body article-body--fourth-paragraph\">\n<article class=\"article-body article-body--third-paragraph\"><strong><span style=\"color: #ff6600;\">Situaci\u00f3n Real<\/span><\/strong>El Martes, 10 de Marzo fue el d\u00eda de encuentro entre el Gobierno de San Juan y los Gremios docentes UDA, AMET y UDAP ya que la reuni\u00f3n paritaria pas\u00f3 a cuarto intermedio.No se realiz\u00f3 y la Secretaria General de UDA, Lic. Karina Navarro entreg\u00f3 una propuesta por escrito al \u00faltimo ofrecimiento salarial presentado por el Gobierno de San Juan, que fue recibida por el Ejecutivo provincial.Esta sesi\u00f3n fue presidida por los ministros de Econom\u00eda, Finanzas y Hacienda, CPN Roberto Guti\u00e9rrez; y de Educaci\u00f3n, Lic. Silvia Fuentes.<\/p>\n<p>Ante esta situaci\u00f3n,\u00a0 el Gobierno de San Juan convoc\u00f3 a una nueva reuni\u00f3n paritaria para el Jueves, 12 de Marzo a las 14 horas.<\/p>\n<\/article>\n<p><img loading=\"lazy\" decoding=\"async\" class=\"alignnone size-full wp-image-65642\" src=\"https:\/\/vocesparalelas.com.ar\/sitio\/wp-content\/uploads\/2023\/11\/GOBIERNO-SAN-JUAN.jpg\" alt=\"\" width=\"800\" height=\"600\" srcset=\"https:\/\/vocesparalelas.com.ar\/sitio\/wp-content\/uploads\/2023\/11\/GOBIERNO-SAN-JUAN.jpg 800w, https:\/\/vocesparalelas.com.ar\/sitio\/wp-content\/uploads\/2023\/11\/GOBIERNO-SAN-JUAN-300x225.jpg 300w, https:\/\/vocesparalelas.com.ar\/sitio\/wp-content\/uploads\/2023\/11\/GOBIERNO-SAN-JUAN-768x576.jpg 768w\" sizes=\"auto, (max-width: 800px) 100vw, 800px\" \/><\/p>\n<\/article>\n","protected":false},"excerpt":{"rendered":"<p>En conferencia de prensa los Gremios Docentes de San Juan UDA, AMET y UDAP dejan sin efecto el Paro por<\/p>\n","protected":false},"author":3,"featured_media":97584,"comment_status":"closed","ping_status":"closed","sticky":false,"template":"","format":"standard","meta":{"_acf_changed":false,"_seopress_robots_primary_cat":"none","_seopress_titles_title":"","_seopress_titles_desc":"","_seopress_robots_index":"","colormag_page_container_layout":"default_layout","colormag_page_sidebar_layout":"default_layout","footnotes":""},"categories":[1,7],"tags":[],"class_list":["post-97581","post","type-post","status-publish","format-standard","has-post-thumbnail","hentry","category-destacadas","category-videos"],"acf":[],"_links":{"self":[{"href":"https:\/\/vocesparalelas.com.ar\/sitio\/wp-json\/wp\/v2\/posts\/97581","targetHints":{"allow":["GET"]}}],"collection":[{"href":"https:\/\/vocesparalelas.com.ar\/sitio\/wp-json\/wp\/v2\/posts"}],"about":[{"href":"https:\/\/vocesparalelas.com.ar\/sitio\/wp-json\/wp\/v2\/types\/post"}],"author":[{"embeddable":true,"href":"https:\/\/vocesparalelas.com.ar\/sitio\/wp-json\/wp\/v2\/users\/3"}],"replies":[{"embeddable":true,"href":"https:\/\/vocesparalelas.com.ar\/sitio\/wp-json\/wp\/v2\/comments?post=97581"}],"version-history":[{"count":6,"href":"https:\/\/vocesparalelas.com.ar\/sitio\/wp-json\/wp\/v2\/posts\/97581\/revisions"}],"predecessor-version":[{"id":97634,"href":"https:\/\/vocesparalelas.com.ar\/sitio\/wp-json\/wp\/v2\/posts\/97581\/revisions\/97634"}],"wp:featuredmedia":[{"embeddable":true,"href":"https:\/\/vocesparalelas.com.ar\/sitio\/wp-json\/wp\/v2\/media\/97584"}],"wp:attachment":[{"href":"https:\/\/vocesparalelas.com.ar\/sitio\/wp-json\/wp\/v2\/media?parent=97581"}],"wp:term":[{"taxonomy":"category","embeddable":true,"href":"https:\/\/vocesparalelas.com.ar\/sitio\/wp-json\/wp\/v2\/categories?post=97581"},{"taxonomy":"post_tag","embeddable":true,"href":"https:\/\/vocesparalelas.com.ar\/sitio\/wp-json\/wp\/v2\/tags?post=97581"}],"curies":[{"name":"wp","href":"https:\/\/api.w.org\/{rel}","templated":true}]}}